{"id":789761,"date":"2026-05-03T12:54:00","date_gmt":"2026-05-03T10:54:00","guid":{"rendered":"https:\/\/dailynewshungary.com\/it\/il-prossimo-ministro-della-salute-ungherese-chiede-le-dimissioni-del-ministro-della-cultura-per-lo-scandalo-dei-finanziamenti-culturali\/"},"modified":"2026-05-03T12:54:00","modified_gmt":"2026-05-03T10:54:00","slug":"il-prossimo-ministro-della-salute-ungherese-chiede-le-dimissioni-del-ministro-della-cultura-per-lo-scandalo-dei-finanziamenti-culturali","status":"publish","type":"post","link":"https:\/\/dailynewshungary.com\/it\/il-prossimo-ministro-della-salute-ungherese-chiede-le-dimissioni-del-ministro-della-cultura-per-lo-scandalo-dei-finanziamenti-culturali\/","title":{"rendered":"Il prossimo Ministro della Salute ungherese chiede le dimissioni del Ministro della Cultura per lo scandalo dei finanziamenti culturali"},"content":{"rendered":"<p><strong>Il prossimo Ministro della Salute Zsolt Heged\u0171s chiede al Ministro della Cultura Bal\u00e1zs Hank\u00f3 di dimettersi, citando preoccupazioni etiche e forti contrasti con il sistema sanitario in difficolt\u00e0.<\/strong><\/p>\n\n\n\n<h3 class=\"wp-block-heading\">Cresce la pressione politica sulla controversia NKA<\/h3>\n\n\n\n<p>Le tensioni politiche in Ungheria sono aumentate quando Zsolt Heged\u0171s, il prossimo Ministro della Salute legato al Partito Tisza, ha <a href=\"https:\/\/www.facebook.com\/61581057513433\/posts\/122134744353035250\/\" target=\"_blank\" rel=\"noopener\">chiesto pubblicamente<\/a> le dimissioni di Bal\u00e1zs Hank\u00f3 a causa di uno scandalo crescente sul Fondo Nazionale Culturale (NKA).<\/p>\n\n\n\n<p>In un post sui social media, Heged\u0171s ha criticato la recente intervista televisiva di Hank\u00f3, in cui il Ministro avrebbe descritto le decisioni controverse sui finanziamenti come questioni di &#8220;gusto culturale&#8221;. Heged\u0171s ha sostenuto che tali osservazioni sminuiscono le serie preoccupazioni sulla trasparenza e la responsabilit\u00e0 nell&#8217;assegnazione dei fondi pubblici.<\/p>\n\n\n\n<h3 class=\"wp-block-heading\">&#8220;Non \u00e8 una questione di gusto, ma di responsabilit\u00e0&#8221;.<\/h3>\n\n\n\n<p>Heged\u0171s ha sottolineato che Hank\u00f3 ha una responsabilit\u00e0 politica diretta per la NKA, essendo stato sia ministro che capo dell&#8217;organizzazione. Ha sottolineato che sono state assegnate somme considerevoli, che vanno da centinaia di milioni a miliardi di fiorini, in base a decisioni che hanno persino provocato le dimissioni dei membri degli organi direttivi del fondo.<\/p>\n\n\n\n<p>Secondo Heged\u0171s, la situazione non pu\u00f2 essere liquidata come un giudizio culturale soggettivo. Invece, l&#8217;ha inquadrata come una questione di responsabilit\u00e0 politica, affermando che un Ministro dovrebbe agire con decisione quando emergono delle irregolarit\u00e0, piuttosto che sviare le critiche.<\/p>\n\n\n\n<h3 class=\"wp-block-heading\">Le lotte per l&#8217;assistenza sanitaria approfondiscono le critiche<\/h3>\n\n\n\n<p>Un elemento centrale dell&#8217;argomentazione di Heged\u0171s \u00e8 lo stridente contrasto tra la spesa culturale e il sistema sanitario ungherese in difficolt\u00e0. Sebbene la sanit\u00e0 sia formalmente di competenza del Ministro degli Interni S\u00e1ndor Pint\u00e9r, Heged\u0171s ha notato che Hank\u00f3, in quanto membro del Governo e farmacista di formazione, sarebbe stato pienamente consapevole delle sfide sistemiche.<\/p>\n\n\n\n<p>Ha evidenziato problemi come i lunghi tempi di attesa, le richieste respinte per trattamenti salvavita e gli oneri che i pazienti devono affrontare per navigare nel sistema ungherese di approvazione dei farmaci &#8220;a equit\u00e0 individuale&#8221;. In questo contesto, ha descritto come &#8220;profondamente preoccupante&#8221; la distribuzione su larga scala di fondi culturali (alcuni dei quali, secondo quanto riferito, destinati a societ\u00e0 di recente costituzione o poco conosciute).<\/p>\n\n\n\n<h3 class=\"wp-block-heading\">Dimissioni e richieste di responsabilit\u00e0<\/h3>\n\n\n\n<p>La controversia ha gi\u00e0 scatenato un&#8217;ondata di dimissioni all&#8217;interno della leadership e delle strutture consultive della NKA. Tra le persone che si sono dimesse ci sono figure culturali di spicco, tra cui L\u00e1szl\u00f3 Ba\u00e1n, direttore generale del Museo di Belle Arti, e Mikl\u00f3s Both, capo della Casa delle Tradizioni. Anche Attila Vidny\u00e1nszky, direttore del Teatro Nazionale, si \u00e8 dimesso dal suo ruolo di comitato, ha <a href=\"https:\/\/index.hu\/kultur\/2026\/05\/03\/hanko-balazs-hegedus-zsolt-nka-botrany-nemzeti-kulturalis-alap-atv-reakcio\/\" target=\"_blank\" rel=\"noopener\">riferito Index<\/a>.<\/p>\n\n\n\n<p>In precedenza, Bal\u00e1zs B\u00fas si era gi\u00e0 dimesso dalla sua posizione all&#8217;interno della NKA prima che lo scandalo si sviluppasse completamente.<\/p>\n\n\n\n<p>I critici del settore culturale hanno espresso forti preoccupazioni. Il compositore Istv\u00e1n M\u00e1rta e Bal\u00e1zs Weyer, capo dell&#8217;Associazione Musica Ungheria, hanno entrambi suggerito che il problema va oltre le mancanze istituzionali, coinvolgendo direttamente il Ministro.<\/p>\n\n\n\n<h3 class=\"wp-block-heading\">Risposta del Governo e ulteriori indagini<\/h3>\n\n\n\n<p>Hank\u00f3 ha difeso il processo di finanziamento, insistendo sul fatto che le domande erano aperte e che le assegnazioni sono state fatte in conformit\u00e0 con i regolamenti. Ha anche sostenuto che il successo dei progetti finanziati sarebbe stato chiaro solo con il tempo.<\/p>\n\n\n\n<p>Nel frattempo, Zolt\u00e1n Tarr, Ministro della Cultura entrante allineato con l&#8217;opposizione, si \u00e8 impegnato a condurre un&#8217;indagine completa sulle operazioni della NKA, <a href=\"https:\/\/index.hu\/kultur\/2026\/05\/01\/tarr-zoltan-nka-vizsgalat-hanko-balazs-osztogatas-elszamoltatas-tisza-part-fidesz\/\" target=\"_blank\" rel=\"noopener\">promettendo<\/a> responsabilit\u00e0 e il ripristino dell&#8217;indipendenza del fondo.<\/p>\n\n\n\n<p>Una sessione straordinaria della commissione ha gi\u00e0 ordinato relazioni professionali e finanziarie intermedie da parte dei beneficiari dei principali programmi di finanziamento culturale per il periodo 2025-2026, segnalando che il controllo dei contributi probabilmente si intensificher\u00e0.<\/p>\n\n\n\n<blockquote class=\"wp-block-quote is-layout-flow wp-block-quote-is-layout-flow\">\n<p class=\"has-luminous-vivid-amber-to-luminous-vivid-orange-gradient-background has-background\"><strong>Cosa succeder\u00e0? <a href=\"https:\/\/dailynewshungary.com\/it\/gli-scandali-politici-in-ungheria-si-susseguono-tra-arresti-accuse-di-corruzione-e-dimissioni\/\/\">Gli scandali politici in Ungheria si moltiplicano con arresti, accuse di corruzione e dimissioni.<\/a><\/strong><\/p>\n<\/blockquote>\n\n\n\n<h3 class=\"wp-block-heading\">La &#8220;assenza di conseguenze&#8221; deve finire, dice Heged\u0171s<\/h3>\n\n\n\n<p>Heged\u0171s ha concluso le sue osservazioni chiedendo una responsabilit\u00e0 politica immediata. Ha affermato che in un &#8220;Paese normale&#8221;, un Ministro che si trova ad affrontare tali accuse si dimetterebbe entro 24 ore e rinuncerebbe al proprio mandato parlamentare.<\/p>\n\n\n\n<p>Ha anche avvertito che se venissero scoperte violazioni legali nell&#8217;allocazione dei fondi della NKA, le conseguenze dovrebbero estendersi oltre la politica, fino ai tribunali.<\/p>\n\n\n\n<p>&#8220;L&#8217;era di un&#8217;Ungheria senza conseguenze deve finire&#8221;, ha dichiarato.<\/p>\n\n\n\n<blockquote class=\"wp-block-quote is-layout-flow wp-block-quote-is-layout-flow\">\n<p class=\"has-luminous-vivid-amber-to-luminous-vivid-orange-gradient-background has-background\"><strong>Se se l&#8217;\u00e8 perso: <a href=\"https:\/\/dailynewshungary.com\/multinational-subsidies-in-hungary-review\/\">I sussidi alle multinazionali in Ungheria devono essere rivisti, dice il Ministro designato Kapit\u00e1ny<\/a><\/strong><\/p>\n<\/blockquote>\n","protected":false},"excerpt":{"rendered":"<p>Il prossimo Ministro della Salute Zsolt Heged\u0171s chiede al Ministro della Cultura Bal\u00e1zs Hank\u00f3 di dimettersi, citando preoccupazioni etiche e forti contrasti con il sistema sanitario in difficolt\u00e0. Cresce la pressione politica sulla controversia NKA Le tensioni politiche in Ungheria sono aumentate quando Zsolt Heged\u0171s, il prossimo Ministro della Salute legato al Partito Tisza, ha [&hellip;]<\/p>\n","protected":false},"author":62,"featured_media":789762,"comment_status":"open","ping_status":"open","sticky":false,"template":"","format":"standard","meta":{"_display_image":"","footnotes":""},"categories":[1185],"tags":[2504,2433,2557,2616,1079,2613,1113,1198,1069],"class_list":["post-789761","post","type-post","status-publish","format-standard","has-post-thumbnail","hentry","category-politica-in-ungheria","tag-categoria-politica-ungherese","tag-categoria-salute","tag-categoria-vita-in-ungheria","tag-governo-magiaro","tag-governo-ungherese","tag-partito-tisza","tag-salute","tag-sistema-sanitario","tag-ungheria"],"blocksy_meta":[],"author_username":"hmercedesz","telegram_post":"","public_post_metadata":{"breaking_news":"yes","important":"no","csempe":"yes","center_tile":"no","disable_thumbnail":"no","target_lang":"","_featured_image_style":"","telegram_post":"","_xlat_group_id":"be5736b7-0191-46ed-9ceb-58c965b577e4"},"public_rank_math_data":{"title":"%title% %sep% %sitename%","description":"","focus_keyword":"ministro","canonical_url":"","robots":"","primary_category":"1185","breadcrumb_title":"","facebook_title":"","facebook_description":"","facebook_image":"","facebook_image_id":"","twitter_title":"","twitter_description":"","twitter_image":"","twitter_image_id":"","twitter_card_type":"","twitter_use_facebook":"","advanced_robots":"","pillar_content":"","seo_score":"82","contentai_score":"","rich_snippet":""},"_links":{"self":[{"href":"https:\/\/dailynewshungary.com\/it\/wp-json\/wp\/v2\/posts\/789761","targetHints":{"allow":["GET"]}}],"collection":[{"href":"https:\/\/dailynewshungary.com\/it\/wp-json\/wp\/v2\/posts"}],"about":[{"href":"https:\/\/dailynewshungary.com\/it\/wp-json\/wp\/v2\/types\/post"}],"author":[{"embeddable":true,"href":"https:\/\/dailynewshungary.com\/it\/wp-json\/wp\/v2\/users\/62"}],"replies":[{"embeddable":true,"href":"https:\/\/dailynewshungary.com\/it\/wp-json\/wp\/v2\/comments?post=789761"}],"version-history":[{"count":0,"href":"https:\/\/dailynewshungary.com\/it\/wp-json\/wp\/v2\/posts\/789761\/revisions"}],"wp:featuredmedia":[{"embeddable":true,"href":"https:\/\/dailynewshungary.com\/it\/wp-json\/wp\/v2\/media\/789762"}],"wp:attachment":[{"href":"https:\/\/dailynewshungary.com\/it\/wp-json\/wp\/v2\/media?parent=789761"}],"wp:term":[{"taxonomy":"category","embeddable":true,"href":"https:\/\/dailynewshungary.com\/it\/wp-json\/wp\/v2\/categories?post=789761"},{"taxonomy":"post_tag","embeddable":true,"href":"https:\/\/dailynewshungary.com\/it\/wp-json\/wp\/v2\/tags?post=789761"}],"curies":[{"name":"wp","href":"https:\/\/api.w.org\/{rel}","templated":true}]}}