{"id":793088,"date":"2026-08-30T14:14:00","date_gmt":"2026-08-30T12:14:00","guid":{"rendered":"https:\/\/dailynewshungary.com\/it\/e-stata-pubblicata-la-classifica-delle-citta-piu-vivibili-al-mondo-ecco-come-si-e-classificata-budapest\/"},"modified":"2026-08-30T14:14:00","modified_gmt":"2026-08-30T12:14:00","slug":"e-stata-pubblicata-la-classifica-delle-citta-piu-vivibili-al-mondo-ecco-come-si-e-classificata-budapest","status":"publish","type":"post","link":"https:\/\/dailynewshungary.com\/it\/e-stata-pubblicata-la-classifica-delle-citta-piu-vivibili-al-mondo-ecco-come-si-e-classificata-budapest\/","title":{"rendered":"\u00c8 stata pubblicata la classifica delle citt\u00e0 pi\u00f9 vivibili al mondo: ecco come si \u00e8 classificata Budapest"},"content":{"rendered":"\n<p class=\"wp-block-paragraph\"><strong>Budapest ha perso quattro posizioni nell\u2019ultimo Indice globale di vivibilit\u00e0 dell\u2019Economist Intelligence Unit (EIU), classificandosi al 36\u00b0 posto su 173 citt\u00e0. Mentre Copenaghen rimane al primo posto, l\u2019Asia sta guadagnando terreno e diverse citt\u00e0 del Medio Oriente hanno subito forti cali a causa del peggioramento delle condizioni di sicurezza.<\/strong><\/p>\n\n\n\n<h2 class=\"wp-block-heading\">Copenaghen rimane la citt\u00e0 pi\u00f9 vivibile al mondo<\/h2>\n\n\n\n<p class=\"wp-block-paragraph\">Il quadro generale della vivibilit\u00e0 globale non ha subito cambiamenti radicali nel 2026, ma sotto la superficie si stanno verificando cambiamenti significativi. <a href=\"https:\/\/www.eiu.com\/n\/global-themes\/report\/global-liveability-index-2026\/\" target=\"_blank\" rel=\"noopener\">L\u2019EIU ha valutato<\/a> 173 citt\u00e0 sulla base di 30 indicatori, raggruppati in cinque grandi categorie: stabilit\u00e0, assistenza sanitaria, cultura e ambiente, istruzione e infrastrutture. Il punteggio risultante \u00e8 misurato su una scala di 100 punti.<\/p>\n\n\n\n<p class=\"wp-block-paragraph\">Il punteggio medio di quest\u2019anno \u00e8 stato di 76,1 punti, invariato rispetto al 2025.<\/p>\n\n\n\n<p class=\"wp-block-paragraph\">Tuttavia, le singole categorie hanno registrato andamenti diversi. Il punteggio medio relativo alla stabilit\u00e0 \u00e8 sceso di ulteriori 0,5 punti, mentre anche i punteggi relativi alla cultura e all\u2019ambiente hanno subito un leggero peggioramento. L\u2019assistenza sanitaria, invece, ha registrato un miglioramento medio di 0,7 punti, con lievi progressi registrati anche nei settori dell\u2019istruzione e delle infrastrutture.<\/p>\n\n\n\n<blockquote class=\"wp-block-quote is-layout-flow wp-block-quote-is-layout-flow\">\n<p class=\"wp-block-paragraph\">In cima alla classifica, Copenaghen ha mantenuto il primo posto, seguita da Vienna e Melbourne.<\/p>\n<\/blockquote>\n\n\n\n<p class=\"wp-block-paragraph\">La top 10 rimane dominata da citt\u00e0 di paesi ricchi e sviluppati, con l\u2019Australia, il Canada, il Giappone e la Svizzera tutti rappresentati.<\/p><figure class=\"wp-block-image aligncenter size-full\"><figcaption class=\"wp-element-caption\">\n<\/figcaption><\/figure>\n\n<figure class=\"wp-block-image aligncenter size-full\"><figcaption class=\"wp-element-caption\">\n<\/figcaption><img loading=\"lazy\" decoding=\"async\" width=\"599\" height=\"418\" src=\"https:\/\/dailynewshungary.b-cdn.net\/wp-content\/uploads\/2024\/09\/New-flight-from-Budapest-to-Copenhagen.jpg\" alt=\"copenhagen denmark\" class=\"wp-image-611176\" srcset=\"https:\/\/contentf5.dailynewshungary.com\/wp-content\/uploads\/2024\/09\/New-flight-from-Budapest-to-Copenhagen.jpg 599w, https:\/\/contentf5.dailynewshungary.com\/wp-content\/uploads\/2024\/09\/New-flight-from-Budapest-to-Copenhagen-318x222.jpg 318w, https:\/\/contentf5.dailynewshungary.com\/wp-content\/uploads\/2024\/09\/New-flight-from-Budapest-to-Copenhagen-107x75.jpg 107w, https:\/\/contentf5.dailynewshungary.com\/wp-content\/uploads\/2024\/09\/New-flight-from-Budapest-to-Copenhagen-480x335.jpg 480w\" sizes=\"auto, (max-width: 599px) 100vw, 599px\" \/><figcaption class=\"wp-element-caption\">Copenaghen, Danimarca. Foto: <a href=\"https:\/\/depositphotos.com\/editorial\/copenhagen-old-facades-of-houses-along-the-city-promenade-336004880.html\" target=\"_blank\" rel=\"noopener\">depositphotos.com<\/a><\/figcaption><\/figure>\n\n\n\n<h2 class=\"wp-block-heading\">L\u2019Asia sta recuperando terreno rispetto all\u2019Europa<\/h2>\n\n\n\n<p class=\"wp-block-paragraph\">L\u2019Europa occidentale rimane la regione con le migliori prestazioni complessive, ma ha smesso di ampliare il proprio vantaggio. Il punteggio medio di vivibilit\u00e0 della regione \u00e8 rimasto sostanzialmente invariato, mentre le citt\u00e0 asiatiche hanno continuato a migliorare. Di conseguenza, nove citt\u00e0 asiatiche e sette europee figurano ora tra le 20 citt\u00e0 pi\u00f9 vivibili al mondo.<\/p>\n\n\n\n<p class=\"wp-block-paragraph\">L\u2019EIU ha attribuito parte dei progressi compiuti dalle citt\u00e0 cinesi al miglioramento degli indicatori relativi all\u2019assistenza sanitaria. Anche New York ha registrato un punteggio di stabilit\u00e0 pi\u00f9 elevato, grazie al calo dei dati sulla criminalit\u00e0 negli ultimi anni e a una minore percezione del rischio di un grave attacco terroristico, <a href=\"https:\/\/www.penzcentrum.hu\/otthon\/20260830\/megjott-a-vilag-legelhetobb-varosainak-listaja-budapest-nagyot-bukott-rajta-1204601\" target=\"_blank\" rel=\"noopener\">come riporta P\u00e9nzcentrum<\/a>.<\/p>\n\n\n\n<blockquote class=\"wp-block-quote is-layout-flow wp-block-quote-is-layout-flow\">\n<p class=\"has-black-color has-pale-ocean-gradient-background has-text-color has-background has-link-color wp-elements-1 wp-block-paragraph\"><strong>Se ve lo siete perso: <a href=\"https:\/\/dailynewshungary.com\/it\/budapest-revoca-le-restrizioni-energetiche-con-il-ritorno-alla-normalita-previsto-per-il-1-settembre\/\/\">Budapest revoca le restrizioni energetiche con il ritorno alla normalit\u00e0 a partire dal 1\u00b0 settembre<\/a><\/strong><\/p>\n<\/blockquote>\n\n\n\n<h2 class=\"wp-block-heading\">Budapest scende di quattro posizioni<\/h2>\n\n\n\n<p class=\"wp-block-paragraph\">Budapest si \u00e8 classificata al 36\u00b0 posto su 173 citt\u00e0, con un punteggio di vivibilit\u00e0 pari a 91 punti. Ci\u00f2 rappresenta un calo di quattro posizioni rispetto allo scorso anno, mentre il punteggio complessivo della capitale ungherese \u00e8 sceso di un punto.<\/p>\n\n\n\n<p class=\"wp-block-paragraph\">Budapest si \u00e8 quindi trovata tra le citt\u00e0 che hanno registrato uno dei cali pi\u00f9 evidenti nella classifica. Il suo calo di quattro posizioni \u00e8 stato pari a quello registrato da Lussemburgo, Portland, Abu Dhabi, Dubai e Saipan, sebbene le loro posizioni di partenza e i loro punteggi differissero notevolmente.<\/p>\n\n\n\n<blockquote class=\"wp-block-quote is-layout-flow wp-block-quote-is-layout-flow\">\n<p class=\"wp-block-paragraph\">Nonostante questa battuta d\u2019arresto, 91 punti rimangono comunque un ottimo risultato.<\/p>\n<\/blockquote><figure class=\"wp-block-image aligncenter size-full\"><figcaption class=\"wp-element-caption\">\n<\/figcaption><\/figure>\n\n<figure class=\"wp-block-image aligncenter size-full\"><figcaption class=\"wp-element-caption\">\n<\/figcaption><img decoding=\"async\" src=\"https:\/\/dailynewshungary.b-cdn.net\/wp-content\/uploads\/2026\/06\/budapest-iconic-landmarks-people-anadolu13.webp\" alt=\"budapest iconic landmarks visitors people population city landscape hungary news\" class=\"wp-image-699370\"\/><figcaption class=\"wp-element-caption\">Foto: Agenzia Anadolu<\/figcaption><\/figure>\n\n\n\n<p class=\"wp-block-paragraph\">A titolo di confronto, Zurigo ha totalizzato 96 punti e si \u00e8 classificata al quinto posto, mentre Auckland e Lussemburgo hanno entrambe totalizzato 95 punti, piazzandosi rispettivamente al 12\u00b0 e al 15\u00b0 posto. Atene, dal canto suo, si \u00e8 classificata all\u201988\u00b0 posto con 78 punti, il che significa che il punteggio assoluto di vivibilit\u00e0 di Budapest rimane notevolmente superiore a quello della capitale greca.<\/p>\n\n\n\n<p class=\"wp-block-paragraph\">La classifica non si limita a misurare quanto sia piacevole vivere in una citt\u00e0. Prende in considerazione anche la sua stabilit\u00e0, i sistemi sanitari e scolastici, le condizioni culturali e ambientali e la qualit\u00e0 delle sue infrastrutture.<\/p>\n\n\n\n<p class=\"has-text-align-center has-black-color has-electric-grass-gradient-background has-text-color has-background has-link-color wp-elements-2 wp-block-paragraph\"><strong>Vive, lavora o svolge attivit\u00e0 commerciali in Ungheria?<\/strong><br>Semplifichi le cose avvalendosi di un supporto professionale in lingua inglese. Scopra <strong><a href=\"https:\/\/dailynewshungary.com\/services-in-english\/\" target=\"_blank\" rel=\"noopener\">i servizi offerti da Daily News Hungary in lingua inglese<\/a><\/strong> e trovi l\u2019aiuto di cui ha bisogno.<\/p>\n\n\n\n<h2 class=\"wp-block-heading\">Le citt\u00e0 del Medio Oriente subiscono gravi battute d\u2019arresto<\/h2>\n\n\n\n<p class=\"wp-block-paragraph\">Il peggioramento pi\u00f9 marcato nella classifica di quest\u2019anno \u00e8 stato registrato in Medio Oriente. Negli anni precedenti, i punteggi relativi alla stabilit\u00e0 erano stati particolarmente influenzati in Europa dalla guerra in Ucraina, dagli attacchi terroristici e dalle proteste. Nel 2026, tuttavia, l\u2019attenzione si \u00e8 spostata verso il Medio Oriente.<\/p>\n\n\n\n<p class=\"wp-block-paragraph\">Secondo l\u2019EIU, la guerra che ha coinvolto l\u2019Iran e che \u00e8 iniziata a febbraio, gli attacchi israeliani e statunitensi contro l\u2019Iran e le successive reazioni a livello regionale hanno compromesso in modo significativo la percezione della sicurezza in tutta la regione. Le 18 citt\u00e0 del Medio Oriente e del Nord Africa incluse nell\u2019indice hanno perso in media pi\u00f9 di tre posizioni.<\/p>\n\n\n\n<p class=\"wp-block-paragraph\">Muscat ha registrato il calo pi\u00f9 marcato, scendendo di 14 posizioni fino al 123\u00b0 posto, con un punteggio di 68. Kuwait City ha perso 12 posizioni, Amman 11 e Manama 10. Doha \u00e8 scesa di sette posizioni, mentre Teheran \u00e8 entrata a far parte delle 10 citt\u00e0 meno vivibili al mondo.<\/p>\n\n\n\n<p class=\"wp-block-paragraph\">Per Budapest, il calo di quattro posizioni rappresenta una battuta d\u2019arresto, ma la capitale ungherese rimane saldamente nella fascia alta della classifica mondiale, nonostante abbia perso terreno rispetto allo scorso anno.<\/p>\n","protected":false},"excerpt":{"rendered":"<p>Budapest ha perso quattro posizioni nell\u2019ultimo Indice globale di vivibilit\u00e0 dell\u2019Economist Intelligence Unit (EIU), classificandosi al 36\u00b0 posto su 173 citt\u00e0. Mentre Copenaghen rimane al primo posto, l\u2019Asia sta guadagnando terreno e diverse citt\u00e0 del Medio Oriente hanno subito forti cali a causa del peggioramento delle condizioni di sicurezza. Copenaghen rimane la citt\u00e0 pi\u00f9 vivibile [&hellip;]<\/p>\n","protected":false},"author":62,"featured_media":793089,"comment_status":"open","ping_status":"open","sticky":false,"template":"","format":"standard","meta":{"_display_image":"","footnotes":""},"categories":[2429],"tags":[1158,2449,1402,1261,1069],"class_list":["post-793088","post","type-post","status-publish","format-standard","has-post-thumbnail","hentry","category-viaggi","tag-budapest","tag-categoria-budapest","tag-classifica","tag-statistiche","tag-ungheria"],"blocksy_meta":[],"author_username":"hmercedesz","telegram_post":"","public_post_metadata":{"breaking_news":"yes","important":"no","csempe":"yes","center_tile":"no","disable_thumbnail":"no","target_lang":"","_featured_image_style":"","telegram_post":"","_xlat_group_id":"907c8181-165b-4c14-a949-4f1935a8cf58"},"public_rank_math_data":{"title":"%title% %sep% %sitename%","description":"","focus_keyword":"Budapest","canonical_url":"","robots":"","primary_category":"2429","breadcrumb_title":"","facebook_title":"","facebook_description":"","facebook_image":"","facebook_image_id":"","twitter_title":"","twitter_description":"","twitter_image":"","twitter_image_id":"","twitter_card_type":"","twitter_use_facebook":"","advanced_robots":"","pillar_content":"","seo_score":"81","contentai_score":"","rich_snippet":""},"_links":{"self":[{"href":"https:\/\/dailynewshungary.com\/it\/wp-json\/wp\/v2\/posts\/793088","targetHints":{"allow":["GET"]}}],"collection":[{"href":"https:\/\/dailynewshungary.com\/it\/wp-json\/wp\/v2\/posts"}],"about":[{"href":"https:\/\/dailynewshungary.com\/it\/wp-json\/wp\/v2\/types\/post"}],"author":[{"embeddable":true,"href":"https:\/\/dailynewshungary.com\/it\/wp-json\/wp\/v2\/users\/62"}],"replies":[{"embeddable":true,"href":"https:\/\/dailynewshungary.com\/it\/wp-json\/wp\/v2\/comments?post=793088"}],"version-history":[{"count":0,"href":"https:\/\/dailynewshungary.com\/it\/wp-json\/wp\/v2\/posts\/793088\/revisions"}],"wp:featuredmedia":[{"embeddable":true,"href":"https:\/\/dailynewshungary.com\/it\/wp-json\/wp\/v2\/media\/793089"}],"wp:attachment":[{"href":"https:\/\/dailynewshungary.com\/it\/wp-json\/wp\/v2\/media?parent=793088"}],"wp:term":[{"taxonomy":"category","embeddable":true,"href":"https:\/\/dailynewshungary.com\/it\/wp-json\/wp\/v2\/categories?post=793088"},{"taxonomy":"post_tag","embeddable":true,"href":"https:\/\/dailynewshungary.com\/it\/wp-json\/wp\/v2\/tags?post=793088"}],"curies":[{"name":"wp","href":"https:\/\/api.w.org\/{rel}","templated":true}]}}