{"id":793092,"date":"2026-08-30T17:03:29","date_gmt":"2026-08-30T15:03:29","guid":{"rendered":"https:\/\/dailynewshungary.com\/it\/tragedia-a-debrecen-un-uomo-di-23-anni-muore-dopo-essere-stato-accoltellato-al-cuore\/"},"modified":"2026-08-30T17:03:29","modified_gmt":"2026-08-30T15:03:29","slug":"tragedia-a-debrecen-un-uomo-di-23-anni-muore-dopo-essere-stato-accoltellato-al-cuore","status":"publish","type":"post","link":"https:\/\/dailynewshungary.com\/it\/tragedia-a-debrecen-un-uomo-di-23-anni-muore-dopo-essere-stato-accoltellato-al-cuore\/","title":{"rendered":"Tragedia a Debrecen: un uomo di 23 anni muore dopo essere stato accoltellato al cuore"},"content":{"rendered":"\n<p class=\"wp-block-paragraph\"><strong>Un uomo di 23 anni \u00e8 deceduto dopo essere stato accoltellato al cuore durante un\u2019aggressione avvenuta a Debrecen nelle prime ore di sabato mattina. Secondo le testimonianze citate da RTL H\u00edrad\u00f3, i due giovani avevano affrontato il presunto aggressore dopo averlo visto aggredire una donna per strada.<\/strong><\/p>\n\n\n\n<p class=\"wp-block-paragraph\"><a href=\"https:\/\/dailynewshungary.com\/it\/un-uomo-di-64-anni-accoltella-due-giovani-a-debrecen-in-ungheria-video\/\/\">Come riportato in precedenza<\/a>, due giovani sono stati accoltellati da un uomo di 64 anni in via M\u00fazeum a Debrecen intorno alle 3 del mattino del 30 agosto. La polizia ha riferito che l\u2019aggressione \u00e8 stata preceduta da un alterco verbale, al termine del quale l\u2019uomo ha estratto un coltello e ha accoltellato entrambe le vittime.<\/p>\n\n\n\n<p class=\"wp-block-paragraph\">Entrambi gli uomini sono stati trasportati in ospedale dai paramedici. La polizia ha arrestato il sospettato circa due ore dopo l\u2019incidente.<\/p>\n\n\n\n<h2 class=\"wp-block-heading\">Muore un giovane accoltellato al cuore<\/h2>\n\n\n\n<p class=\"wp-block-paragraph\">La vittima, un ventitreenne di L\u00e9tav\u00e9rtes, \u00e8 stata accoltellata al cuore e ha riportato ferite potenzialmente letali. <a href=\"https:\/\/rtl.hu\/hirado\/2026\/08\/30\/debreceni-keseles-meghalt-23-eves-aldozat\" target=\"_blank\" rel=\"noopener\">RTL H\u00edrad\u00f3<\/a> ha ora riferito che \u00e8 deceduto a causa delle ferite riportate, nonostante i tentativi di salvarlo.<\/p>\n\n\n\n<p class=\"wp-block-paragraph\">Il suo amico di 24 anni \u00e8 stato accoltellato all\u2019addome. Anche lui ha riportato ferite gravi, ma \u00e8 riuscito a raggiungere una tabaccheria nelle vicinanze e a chiedere aiuto. Secondo quanto riferito, le sue condizioni sono stabili.<\/p>\n\n\n\n<p class=\"wp-block-paragraph\">Un terzo membro del gruppo \u00e8 sfuggito all\u2019aggressione illeso. Secondo quanto riportato, ha cercato di arrestare l\u2019emorragia dalla ferita al torace del suo amico con entrambe le mani, in attesa dell\u2019arrivo dei soccorsi.<\/p>\n\n\n\n<blockquote class=\"wp-block-quote is-layout-flow wp-block-quote-is-layout-flow\">\n<p class=\"wp-block-paragraph\">Il ventitreenne ferito era ancora in grado di comunicare sul posto, ma i paramedici non sono riusciti a salvargli la vita.<\/p>\n<\/blockquote>\n\n\n\n<h2 class=\"wp-block-heading\">I giovani avrebbero affrontato l\u2019aggressore per una donna<\/h2>\n\n\n\n<p class=\"wp-block-paragraph\">RTL H\u00edrad\u00f3 ha riferito, citando testimoni oculari, che l\u2019incidente \u00e8 avuto inizio dopo che l\u2019uomo di 64 anni avrebbe aggredito una donna urlandole contro per strada.<\/p>\n\n\n\n<p class=\"wp-block-paragraph\">Secondo quanto riferito, i due giovani si sarebbero avvicinati all\u2019uomo intimandogli di smetterla e di lasciare in pace la donna. L\u2019uomo avrebbe quindi estratto un coltello e si sarebbe avvicinato alle due vittime, che erano sedute su una panchina. Le circostanze precise dello scontro sono ancora oggetto di indagine.<\/p>\n\n\n\n<p class=\"wp-block-paragraph\">La polizia aveva precedentemente dichiarato che il sospettato di 64 anni era stato arrestato dopo che gli agenti avevano setacciato le strade circostanti per circa due ore. \u00c8 stato interrogato in qualit\u00e0 di sospettato, posto in stato di fermo e ai pubblici ministeri \u00e8 stato chiesto di disporre la sua detenzione.<\/p>\n\n\n\n<p class=\"wp-block-paragraph\">La Direzione Criminale del Quartier Generale della Polizia della contea di Hajd\u00fa-Bihar sta indagando sul caso per il sospetto di lesioni personali gravi con pericolo per la vita. A seguito del decesso della vittima, la qualificazione giuridica del presunto reato potrebbe ora subire modifiche.<\/p>\n","protected":false},"excerpt":{"rendered":"<p>Un uomo di 23 anni \u00e8 deceduto dopo essere stato accoltellato al cuore durante un\u2019aggressione avvenuta a Debrecen nelle prime ore di sabato mattina. Secondo le testimonianze citate da RTL H\u00edrad\u00f3, i due giovani avevano affrontato il presunto aggressore dopo averlo visto aggredire una donna per strada. Come riportato in precedenza, due giovani sono stati [&hellip;]<\/p>\n","protected":false},"author":62,"featured_media":793093,"comment_status":"open","ping_status":"open","sticky":false,"template":"","format":"standard","meta":{"_display_image":"","footnotes":""},"categories":[2443],"tags":[2749,1115,1123,1069],"class_list":["post-793092","post","type-post","status-publish","format-standard","has-post-thumbnail","hentry","category-life","tag-categoria-crimine-2","tag-polizia","tag-polizia-ungherese","tag-ungheria"],"blocksy_meta":[],"author_username":"hmercedesz","telegram_post":"","public_post_metadata":{"breaking_news":"yes","important":"no","csempe":"yes","center_tile":"no","disable_thumbnail":"no","target_lang":"","_featured_image_style":"","telegram_post":"","_xlat_group_id":"a419a5c8-a738-48f3-ad6c-d15cc5ac3e38"},"public_rank_math_data":{"title":"%title% %sep% %sitename%","description":"","focus_keyword":"debrecen","canonical_url":"","robots":"","primary_category":"2443","breadcrumb_title":"","facebook_title":"","facebook_description":"","facebook_image":"","facebook_image_id":"","twitter_title":"","twitter_description":"","twitter_image":"","twitter_image_id":"","twitter_card_type":"","twitter_use_facebook":"","advanced_robots":"","pillar_content":"","seo_score":"77","contentai_score":"","rich_snippet":""},"_links":{"self":[{"href":"https:\/\/dailynewshungary.com\/it\/wp-json\/wp\/v2\/posts\/793092","targetHints":{"allow":["GET"]}}],"collection":[{"href":"https:\/\/dailynewshungary.com\/it\/wp-json\/wp\/v2\/posts"}],"about":[{"href":"https:\/\/dailynewshungary.com\/it\/wp-json\/wp\/v2\/types\/post"}],"author":[{"embeddable":true,"href":"https:\/\/dailynewshungary.com\/it\/wp-json\/wp\/v2\/users\/62"}],"replies":[{"embeddable":true,"href":"https:\/\/dailynewshungary.com\/it\/wp-json\/wp\/v2\/comments?post=793092"}],"version-history":[{"count":0,"href":"https:\/\/dailynewshungary.com\/it\/wp-json\/wp\/v2\/posts\/793092\/revisions"}],"wp:featuredmedia":[{"embeddable":true,"href":"https:\/\/dailynewshungary.com\/it\/wp-json\/wp\/v2\/media\/793093"}],"wp:attachment":[{"href":"https:\/\/dailynewshungary.com\/it\/wp-json\/wp\/v2\/media?parent=793092"}],"wp:term":[{"taxonomy":"category","embeddable":true,"href":"https:\/\/dailynewshungary.com\/it\/wp-json\/wp\/v2\/categories?post=793092"},{"taxonomy":"post_tag","embeddable":true,"href":"https:\/\/dailynewshungary.com\/it\/wp-json\/wp\/v2\/tags?post=793092"}],"curies":[{"name":"wp","href":"https:\/\/api.w.org\/{rel}","templated":true}]}}