{"id":793096,"date":"2026-08-31T04:34:00","date_gmt":"2026-08-31T02:34:00","guid":{"rendered":"https:\/\/dailynewshungary.com\/it\/il-campione-olimpico-di-scherma-afferma-che-lungheria-gli-ha-ritirato-il-passaporto-diplomatico-e-ha-annullato-la-nomina-prevista-a-ambasciatore-allavana\/"},"modified":"2026-08-31T04:34:00","modified_gmt":"2026-08-31T02:34:00","slug":"il-campione-olimpico-di-scherma-afferma-che-lungheria-gli-ha-ritirato-il-passaporto-diplomatico-e-ha-annullato-la-nomina-prevista-a-ambasciatore-allavana","status":"publish","type":"post","link":"https:\/\/dailynewshungary.com\/it\/il-campione-olimpico-di-scherma-afferma-che-lungheria-gli-ha-ritirato-il-passaporto-diplomatico-e-ha-annullato-la-nomina-prevista-a-ambasciatore-allavana\/","title":{"rendered":"Il campione olimpico di scherma afferma che l\u2019Ungheria gli ha ritirato il passaporto diplomatico e ha annullato la nomina prevista a ambasciatore all\u2019Avana"},"content":{"rendered":"\n<p class=\"wp-block-paragraph\"><strong>Il due volte campione olimpico di scherma Bence Szab\u00f3 afferma che l\u2019Ungheria gli ha ritirato il passaporto diplomatico e lo ha informato che, contrariamente a quanto previsto in precedenza, non sar\u00e0 nominato ambasciatore del Paese all\u2019Avana, a Cuba.<\/strong><\/p>\n\n\n\n<p class=\"wp-block-paragraph\">Szab\u00f3, ex segretario generale del Comitato Olimpico Ungherese, <a href=\"https:\/\/index.hu\/belfold\/2026\/08\/30\/szabo-bence-ketszeres-olimpiai-bajnok-nagykovet-kubai-megszegyenites-\/\" target=\"_blank\" rel=\"noopener\">ha dichiarato a Index<\/a> di essersi preparato per anni a ricoprire un incarico diplomatico e di aver gi\u00e0 ricevuto quella che definisce l\u2019approvazione da parte di Cuba per la sua nomina.<\/p>\n\n\n\n<p class=\"wp-block-paragraph\">Il Ministero degli Esteri, tuttavia, ha rifiutato di commentare la sua versione dei fatti, affermando che le decisioni relative al personale saranno rese note tramite la Gazzetta Ufficiale ungherese.<\/p>\n\n\n\n<h2 class=\"wp-block-heading\">Da Madrid all\u2019Avana<\/h2>\n\n\n\n<p class=\"wp-block-paragraph\">Secondo Szab\u00f3, ha iniziato a lavorare presso il dipartimento di diplomazia sportiva del Ministero degli Affari Esteri nel 2023. Successivamente gli \u00e8 stata offerta la possibilit\u00e0 di diventare ambasciatore e gli sono state proposte diverse destinazioni tra cui scegliere.<\/p>\n\n\n\n<p class=\"wp-block-paragraph\">Poich\u00e9 parla spagnolo, Szab\u00f3 ha scelto Madrid e ha iniziato a prepararsi per il ruolo. Afferma di aver seguito una formazione approfondita, studiando circa sei ore al giorno, e di aver superato gli esami e i controlli di sicurezza necessari affinch\u00e9 un diplomatico non di carriera possa diventare capo missione.<\/p>\n\n\n\n<p class=\"wp-block-paragraph\">Egli riteneva che avrebbe assunto la guida dell\u2019ambasciata ungherese a Madrid nel 2025. Tuttavia, l\u2019incarico and\u00f2 infine a Gy\u00f6rgy Habsburg. Szab\u00f3 afferma che in seguito gli fu offerta un\u2019alternativa: diventare ambasciatore ungherese a Cuba.<\/p>\n\n\n\n<p class=\"has-text-align-center has-black-color has-electric-grass-gradient-background has-text-color has-background has-link-color wp-elements-1 wp-block-paragraph\"><strong>Vive, lavora o svolge attivit\u00e0 commerciali in Ungheria?<\/strong><br>Semplifichi le cose grazie a un supporto professionale in lingua inglese. Esplori <strong><a href=\"https:\/\/dailynewshungary.com\/services-in-english\/\" target=\"_blank\" rel=\"noopener\">i servizi offerti da Daily News Hungary in inglese<\/a><\/strong> e trovi l\u2019aiuto di cui ha bisogno.<\/p>\n\n\n\n<h2 class=\"wp-block-heading\">Secondo quanto riferito, la commissione parlamentare avrebbe appoggiato la sua nomina<\/h2>\n\n\n\n<p class=\"wp-block-paragraph\">Szab\u00f3 afferma di essersi presentato dinanzi alla commissione parlamentare competente nell\u2019ambito della procedura di nomina e di aver ricevuto il sostegno unanime sia dai membri del governo che da quelli dell\u2019opposizione. Egli sostiene inoltre che la parte ungherese abbia informato formalmente Cuba della sua futura nomina e che le autorit\u00e0 cubane abbiano successivamente inviato la propria approvazione.<\/p>\n\n\n\n<p class=\"wp-block-paragraph\">Secondo quanto da lui riferito, i preparativi per la sua nomina sono proseguiti fino a quando non ha appreso che il mandato dell\u2019attuale ambasciatore ungherese all\u2019Avana, Bal\u00e1zs Heincz, era stato prorogato di un altro anno. Ci\u00f2 significava che Szab\u00f3 non avrebbe potuto assumere l\u2019incarico all\u2019Avana come inizialmente previsto.<\/p>\n\n\n\n<h2 class=\"wp-block-heading\">Restituzione del passaporto diplomatico<\/h2>\n\n\n\n<p class=\"wp-block-paragraph\">Szab\u00f3 afferma di aver successivamente ricevuto una lettera in cui gli veniva intimato di restituire il proprio passaporto diplomatico. Egli sostiene di aver tentato di contattare alti funzionari del Ministero degli Esteri per chiarire la situazione, ma di non essere riuscito a ottenere alcun incontro. Afferma inoltre di aver contattato via e-mail la ministra degli Esteri Anita Orb\u00e1n, senza tuttavia ricevere alcuna risposta.<\/p>\n\n\n\n<p class=\"wp-block-paragraph\">Alla fine, secondo Szab\u00f3, \u00e8 stato convocato al Ministero degli Esteri e gli \u00e8 stata consegnata una lettera in cui gli veniva comunicato che, a causa di un mutamento delle circostanze, il ministero non necessitava pi\u00f9 dei suoi servizi. Szab\u00f3 ha descritto la vicenda a Index come un licenziamento di fatto senza alcuna spiegazione. Afferma di essersi preparato a trasferirsi all\u2019Avana con la propria famiglia per un incarico quadriennale e di aver gi\u00e0 ricevuto un passaporto diplomatico.<\/p>\n\n\n\n<blockquote class=\"wp-block-quote is-layout-flow wp-block-quote-is-layout-flow\">\n<p class=\"has-black-color has-pale-ocean-gradient-background has-text-color has-background has-link-color wp-elements-2 wp-block-paragraph\"><strong>Se ve lo siete perso: <a href=\"https:\/\/dailynewshungary.com\/it\/la-ministra-degli-esteri-ungherese-anita-orban-nomina-i-nuovi-ambasciatori-storici-designati-per-parigi-e-varsavia\/\/\">il ministro degli Esteri ungherese Anita Orb\u00e1n nomina i nuovi ambasciatori: storici designati per Parigi e Varsavia<\/a><\/strong><\/p>\n<\/blockquote>\n\n\n\n<h2 class=\"wp-block-heading\">Ministero degli Esteri: le decisioni relative al personale saranno annunciate ufficialmente<\/h2>\n\n\n\n<p class=\"wp-block-paragraph\">Il Ministero degli Esteri \u00e8 stato interpellato da Index in merito alle affermazioni di Szab\u00f3. Il ministero ha dichiarato che sono in corso lavori per riorganizzare le missioni diplomatiche ungheresi e costituire un corpo diplomatico professionale che operi con un elevato livello di competenza.<\/p>\n\n\n\n<p class=\"wp-block-paragraph\">Ha aggiunto che il pubblico sar\u00e0 informato dei cambiamenti e delle decisioni relative al personale tramite la Gazzetta Ufficiale ungherese. Il Ministero ha rifiutato di commentare in modo specifico le affermazioni riportate nell\u2019intervista rilasciata a Index.<\/p>\n\n\n\n<h2 class=\"wp-block-heading\">Szab\u00f3 vanta una vasta esperienza nel campo dello sport internazionale<\/h2>\n\n\n\n<p class=\"wp-block-paragraph\">Szab\u00f3 \u00e8 uno degli schermidori pi\u00f9 noti dell\u2019Ungheria. Ha vinto due medaglie d\u2019oro olimpiche e due titoli mondiali nella sciabola, oltre a cinque titoli europei.<\/p>\n\n\n\n<p class=\"wp-block-paragraph\">La sua esperienza internazionale si estende anche al di l\u00e0 della pista. Ha ricoperto il ruolo di direttore tecnico della squadra di scherma del Venezuela per diversi anni a partire dal 2007 ed \u00e8 stato segretario generale del Comitato Olimpico Ungherese tra il 2012 e il 2016. Dal 2016 al 2021 \u00e8 stato inoltre membro del comitato esecutivo della Federazione Internazionale di Scherma (FIE).<\/p>\n\n\n\n<p class=\"wp-block-paragraph\">Szab\u00f3 ha dichiarato a Index di non essersi mai considerato una figura politica e che la sua intenzione era quella di rappresentare l\u2019Ungheria piuttosto che un particolare partito politico. Per il momento, il Ministero degli Esteri non ha confermato pubblicamente che Szab\u00f3 sia stato formalmente nominato ambasciatore a Cuba, n\u00e9 ha fornito dettagli sui motivi per cui la nomina prevista sia stata abbandonata.<\/p>\n","protected":false},"excerpt":{"rendered":"<p>Il due volte campione olimpico di scherma Bence Szab\u00f3 afferma che l\u2019Ungheria gli ha ritirato il passaporto diplomatico e lo ha informato che, contrariamente a quanto previsto in precedenza, non sar\u00e0 nominato ambasciatore del Paese all\u2019Avana, a Cuba. Szab\u00f3, ex segretario generale del Comitato Olimpico Ungherese, ha dichiarato a Index di essersi preparato per anni [&hellip;]<\/p>\n","protected":false},"author":62,"featured_media":793097,"comment_status":"open","ping_status":"open","sticky":false,"template":"","format":"standard","meta":{"_display_image":"","footnotes":""},"categories":[1185],"tags":[1516,2431,2504,1091,1079,1069],"class_list":["post-793096","post","type-post","status-publish","format-standard","has-post-thumbnail","hentry","category-politica-in-ungheria","tag-america-centrale","tag-categoria-affari-esteri","tag-categoria-politica-ungherese","tag-diplomazia","tag-governo-ungherese","tag-ungheria"],"blocksy_meta":[],"author_username":"hmercedesz","telegram_post":"","public_post_metadata":{"breaking_news":"yes","important":"no","csempe":"yes","center_tile":"no","disable_thumbnail":"no","target_lang":"","_featured_image_style":"","telegram_post":"","_xlat_group_id":"bc931ed9-e471-413d-847d-10a4efa44cb3"},"public_rank_math_data":{"title":"%title% %sep% %sitename%","description":"","focus_keyword":"avana","canonical_url":"","robots":"","primary_category":"1185","breadcrumb_title":"","facebook_title":"","facebook_description":"","facebook_image":"","facebook_image_id":"","twitter_title":"","twitter_description":"","twitter_image":"","twitter_image_id":"","twitter_card_type":"","twitter_use_facebook":"","advanced_robots":"","pillar_content":"","seo_score":"72","contentai_score":"","rich_snippet":""},"_links":{"self":[{"href":"https:\/\/dailynewshungary.com\/it\/wp-json\/wp\/v2\/posts\/793096","targetHints":{"allow":["GET"]}}],"collection":[{"href":"https:\/\/dailynewshungary.com\/it\/wp-json\/wp\/v2\/posts"}],"about":[{"href":"https:\/\/dailynewshungary.com\/it\/wp-json\/wp\/v2\/types\/post"}],"author":[{"embeddable":true,"href":"https:\/\/dailynewshungary.com\/it\/wp-json\/wp\/v2\/users\/62"}],"replies":[{"embeddable":true,"href":"https:\/\/dailynewshungary.com\/it\/wp-json\/wp\/v2\/comments?post=793096"}],"version-history":[{"count":0,"href":"https:\/\/dailynewshungary.com\/it\/wp-json\/wp\/v2\/posts\/793096\/revisions"}],"wp:featuredmedia":[{"embeddable":true,"href":"https:\/\/dailynewshungary.com\/it\/wp-json\/wp\/v2\/media\/793097"}],"wp:attachment":[{"href":"https:\/\/dailynewshungary.com\/it\/wp-json\/wp\/v2\/media?parent=793096"}],"wp:term":[{"taxonomy":"category","embeddable":true,"href":"https:\/\/dailynewshungary.com\/it\/wp-json\/wp\/v2\/categories?post=793096"},{"taxonomy":"post_tag","embeddable":true,"href":"https:\/\/dailynewshungary.com\/it\/wp-json\/wp\/v2\/tags?post=793096"}],"curies":[{"name":"wp","href":"https:\/\/api.w.org\/{rel}","templated":true}]}}