{"id":793098,"date":"2026-08-31T06:14:00","date_gmt":"2026-08-31T04:14:00","guid":{"rendered":"https:\/\/dailynewshungary.com\/it\/il-primo-ministro-magyar-promette-di-inasprire-le-norme-sul-recupero-dei-beni-e-rifiuta-di-cedere-alle-pressioni-politiche\/"},"modified":"2026-08-31T06:14:00","modified_gmt":"2026-08-31T04:14:00","slug":"il-primo-ministro-magyar-promette-di-inasprire-le-norme-sul-recupero-dei-beni-e-rifiuta-di-cedere-alle-pressioni-politiche","status":"publish","type":"post","link":"https:\/\/dailynewshungary.com\/it\/il-primo-ministro-magyar-promette-di-inasprire-le-norme-sul-recupero-dei-beni-e-rifiuta-di-cedere-alle-pressioni-politiche\/","title":{"rendered":"Il primo ministro Magyar promette di inasprire le norme sul recupero dei beni e rifiuta di cedere alle pressioni politiche"},"content":{"rendered":"\n<p class=\"wp-block-paragraph\"><strong>Domenica il primo ministro P\u00e9ter Magyar ha annunciato l\u2019intenzione di apportare modifiche legislative volte a snellire le indagini e i procedimenti penali finalizzati al recupero dei beni dello Stato, affermando che \u00abnessuno desidera il recupero dei beni e la punizione dei responsabili pi\u00f9 del governo, ma lo Stato di diritto deve continuare a essere rispettato, poich\u00e9 questo \u00e8 l\u2019unico modo per garantire che il processo rimanga credibile\u00bb.<\/strong><\/p>\n\n\n\n<p class=\"wp-block-paragraph\">Rispondendo alle critiche riguardanti l\u2019Ufficio nazionale per il recupero e la tutela dei beni (NVVH), Magyar ha affermato <a href=\"https:\/\/www.facebook.com\/reel\/2863803033993705?locale=hu_HU\" target=\"_blank\" rel=\"noopener\">su Facebook<\/a> che \u00e8 chiaro il motivo per cui il partito di opposizione Fidesz e altri politici caduti in disgrazia abbiano un interesse personale a ostacolare il lavoro dell\u2019ufficio e a minarne la credibilit\u00e0.<\/p>\n\n\n\n<p class=\"wp-block-paragraph\">Ha aggiunto che il governo non permetter\u00e0 a nessuno di screditare l\u2019ufficio, poich\u00e9 il suo obiettivo \u00e8 quello di istituire un\u2019autorit\u00e0 il pi\u00f9 forte possibile, guidata da professionisti dediti al proprio lavoro e che non tollereranno mai alcun compromesso.<\/p>\n\n\n\n<p class=\"wp-block-paragraph\">Magyar ha inoltre osservato che \u00abla decisione giusta non \u00e8 sempre quella pi\u00f9 popolare\u00bb. Ha affermato che il governo Tisza e i suoi rappresentanti si sono impegnati a ricoprire il proprio incarico per quattro anni e hanno prestato giuramento al proprio Paese. Subordineranno tutto a questo e prenderanno ogni decisione tenendo presente tale impegno, anche se al momento ci\u00f2 non dovesse apparire popolare, ha aggiunto.<\/p>\n\n\n\n<p class=\"wp-block-paragraph\">Ha affermato che chiunque prenda le distanze dal partito Tisza a causa di una decisione relativa al personale con cui non \u00e8 d\u2019accordo ha pieno diritto di farlo, ma il governo non rinnegher\u00e0, sotto alcuna pressione, n\u00e9 il proprio giuramento n\u00e9 i propri impegni.<\/p>\n\n\n\n<blockquote class=\"wp-block-quote is-layout-flow wp-block-quote-is-layout-flow\">\n<p class=\"wp-block-paragraph\">Magyar ha affermato che il governo non ha mai promesso di sottoporre a voto pubblico i candidati per ogni carica dirigenziale.<\/p>\n<\/blockquote>\n\n\n\n<p class=\"wp-block-paragraph\">Non spetta all\u2019opinione pubblica n\u00e9 ai cittadini stabilire chi sia il candidato pi\u00f9 idoneo per una determinata carica, ha aggiunto. Ha affermato che se fosse sempre il pubblico a decidere in merito alle nomine, alla legislazione, al bilancio e alle imposte, il Paese diventerebbe ingovernabile.<\/p>\n\n\n\n<p class=\"wp-block-paragraph\">Nel valutare gli ultimi 110 giorni del governo Tisza, ha sottolineato lo sblocco dei fondi dell\u2019Unione Europea e il miglioramento della situazione di bilancio. Ha citato il sostegno per il rientro a scuola pari a 100.000 HUF (275 euro) per il rientro a scuola, la riduzione dell\u2019IVA sulla legna da ardere e sui medicinali soggetti a prescrizione medica, il raddoppio dell\u2019indennit\u00e0 sociale per la legna da ardere e l\u2019aumento della pensione minima di vecchiaia a 120.000 HUF entro il 2027.<\/p>\n\n\n\n<p class=\"wp-block-paragraph\">Ha inoltre affermato che, grazie a una dimostrazione di solidariet\u00e0 senza precedenti, il Paese \u00e8 riuscito a superare tre ondate di caldo e due crisi energetiche.<\/p>\n\n\n\n<p class=\"has-text-align-center has-black-color has-electric-grass-gradient-background has-text-color has-background has-link-color wp-elements-1 wp-block-paragraph\"><strong>Vive, lavora o svolge attivit\u00e0 commerciali in Ungheria?<\/strong><br>Semplifichi le cose grazie a un supporto professionale in inglese. Esplori <strong><a href=\"https:\/\/dailynewshungary.com\/services-in-english\/\" target=\"_blank\" rel=\"noopener\">i servizi offerti da Daily News Hungary in inglese<\/a><\/strong> e trovi l\u2019aiuto di cui ha bisogno.<\/p>\n","protected":false},"excerpt":{"rendered":"<p>Domenica il primo ministro P\u00e9ter Magyar ha annunciato l\u2019intenzione di apportare modifiche legislative volte a snellire le indagini e i procedimenti penali finalizzati al recupero dei beni dello Stato, affermando che \u00abnessuno desidera il recupero dei beni e la punizione dei responsabili pi\u00f9 del governo, ma lo Stato di diritto deve continuare a essere rispettato, [&hellip;]<\/p>\n","protected":false},"author":33,"featured_media":793099,"comment_status":"open","ping_status":"open","sticky":false,"template":"","format":"standard","meta":{"_display_image":"","footnotes":""},"categories":[1185],"tags":[2676,2718,2616,1079,2612,1069],"class_list":["post-793098","post","type-post","status-publish","format-standard","has-post-thumbnail","hentry","category-politica-in-ungheria","tag-categoria-politica-ungherese-2","tag-finanze","tag-governo-magiaro","tag-governo-ungherese","tag-peter-magyar","tag-ungheria"],"blocksy_meta":[],"author_username":"ugyelet","telegram_post":"","public_post_metadata":{"breaking_news":"yes","important":"no","csempe":"yes","center_tile":"no","disable_thumbnail":"no","target_lang":"","_featured_image_style":"","telegram_post":"","_xlat_group_id":"52f131dd-4b64-42f8-8630-99cbae367e3f"},"public_rank_math_data":{"title":"%title% %sep% %sitename%","description":"","focus_keyword":"magyar","canonical_url":"","robots":"","primary_category":"1185","breadcrumb_title":"","facebook_title":"","facebook_description":"","facebook_image":"","facebook_image_id":"","twitter_title":"","twitter_description":"","twitter_image":"","twitter_image_id":"","twitter_card_type":"","twitter_use_facebook":"","advanced_robots":"","pillar_content":"","seo_score":"74","contentai_score":"","rich_snippet":""},"_links":{"self":[{"href":"https:\/\/dailynewshungary.com\/it\/wp-json\/wp\/v2\/posts\/793098","targetHints":{"allow":["GET"]}}],"collection":[{"href":"https:\/\/dailynewshungary.com\/it\/wp-json\/wp\/v2\/posts"}],"about":[{"href":"https:\/\/dailynewshungary.com\/it\/wp-json\/wp\/v2\/types\/post"}],"author":[{"embeddable":true,"href":"https:\/\/dailynewshungary.com\/it\/wp-json\/wp\/v2\/users\/33"}],"replies":[{"embeddable":true,"href":"https:\/\/dailynewshungary.com\/it\/wp-json\/wp\/v2\/comments?post=793098"}],"version-history":[{"count":0,"href":"https:\/\/dailynewshungary.com\/it\/wp-json\/wp\/v2\/posts\/793098\/revisions"}],"wp:featuredmedia":[{"embeddable":true,"href":"https:\/\/dailynewshungary.com\/it\/wp-json\/wp\/v2\/media\/793099"}],"wp:attachment":[{"href":"https:\/\/dailynewshungary.com\/it\/wp-json\/wp\/v2\/media?parent=793098"}],"wp:term":[{"taxonomy":"category","embeddable":true,"href":"https:\/\/dailynewshungary.com\/it\/wp-json\/wp\/v2\/categories?post=793098"},{"taxonomy":"post_tag","embeddable":true,"href":"https:\/\/dailynewshungary.com\/it\/wp-json\/wp\/v2\/tags?post=793098"}],"curies":[{"name":"wp","href":"https:\/\/api.w.org\/{rel}","templated":true}]}}