{"id":793100,"date":"2026-08-31T08:01:11","date_gmt":"2026-08-31T06:01:11","guid":{"rendered":"https:\/\/dailynewshungary.com\/it\/il-nuovo-programma-di-edilizia-residenziale-in-ungheria-potrebbe-ridefinire-il-mercato-immobiliare\/"},"modified":"2026-08-31T08:01:11","modified_gmt":"2026-08-31T06:01:11","slug":"il-nuovo-programma-di-edilizia-residenziale-in-ungheria-potrebbe-ridefinire-il-mercato-immobiliare","status":"publish","type":"post","link":"https:\/\/dailynewshungary.com\/it\/il-nuovo-programma-di-edilizia-residenziale-in-ungheria-potrebbe-ridefinire-il-mercato-immobiliare\/","title":{"rendered":"Il nuovo programma di edilizia residenziale in Ungheria potrebbe ridefinire il mercato immobiliare"},"content":{"rendered":"\n<p class=\"wp-block-paragraph\"><strong>Il governo pu\u00f2 stanziare 550 milioni di euro di finanziamenti dell\u2019Unione Europea per il suo \u201cProgramma di costruzione di alloggi Wekerle\u201d, un nuovo piano di edilizia residenziale, ma con il cofinanziamento da parte delle banche e del mercato le risorse potrebbero arrivare fino a 2 miliardi di euro (730 miliardi di HUF), ha dichiarato domenica il ministro dei Trasporti e degli Investimenti D\u00e1vid Vit\u00e9zy in un post sui social media.<\/strong><\/p>\n\n\n\n<h2 class=\"wp-block-heading\">Nuovo programma di costruzione di alloggi per alleviare la crisi abitativa<\/h2>\n\n\n\n<p class=\"wp-block-paragraph\">Vit\u00e9zy ha affermato che, attraverso lo sviluppo del programma abitativo, lo Stato si presenter\u00e0 come un attore attivo, incoraggiante, solidale e orientato allo sviluppo nell\u2019ambito della politica abitativa, rafforzando al contempo gli aspetti sociali, qualitativi e di sviluppo urbano, <a href=\"https:\/\/mti.hu\/en\/articles\/2026\/08\/31\/govt-home-construction-scheme-could-attract-eur-2bn-funding-vitezy\" target=\"_blank\" rel=\"noopener\">come riportato<\/a> dall\u2019agenzia MTI.<\/p>\n\n\n\n<figure class=\"wp-block-image aligncenter size-full\"><img loading=\"lazy\" decoding=\"async\" width=\"1200\" height=\"800\" src=\"https:\/\/dailynewshungary.b-cdn.net\/wp-content\/uploads\/2023\/11\/construction-2.jpg\" alt=\"Construction workers stand on a large building site surrounded by concrete structures, machinery and ongoing construction work. Hungarian construction industry:\" class=\"wp-image-576421\" srcset=\"https:\/\/contentf5.dailynewshungary.com\/wp-content\/uploads\/2023\/11\/construction-2.jpg 1200w, https:\/\/contentf5.dailynewshungary.com\/wp-content\/uploads\/2023\/11\/construction-2-768x512.jpg 768w, https:\/\/contentf5.dailynewshungary.com\/wp-content\/uploads\/2023\/11\/construction-2-333x222.jpg 333w, https:\/\/contentf5.dailynewshungary.com\/wp-content\/uploads\/2023\/11\/construction-2-248x165.jpg 248w, https:\/\/contentf5.dailynewshungary.com\/wp-content\/uploads\/2023\/11\/construction-2-1030x687.jpg 1030w, https:\/\/contentf5.dailynewshungary.com\/wp-content\/uploads\/2023\/11\/construction-2-113x75.jpg 113w, https:\/\/contentf5.dailynewshungary.com\/wp-content\/uploads\/2023\/11\/construction-2-480x320.jpg 480w\" sizes=\"auto, (max-width: 1200px) 100vw, 1200px\" \/><\/figure>\n\n\n\n<p class=\"wp-block-paragraph\">Ha affermato che la crisi abitativa \u00e8 ormai cos\u00ec grave che la sua soluzione \u00e8 inimmaginabile senza un intervento attivo da parte dello Stato. Ha elencato come sintomi della crisi l\u2019impennata degli affitti, il fatto che possedere un appartamento di propriet\u00e0 sia un sogno irraggiungibile con uno stipendio medio, la carenza di posti letto negli alloggi collettivi, l\u2019insufficiente costruzione di nuovi appartamenti e il deterioramento delle condizioni del patrimonio immobiliare esistente a causa della mancanza di lavori di ristrutturazione.<\/p>\n\n\n\n<h2 class=\"wp-block-heading\">Numero insufficiente di posti nei dormitori, prezzi alle stelle<\/h2>\n\n\n\n<p class=\"wp-block-paragraph\">Il ministro ha osservato che negli ultimi 15 anni i prezzi delle case sono cresciuti pi\u00f9 rapidamente dei redditi. I prezzi reali delle abitazioni sono aumentati del 120%, mentre i salari reali sono cresciuti del 60%. Il prezzo medio di un\u2019abitazione ungherese nel 2015 era pari a 5,9 anni di reddito netto medio, e nel 2025 tale cifra era salita a 7,1 anni.<\/p><figure class=\"wp-block-image aligncenter size-full is-resized\"><figcaption class=\"wp-element-caption\">\n<\/figcaption><\/figure>\n\n<figure class=\"wp-block-image aligncenter size-full is-resized\"><figcaption class=\"wp-element-caption\">\n<\/figcaption><img decoding=\"async\" src=\"https:\/\/dailynewshungary.b-cdn.net\/wp-content\/uploads\/2026\/08\/New-home-building-programme-in-Hungary.webp\" alt=\"New home-building programme in Hungary\" class=\"wp-image-705674\" style=\"width:600px;height:auto\"\/><figcaption class=\"wp-element-caption\">In Ungheria sta per prendere il via<\/figcaption><\/figure>un<figure class=\"wp-block-image aligncenter size-full is-resized\"><figcaption class=\"wp-element-caption\">nuovo programma di edilizia residenziale. Foto: <a href=\"https:\/\/depositphotos.com\/photo\/new-apartments-under-construction-152697400.html\" target=\"_blank\" rel=\"noopener\">depositphotos.com<\/a><\/figcaption><\/figure>\n\n\n\n<p class=\"wp-block-paragraph\">I canoni di affitto sono aumentati del 30% in termini reali, mentre sono disponibili solo 49.000 posti letto in dormitorio per 320.000 studenti, ha aggiunto.<\/p>\n\n\n\n<h2 class=\"wp-block-heading\">Il ministero di Vit\u00e9zy recupera 100 miliardi di fiorini di beni dello Stato<\/h2>\n\n\n\n<p class=\"wp-block-paragraph\">Circa 100 miliardi di fiorini (275 milioni di euro) di beni sono stati restituiti allo Stato alla fine di agosto con lo scioglimento delle quattro fondazioni di gestione dei beni di interesse pubblico (KEKVA) subordinate al Ministero dei Trasporti e degli Investimenti, ha dichiarato domenica il ministro David Vit\u00e9zy <a href=\"https:\/\/dailynewshungary.com\/it\/il-governo-tisza-riacquisisce-276-milioni-di-euro-di-beni-statali-con-lo-smantellamento-del-sistema-kekva\/\/\">in un post sui social media<\/a>.<\/p>\n\n\n\n<p class=\"wp-block-paragraph\">Il ministro ha sottolineato che il Parlamento ha recentemente approvato una legge volta a porre fine al sistema KEKVA, che porter\u00e0 allo scioglimento di tali fondazioni entro il 31 agosto, restituendo allo Stato i loro beni, acquisiti da fonti pubbliche.<\/p><figure class=\"wp-block-image aligncenter size-full\"><figcaption class=\"wp-element-caption\">\n<\/figcaption><\/figure>\n\n<figure class=\"wp-block-image aligncenter size-full\"><figcaption class=\"wp-element-caption\">\n<\/figcaption><img decoding=\"async\" src=\"https:\/\/dailynewshungary.b-cdn.net\/wp-content\/uploads\/2026\/06\/Budapest-Corvinus-University-2.webp\" alt=\"Budapest Corvinus University (2)\" class=\"wp-image-699675\"\/><figcaption class=\"wp-element-caption\">Anche le universit\u00e0 ungheresi operavano in precedenza come fondi KEKVA. Foto: <a href=\"https:\/\/www.facebook.com\/Corvinus.Official\/posts\/pfbid027GueWpbod4WdZSUDJkwH6af826C4KLPXMGygFbBPnQvV7UFrEAncbPXXTUEW4Wwgl\" target=\"_blank\" rel=\"noopener\">Facebook\/Budapesti Corvinus Egyetem<\/a><\/figcaption><\/figure>\n\n\n\n<p class=\"wp-block-paragraph\">Vitezy ha affermato che i beni delle fondazioni saranno trasferiti ai ministeri che assumeranno i compiti delle rispettive fondazioni. Il suo ministero sovrintende alla Fondazione scientifica e culturale Millenary, alla Fondazione per la conservazione del patrimonio edilizio dell\u2019Europa centrale, alla Fondazione Hauszmann e alla Fondazione educativa dell\u2019Europa centrale.<\/p>\n\n\n\n<p class=\"has-very-light-gray-to-cyan-bluish-gray-gradient-background has-background wp-block-paragraph\"><strong><a href=\"https:\/\/dailynewshungary.com\/it\/il-primo-ministro-magyar-promette-di-inasprire-le-norme-sul-recupero-dei-beni-e-rifiuta-di-cedere-alle-pressioni-politiche\/\/\">Il primo ministro Magyar promette di inasprire le norme sul recupero dei beni<\/a> e rifiuta di cedere alle pressioni politiche<\/strong><\/p>\n\n\n\n<h2 class=\"wp-block-heading\">I politici del Fidesz avrebbero gestito i beni dello Stato in modo poco trasparente<\/h2>\n\n\n\n<p class=\"wp-block-paragraph\">Ha affermato che nel nuovo sistema non vi sar\u00e0 alcun peggioramento nella qualit\u00e0 di alcuna funzione o servizio pubblico e che l\u2019utilizzo di una parte significativa del patrimonio statale torner\u00e0 ad essere trasparente e controllabile.<\/p>\n\n\n\n<p class=\"wp-block-paragraph\">Le KEKVA sono state istituite dal precedente partito di governo, il Fidesz, con l\u2019obiettivo di \u00abgestire i fondi statali in modo del tutto opaco e incontrollabile\u00bb, con i consigli di amministrazione composti quasi esclusivamente da politici del Fidesz, ha aggiunto.<\/p>\n\n\n\n<p class=\"wp-block-paragraph\">Vitezy ha affermato che la Commissione europea critica da tempo il sistema delle KEKVA, la cui riforma era una delle condizioni per ottenere i fondi dell\u2019UE. Il governo precedente non era disposto a farlo, ma il governo Tisza ha posto fine al sistema delle KEKVA in poco pi\u00f9 di tre mesi, ha aggiunto.<\/p>\n\n\n\n<p class=\"has-very-light-gray-to-cyan-bluish-gray-gradient-background has-background wp-block-paragraph\"><strong><a href=\"https:\/\/dailynewshungary.com\/it\/un-funzionario-del-governo-tisza-si-dimette-dopo-soli-due-mesi-lopposizione-fidesz-reagisce-immediatamente\/\/\">Un funzionario del governo Tisza si dimette dopo soli due mesi<\/a>; l\u2019opposizione del Fidesz reagisce immediatamente<\/strong><\/p>\n","protected":false},"excerpt":{"rendered":"<p>Il governo pu\u00f2 stanziare 550 milioni di euro di finanziamenti dell\u2019Unione Europea per il suo \u201cProgramma di costruzione di alloggi Wekerle\u201d, un nuovo piano di edilizia residenziale, ma con il cofinanziamento da parte delle banche e del mercato le risorse potrebbero arrivare fino a 2 miliardi di euro (730 miliardi di HUF), ha dichiarato domenica [&hellip;]<\/p>\n","protected":false},"author":18,"featured_media":793101,"comment_status":"open","ping_status":"open","sticky":false,"template":"","format":"standard","meta":{"_display_image":"","footnotes":""},"categories":[2402],"tags":[2652,1259,1414,1079,1069],"class_list":["post-793100","post","type-post","status-publish","format-standard","has-post-thumbnail","hentry","category-economia","tag-categoria-affari-2","tag-edilizia","tag-finanza","tag-governo-ungherese","tag-ungheria"],"blocksy_meta":[],"author_username":"johnwoods","telegram_post":"","public_post_metadata":{"breaking_news":"yes","important":"no","csempe":"yes","center_tile":"no","disable_thumbnail":"no","target_lang":"","_featured_image_style":"","telegram_post":"","_xlat_group_id":"a120f642-35e2-487b-b4ea-e6076215a0c5"},"public_rank_math_data":{"title":"Presto prender\u00e0 il via un nuovo programma di edilizia residenziale in Ungheria","description":"Sta per partire un nuovo programma di edilizia residenziale, finanziato dall\u2019UE e da capitali privati, ha affermato il ministro Vit\u00e9zy, illustrandone i dettagli.","focus_keyword":"home-building","canonical_url":"","robots":"","primary_category":"2402","breadcrumb_title":"","facebook_title":"","facebook_description":"","facebook_image":"","facebook_image_id":"","twitter_title":"","twitter_description":"","twitter_image":"","twitter_image_id":"","twitter_card_type":"","twitter_use_facebook":"","advanced_robots":"","pillar_content":"","seo_score":"80","contentai_score":"","rich_snippet":""},"_links":{"self":[{"href":"https:\/\/dailynewshungary.com\/it\/wp-json\/wp\/v2\/posts\/793100","targetHints":{"allow":["GET"]}}],"collection":[{"href":"https:\/\/dailynewshungary.com\/it\/wp-json\/wp\/v2\/posts"}],"about":[{"href":"https:\/\/dailynewshungary.com\/it\/wp-json\/wp\/v2\/types\/post"}],"author":[{"embeddable":true,"href":"https:\/\/dailynewshungary.com\/it\/wp-json\/wp\/v2\/users\/18"}],"replies":[{"embeddable":true,"href":"https:\/\/dailynewshungary.com\/it\/wp-json\/wp\/v2\/comments?post=793100"}],"version-history":[{"count":0,"href":"https:\/\/dailynewshungary.com\/it\/wp-json\/wp\/v2\/posts\/793100\/revisions"}],"wp:featuredmedia":[{"embeddable":true,"href":"https:\/\/dailynewshungary.com\/it\/wp-json\/wp\/v2\/media\/793101"}],"wp:attachment":[{"href":"https:\/\/dailynewshungary.com\/it\/wp-json\/wp\/v2\/media?parent=793100"}],"wp:term":[{"taxonomy":"category","embeddable":true,"href":"https:\/\/dailynewshungary.com\/it\/wp-json\/wp\/v2\/categories?post=793100"},{"taxonomy":"post_tag","embeddable":true,"href":"https:\/\/dailynewshungary.com\/it\/wp-json\/wp\/v2\/tags?post=793100"}],"curies":[{"name":"wp","href":"https:\/\/api.w.org\/{rel}","templated":true}]}}