{"id":793102,"date":"2026-08-31T09:17:54","date_gmt":"2026-08-31T07:17:54","guid":{"rendered":"https:\/\/dailynewshungary.com\/it\/il-governo-di-peter-magyar-promette-una-nuova-era-per-le-scuole-ungheresi-gli-alunni-e-gli-insegnanti-dovrebbero-rallegrarsi\/"},"modified":"2026-08-31T09:17:54","modified_gmt":"2026-08-31T07:17:54","slug":"il-governo-di-peter-magyar-promette-una-nuova-era-per-le-scuole-ungheresi-gli-alunni-e-gli-insegnanti-dovrebbero-rallegrarsi","status":"publish","type":"post","link":"https:\/\/dailynewshungary.com\/it\/il-governo-di-peter-magyar-promette-una-nuova-era-per-le-scuole-ungheresi-gli-alunni-e-gli-insegnanti-dovrebbero-rallegrarsi\/","title":{"rendered":"Il governo di P\u00e9ter Magyar promette una nuova era per le scuole ungheresi: gli alunni e gli insegnanti dovrebbero rallegrarsi?"},"content":{"rendered":"\n<p class=\"wp-block-paragraph\"><strong>P\u00e9ter Magyar, Primo Ministro, e Judit Lannert, Ministro dell\u2019Istruzione, hanno formulato una serie di promesse tanto attese e rassicuranti rivolte ad alunni e insegnanti in occasione dell\u2019inizio del nuovo anno scolastico, illustrando la loro visione per il futuro delle scuole ungheresi, del sistema educativo e dei relativi obiettivi.<\/strong><\/p><figure class=\"wp-block-image aligncenter size-large\"><figcaption class=\"wp-element-caption\">\n<\/figcaption><\/figure>\n\n<figure class=\"wp-block-image aligncenter size-large\"><figcaption class=\"wp-element-caption\">\n<\/figcaption><img decoding=\"async\" src=\"https:\/\/dailynewshungary.b-cdn.net\/wp-content\/uploads\/2026\/08\/Peter-Magyar-11-1280x854.webp\" alt=\"P\u00e9ter Magyar \" class=\"wp-image-705688\"\/><figcaption class=\"wp-element-caption\">Foto: MTI<\/figcaption><\/figure>\n\n\n\n<h2 class=\"wp-block-heading\">P\u00e9ter Magyar: le scuole devono insegnare il pensiero critico, con aumenti salariali in arrivo<\/h2>\n\n\n\n<p class=\"wp-block-paragraph\">\u00abIl compito pi\u00f9 importante di una scuola \u00e8 insegnare agli alunni a pensare nel miglior modo possibile \u2014 e a pensare in modo critico\u00bb, ha affermato luned\u00ec il primo ministro in occasione della cerimonia nazionale di apertura dell\u2019anno scolastico presso il Liceo \u00abDr. Mez\u0151 Ferenc\u00bb di Nagykanizsa.<\/p>\n\n\n\n<p class=\"wp-block-paragraph\">Oltre al pensiero critico, gli alunni dovrebbero imparare a scuola a difendersi a vicenda, a lavorare in squadra e a comportarsi da persone perbene in ogni circostanza, ha affermato P\u00e9ter Magyar, secondo quanto riportato <a href=\"https:\/\/mti.hu\/hirek\/2026\/08\/31\/tanevkezdes-magyar-peter-az-iskola-legfontosabb-feladata-gondolkodni-tanitani\" target=\"_blank\" rel=\"noopener\">dall\u2019MTI<\/a>.<\/p>\n\n\n\n<p class=\"wp-block-paragraph\">Nel suo discorso, il primo ministro ha inoltre sottolineato la priorit\u00e0 che deve essere attribuita all\u2019istruzione e alla sanit\u00e0.<\/p>\n\n\n\n<p class=\"wp-block-paragraph\">\u00abSappiamo esattamente qual \u00e8 il nostro compito\u00bb, ha affermato P\u00e9ter Magyar, elencando la ristrutturazione degli edifici scolastici, la creazione di nuovi posti nei collegi, pasti scolastici di qualit\u00e0 e il sostegno a insegnanti, assistenti didattici e altri operatori del settore dell\u2019istruzione.<\/p>\n\n\n\n<p class=\"wp-block-paragraph\">Ha aggiunto che il governo ha ascoltato e compreso l\u2019appello all\u2019azione e non ha dimenticato i propri impegni. A breve saranno quindi annunciati aumenti salariali nel settore, <a href=\"https:\/\/mti.hu\/hirek\/2026\/08\/31\/tanevkezdes-magyar-peter-az-oktatasugy-es-az-egeszsegugy-elsobbseget-elvez\" target=\"_blank\" rel=\"noopener\">ha affermato<\/a>.<\/p><figure class=\"wp-block-image aligncenter size-large\"><figcaption class=\"wp-element-caption\">\n<\/figcaption><\/figure>\n\n<figure class=\"wp-block-image aligncenter size-large\"><figcaption class=\"wp-element-caption\">\n<\/figcaption><img decoding=\"async\" src=\"https:\/\/dailynewshungary.b-cdn.net\/wp-content\/uploads\/2026\/08\/Hungarian-MP-Peter-Magyar-promises-a-new-era-in-the-Hungarian-schools-1280x854.webp\" alt=\"Hungarian MP P\u00e9ter Magyar promises a new era in the Hungarian schools\" class=\"wp-image-705679\"\/><figcaption class=\"wp-element-caption\">Foto: MTI<\/figcaption><\/figure>\n\n\n\n<h2 class=\"wp-block-heading\">\u00c8 necessario un percorso di carriera autentico e prevedibile<\/h2>\n\n\n\n<p class=\"wp-block-paragraph\">P\u00e9ter Magyar ha parlato inoltre in modo specifico delle decine di migliaia di assistenti didattici che affiancano il personale docente, affermando che essi possono contare sul governo Tisza.<\/p>\n\n\n\n<p class=\"wp-block-paragraph\">Il calendario degli aumenti salariali sar\u00e0 reso noto a breve, ha indicato il primo ministro. Egli ha tuttavia sottolineato che il Paese necessita di un percorso di carriera autentico, piuttosto che di aumenti una tantum, nonch\u00e9 di condizioni in grado di attrarre un maggior numero di giovani e di nuove leve sia nel settore dell\u2019istruzione che in quello sanitario.<\/p>\n\n\n\n<p class=\"wp-block-paragraph\">P\u00e9ter Magyar <a href=\"https:\/\/mti.hu\/hirek\/2026\/08\/31\/tanevkezdes-magyar-peter-pedagogiai-asszisztensek-szamithatnak-tisza-kormanyra\" target=\"_blank\" rel=\"noopener\">ha inoltre affermato<\/a> che il governo non pu\u00f2 permettere che i salari vengano nuovamente erosi dall\u2019inflazione.<\/p>\n\n\n\n<p class=\"wp-block-paragraph\">Il governo desidera che le scuole offrano un ambiente sereno per lo sviluppo, diano agli alunni spazio per esprimere la propria creativit\u00e0 e diventino luoghi migliori per tutti, ha affermato luned\u00ec Judit Lannert, ministra dell\u2019Istruzione e degli Affari dell\u2019infanzia, sempre a Nagykanizsa.<\/p><figure class=\"wp-block-image aligncenter size-full\"><figcaption class=\"wp-element-caption\">\n<\/figcaption><\/figure>\n\n<figure class=\"wp-block-image aligncenter size-full\"><figcaption class=\"wp-element-caption\">\n<\/figcaption><img decoding=\"async\" src=\"https:\/\/dailynewshungary.b-cdn.net\/wp-content\/uploads\/2026\/06\/Franciscan-school-in-Esztergom-monk-1.webp\" alt=\"Monk punched 15-year-old student\" class=\"wp-image-700119\"\/><figcaption class=\"wp-element-caption\">Si \u00e8 diplomato presso il Liceo Francescano di Esztergom. Fonte: <a href=\"https:\/\/www.facebook.com\/szent.antal.esztergomi.ferences.gimnazium\/photos\" target=\"_blank\" rel=\"noopener\">Facebook\/Szent Antal Esztergomi Ferences Gimn\u00e1zium \u00e9s Koll\u00e9gium<\/a> &#8211; Franka<\/figcaption><\/figure>\n\n\n\n<p class=\"wp-block-paragraph\">Il governo desidera che le scuole diventino spazi di creativit\u00e0 sia per gli alunni che per gli insegnanti, dove sia possibile uno sviluppo costante e dove i bambini possano scoprire le materie e le attivit\u00e0 che li interessano e che li rendono felici, ha aggiunto la ministra.<\/p>\n\n\n\n<p class=\"wp-block-paragraph\">La conoscenza \u00e8 importante, ha affermato, ma forse ancora pi\u00f9 importante \u00e8 stimolare e alimentare la curiosit\u00e0 e la motivazione. Ha individuato i seguenti obiettivi:<\/p>\n\n\n\n<ul class=\"wp-block-list\">\n<li>rafforzare l\u2019autonomia professionale e gestionale;<\/li>\n\n\n\n<li>ridurre gli oneri amministrativi;<\/li>\n\n\n\n<li>introdurre una gamma pi\u00f9 variegata di materiali didattici;<\/li>\n\n\n\n<li>ridurre il numero delle valutazioni obbligatorie.<\/li>\n<\/ul>\n\n\n\n<p class=\"wp-block-paragraph\">Secondo <a href=\"https:\/\/mti.hu\/hirek\/2026\/08\/31\/tanevkezdes-lannert-judit-nyugodt-fejlodest-biztosito-iskolat-szeretne-kormany\" target=\"_blank\" rel=\"noopener\">la Lannert<\/a>, la scuola del futuro deve garantire pari opportunit\u00e0. Sebbene le conoscenze fattuali rimangano importanti, ha affermato, lo sono altrettanto le capacit\u00e0 di risoluzione dei problemi e la capacit\u00e0 di adattarsi a situazioni diverse.<\/p><figure class=\"wp-block-image aligncenter size-full\"><figcaption class=\"wp-element-caption\">\n<\/figcaption><\/figure>\n\n<figure class=\"wp-block-image aligncenter size-full\"><figcaption class=\"wp-element-caption\">\n<\/figcaption><img decoding=\"async\" src=\"https:\/\/dailynewshungary.b-cdn.net\/wp-content\/uploads\/2026\/06\/Judit-Lannert-Hungarys-new-education-minister.webp\" alt=\"Judit Lannert Hungary's new education minister\" class=\"wp-image-699070\"\/><figcaption class=\"wp-element-caption\">Foto: <a href=\"https:\/\/www.facebook.com\/permalink.php?story_fbid=pfbid022Ez6VWA7rWi3Zst5De2THXnhsvyUsSWNvRdit8tZr8NgGr1qLtTNFYCghMeCGEo3l&amp;id=61589397058487\" target=\"_blank\" rel=\"noopener\">Facebook\/Lannert Judit<\/a><\/figcaption><\/figure>\n\n\n\n<p class=\"wp-block-paragraph\">Sottolineando il ruolo delle scuole nell\u2019aiutare, includere e sostenere i bambini, la ministra ha affermato che occorre prestare attenzione anche a ci\u00f2 che accade nella vita scolastica quotidiana \u2014 in particolare nel caso di bambini che incontrano difficolt\u00e0 o faticano a integrarsi.<\/p>\n\n\n\n<h2 class=\"wp-block-heading\">L\u2019inizio della scuola rimane estremamente costoso per le famiglie ungheresi<\/h2>\n\n\n\n<p class=\"wp-block-paragraph\">L\u2019inizio dell\u2019anno scolastico rimane una delle spese familiari pi\u00f9 ingenti dell\u2019anno. Secondo una recente ricerca condotta da <a href=\"https:\/\/mti.hu\/hirek\/2026\/08\/31\/tanevkezdes-pwc-szazezres-kiadas-az-iskolakezdes\" target=\"_blank\" rel=\"noopener\">PwC<\/a>, una famiglia ungherese media spende 107.539 fiorini per il nuovo anno scolastico, mentre il costo medio per bambino \u00e8 pari a 66.928 fiorini.<\/p>\n\n\n\n<p class=\"wp-block-paragraph\">La spesa totale per l\u2019inizio dell\u2019anno scolastico per bambino ammonta in media a 70.055 fiorini per gli alunni delle classi inferiori della scuola primaria, a 69.282 per quelli delle classi superiori, a 62.532 per gli studenti delle scuole secondarie e a 80.795 per gli studenti dell\u2019istruzione superiore.<\/p>\n\n\n\n<p class=\"has-very-light-gray-to-cyan-bluish-gray-gradient-background has-background wp-block-paragraph\"><strong>Ha letto questo articolo? <a href=\"https:\/\/dailynewshungary.com\/it\/sparare-nelle-scuole-ungheresi-i-genitori-non-sono-contenti-della-materia-fondamenti-di-difesa\/\/\">Lezioni di tiro nelle scuole ungheresi? Una nuova iniziativa divide i genitori<\/a><\/strong><\/p>\n\n\n\n<p class=\"wp-block-paragraph\">Circa il 75,5 per cento dei bambini in et\u00e0 scolare e degli studenti universitari possiede un telefono cellulare, mentre il 61,9 per cento possiede un computer portatile e il 45,1 per cento un tablet. Il 31,5% possiede un computer fisso, il 33,6% una stampante e il 18,4% uno smartwatch.<\/p>\n\n\n\n<h2 class=\"wp-block-heading\">Come gli alunni utilizzano l\u2019intelligenza artificiale<\/h2>\n\n\n\n<p class=\"wp-block-paragraph\">Il 15% delle famiglie utilizza un servizio a pagamento basato sull\u2019intelligenza artificiale, mentre un ulteriore 48,6% ricorre a soluzioni disponibili gratuitamente. Nel 31,4% delle famiglie degli intervistati, gli strumenti di intelligenza artificiale non vengono utilizzati affatto.<\/p>\n\n\n\n<p class=\"wp-block-paragraph\">I bambini utilizzano l\u2019intelligenza artificiale principalmente per cercare informazioni, come indicato dal 74,2% delle famiglie che utilizzano l\u2019IA. Circa il 52,2% la utilizza per spiegare gli argomenti scolastici, il 46,6% per il brainstorming e il 39,4% come aiuto per i compiti.<\/p>\n\n\n\n<p class=\"has-very-light-gray-to-cyan-bluish-gray-gradient-background has-background wp-block-paragraph\"><strong>Un funzionario del governo di Tisza si dimette dopo soli due mesi; <a href=\"https:\/\/dailynewshungary.com\/it\/un-funzionario-del-governo-tisza-si-dimette-dopo-soli-due-mesi-lopposizione-fidesz-reagisce-immediatamente\/\/\">l\u2019opposizione Fidesz reagisce immediatamente<\/a><\/strong><\/p>\n","protected":false},"excerpt":{"rendered":"<p>P\u00e9ter Magyar, Primo Ministro, e Judit Lannert, Ministro dell\u2019Istruzione, hanno formulato una serie di promesse tanto attese e rassicuranti rivolte ad alunni e insegnanti in occasione dell\u2019inizio del nuovo anno scolastico, illustrando la loro visione per il futuro delle scuole ungheresi, del sistema educativo e dei relativi obiettivi. P\u00e9ter Magyar: le scuole devono insegnare il [&hellip;]<\/p>\n","protected":false},"author":18,"featured_media":793103,"comment_status":"open","ping_status":"open","sticky":false,"template":"","format":"standard","meta":{"_display_image":"","footnotes":""},"categories":[2420],"tags":[2654,2676,2702,2616,1069],"class_list":["post-793102","post","type-post","status-publish","format-standard","has-post-thumbnail","hentry","category-istruzione","tag-categoria-politica-2","tag-categoria-politica-ungherese-2","tag-categoria-vita-in-ungheria-2","tag-governo-magiaro","tag-ungheria"],"blocksy_meta":[],"author_username":"johnwoods","telegram_post":"","public_post_metadata":{"breaking_news":"yes","important":"no","csempe":"yes","center_tile":"no","disable_thumbnail":"no","target_lang":"","_featured_image_style":"","telegram_post":"","_xlat_group_id":"f74e44f5-2098-4ec6-b4cb-0f09806b2fa7"},"public_rank_math_data":{"title":"Il governo di P\u00e9ter Magyar promette una nuova era per le scuole","description":"Il primo ministro P\u00e9ter Magyar e la ministra Judit Lannert hanno promesso una nuova era per le scuole ungheresi: ecco cosa sappiamo finora.","focus_keyword":"P\u00e9ter Magyar","canonical_url":"","robots":"","primary_category":"2420","breadcrumb_title":"","facebook_title":"","facebook_description":"","facebook_image":"","facebook_image_id":"","twitter_title":"","twitter_description":"","twitter_image":"","twitter_image_id":"","twitter_card_type":"","twitter_use_facebook":"","advanced_robots":"","pillar_content":"","seo_score":"83","contentai_score":"","rich_snippet":""},"_links":{"self":[{"href":"https:\/\/dailynewshungary.com\/it\/wp-json\/wp\/v2\/posts\/793102","targetHints":{"allow":["GET"]}}],"collection":[{"href":"https:\/\/dailynewshungary.com\/it\/wp-json\/wp\/v2\/posts"}],"about":[{"href":"https:\/\/dailynewshungary.com\/it\/wp-json\/wp\/v2\/types\/post"}],"author":[{"embeddable":true,"href":"https:\/\/dailynewshungary.com\/it\/wp-json\/wp\/v2\/users\/18"}],"replies":[{"embeddable":true,"href":"https:\/\/dailynewshungary.com\/it\/wp-json\/wp\/v2\/comments?post=793102"}],"version-history":[{"count":0,"href":"https:\/\/dailynewshungary.com\/it\/wp-json\/wp\/v2\/posts\/793102\/revisions"}],"wp:featuredmedia":[{"embeddable":true,"href":"https:\/\/dailynewshungary.com\/it\/wp-json\/wp\/v2\/media\/793103"}],"wp:attachment":[{"href":"https:\/\/dailynewshungary.com\/it\/wp-json\/wp\/v2\/media?parent=793102"}],"wp:term":[{"taxonomy":"category","embeddable":true,"href":"https:\/\/dailynewshungary.com\/it\/wp-json\/wp\/v2\/categories?post=793102"},{"taxonomy":"post_tag","embeddable":true,"href":"https:\/\/dailynewshungary.com\/it\/wp-json\/wp\/v2\/tags?post=793102"}],"curies":[{"name":"wp","href":"https:\/\/api.w.org\/{rel}","templated":true}]}}