{"id":793104,"date":"2026-08-31T10:52:59","date_gmt":"2026-08-31T08:52:59","guid":{"rendered":"https:\/\/dailynewshungary.com\/it\/video-foto-rintracciato-luomo-ungherese-che-per-anni-e-sfuggito-allfbi-ed-era-ricercato-per-reati-contro-i-minori\/"},"modified":"2026-08-31T10:52:59","modified_gmt":"2026-08-31T08:52:59","slug":"video-foto-rintracciato-luomo-ungherese-che-per-anni-e-sfuggito-allfbi-ed-era-ricercato-per-reati-contro-i-minori","status":"publish","type":"post","link":"https:\/\/dailynewshungary.com\/it\/video-foto-rintracciato-luomo-ungherese-che-per-anni-e-sfuggito-allfbi-ed-era-ricercato-per-reati-contro-i-minori\/","title":{"rendered":"Video, foto: rintracciato l\u2019uomo ungherese che per anni \u00e8 sfuggito all\u2019FBI ed era ricercato per reati contro i minori"},"content":{"rendered":"\n<p class=\"wp-block-paragraph\"><strong>Un uomo ungherese di 48 anni, arrestato a Gy\u0151r e ricercato dalle autorit\u00e0 per pedopornografia, \u00e8 stato estradato negli Stati Uniti, come ha comunicato luned\u00ec a police.hu l\u2019Ufficio Nazionale di Investigazione della Polizia di Intervento Rapido ungherese.<\/strong><\/p>\n\n\n\n<h2 class=\"wp-block-heading\">Uomo ungherese consegnato all\u2019FBI<\/h2>\n\n\n\n<p class=\"wp-block-paragraph\">Secondo la dichiarazione, le autorit\u00e0 statunitensi avevano avviato da diversi anni diversi procedimenti a carico dell\u2019uomo per possesso di materiale pedopornografico, dopo che su dispositivi elettronici sequestrati presso il suo domicilio erano stati rinvenuti video di tale natura.<\/p><figure class=\"wp-block-image aligncenter size-full\"><figcaption class=\"wp-element-caption\">\n<\/figcaption><\/figure>\n\n<figure class=\"wp-block-image aligncenter size-full\"><figcaption class=\"wp-element-caption\">\n<\/figcaption><img decoding=\"async\" src=\"https:\/\/dailynewshungary.b-cdn.net\/wp-content\/uploads\/2026\/08\/Hungarian-man-handed-over-to-the-FBI-1.webp\" alt=\"Hungarian Man Handed Over To The FBI\" class=\"wp-image-705700\"\/><figcaption class=\"wp-element-caption\">Foto: <a href=\"https:\/\/www.police.hu\/hu\/hirek-es-informaciok\/legfrissebb-hireink\/bunugyek\/atvette-az-usa-a-hazankban-elfogott-szokevenyt#2\" target=\"_blank\" rel=\"noopener\">police.hu<\/a><\/figcaption><\/figure>\n\n\n\n<p class=\"wp-block-paragraph\">L\u2019ungherese era latitante da quattro anni, il che aveva alimentato le ipotesi secondo cui potesse aver cercato rifugio in Ungheria. <a href=\"https:\/\/dailynewshungary.com\/fbi-police-gyor-us-wanted-fugitive\/\">All\u2019inizio di quest\u2019anno,<\/a> l\u2019FBI (Federal Bureau of Investigation) aveva chiesto alle autorit\u00e0 ungheresi di collaborare alla sua localizzazione.<\/p>\n\n\n\n<p class=\"wp-block-paragraph\">\u00c8 stato infine arrestato a Gy\u0151r il 17 marzo, quando \u00e8 emerso che viveva in quella citt\u00e0 da due anni.<\/p><figure class=\"wp-block-image aligncenter size-full\"><figcaption class=\"wp-element-caption\">\n<\/figcaption><\/figure>\n\n<figure class=\"wp-block-image aligncenter size-full\"><figcaption class=\"wp-element-caption\">\n<\/figcaption><img decoding=\"async\" src=\"https:\/\/dailynewshungary.b-cdn.net\/wp-content\/uploads\/2026\/08\/Hungarian-man-handed-over-to-the-FBI-4.webp\" alt=\"Hungarian man handed over to the FBI\" class=\"wp-image-705703\"\/><figcaption class=\"wp-element-caption\">Foto: police.hu<\/figcaption><\/figure>\n\n\n\n<p class=\"wp-block-paragraph\">Il Tribunale regionale di Budapest-Capitale ha disposto la sua detenzione in vista dell\u2019estradizione il 18 marzo, dopodich\u00e9 le autorit\u00e0 giudiziarie ungheresi hanno ordinato la sua estradizione.<\/p><figure class=\"wp-block-image size-full\"><figcaption class=\"wp-element-caption\">\n<\/figcaption><\/figure>\n\n<figure class=\"wp-block-image size-full\"><figcaption class=\"wp-element-caption\">\n<\/figcaption><img decoding=\"async\" src=\"https:\/\/dailynewshungary.b-cdn.net\/wp-content\/uploads\/2026\/08\/Hungarian-man-handed-over-to-the-FBI-2.webp\" alt=\"Hungarian man handed over to the FBI\" class=\"wp-image-705701\"\/><figcaption class=\"wp-element-caption\">Foto: police.hu<\/figcaption><\/figure>\n\n\n\n<p class=\"wp-block-paragraph\">Nelle prime ore del 28 agosto, agenti di polizia ungheresi lo hanno consegnato ai rappresentanti delle autorit\u00e0 statunitensi presso l\u2019Aeroporto Internazionale Liszt Ferenc di Budapest. L\u2019imputato verr\u00e0 condotto in Florida prima di essere trasferito in un istituto penitenziario. Il procedimento a suo carico negli Stati Uniti potr\u00e0 quindi proseguire mentre egli rimane in custodia cautelare, si legge nel comunicato.<\/p><figure class=\"wp-block-image aligncenter size-full\"><figcaption class=\"wp-element-caption\">\n<\/figcaption><\/figure>\n\n<figure class=\"wp-block-image aligncenter size-full\"><figcaption class=\"wp-element-caption\">\n<\/figcaption><img decoding=\"async\" src=\"https:\/\/dailynewshungary.b-cdn.net\/wp-content\/uploads\/2026\/08\/Hungarian-man-handed-over-to-the-FBI-3.webp\" alt=\"Hungarian man handed over to the FBI\" class=\"wp-image-705702\"\/><figcaption class=\"wp-element-caption\">Foto: police.hu<\/figcaption><\/figure>\n\n\n\n<figure class=\"wp-block-embed is-type-video is-provider-youtube wp-block-embed-youtube wp-embed-aspect-16-9 wp-has-aspect-ratio\"><div class=\"wp-block-embed__wrapper\">\n<iframe loading=\"lazy\" title=\"\u00c1tvette USA a haz\u00e1nkban elfogott sz\u00f6kev\u00e9nyt\" width=\"1480\" height=\"833\" src=\"https:\/\/www.youtube.com\/embed\/8X68NGu1ncs?start=4&amp;feature=oembed\" frameborder=\"0\" allow=\"accelerometer; autoplay; clipboard-write; encrypted-media; gyroscope; picture-in-picture; web-share\" referrerpolicy=\"strict-origin-when-cross-origin\" allowfullscreen><\/iframe>\n<\/div><\/figure>\n\n\n\n<p class=\"has-very-light-gray-to-cyan-bluish-gray-gradient-background has-background wp-block-paragraph\"><strong>Da non perdere: <a href=\"https:\/\/dailynewshungary.com\/police-arrest-british-fugitive-after-20-years\/\">un avviso dell\u2019FBI porta la polizia ungherese ad arrestare un latitante britannico ricercato da 20 anni<\/a>; il tribunale prende una decisione discutibile \u2013 video<\/strong><\/p>\n","protected":false},"excerpt":{"rendered":"<p>Un uomo ungherese di 48 anni, arrestato a Gy\u0151r e ricercato dalle autorit\u00e0 per pedopornografia, \u00e8 stato estradato negli Stati Uniti, come ha comunicato luned\u00ec a police.hu l\u2019Ufficio Nazionale di Investigazione della Polizia di Intervento Rapido ungherese. Uomo ungherese consegnato all\u2019FBI Secondo la dichiarazione, le autorit\u00e0 statunitensi avevano avviato da diversi anni diversi procedimenti a [&hellip;]<\/p>\n","protected":false},"author":18,"featured_media":793105,"comment_status":"open","ping_status":"open","sticky":false,"template":"","format":"standard","meta":{"_display_image":"","footnotes":""},"categories":[2657],"tags":[1068,2702,1510,1123,1111,1069],"class_list":["post-793104","post","type-post","status-publish","format-standard","has-post-thumbnail","hentry","category-criminalita","tag-aeroporto-di-budapest","tag-categoria-vita-in-ungheria-2","tag-criminalita-informatica","tag-polizia-ungherese","tag-stati-uniti","tag-ungheria"],"blocksy_meta":[],"author_username":"johnwoods","telegram_post":"","public_post_metadata":{"breaking_news":"yes","important":"no","csempe":"yes","center_tile":"no","disable_thumbnail":"no","target_lang":"","_featured_image_style":"","telegram_post":"","_xlat_group_id":"49e4b588-d393-418c-9511-ea1e82d10da1"},"public_rank_math_data":{"title":"Uomo ungherese sfuggito all\u2019FBI per anni rintracciato","description":"Un uomo ungherese di 48 anni arrestato a Gy\u0151r e ricercato dall\u2019FBI \u00e8 stato estradato negli Stati Uniti.","focus_keyword":"FBI","canonical_url":"","robots":"","primary_category":"2657","breadcrumb_title":"","facebook_title":"","facebook_description":"","facebook_image":"","facebook_image_id":"","twitter_title":"","twitter_description":"","twitter_image":"","twitter_image_id":"","twitter_card_type":"","twitter_use_facebook":"","advanced_robots":"","pillar_content":"","seo_score":"75","contentai_score":"","rich_snippet":""},"_links":{"self":[{"href":"https:\/\/dailynewshungary.com\/it\/wp-json\/wp\/v2\/posts\/793104","targetHints":{"allow":["GET"]}}],"collection":[{"href":"https:\/\/dailynewshungary.com\/it\/wp-json\/wp\/v2\/posts"}],"about":[{"href":"https:\/\/dailynewshungary.com\/it\/wp-json\/wp\/v2\/types\/post"}],"author":[{"embeddable":true,"href":"https:\/\/dailynewshungary.com\/it\/wp-json\/wp\/v2\/users\/18"}],"replies":[{"embeddable":true,"href":"https:\/\/dailynewshungary.com\/it\/wp-json\/wp\/v2\/comments?post=793104"}],"version-history":[{"count":0,"href":"https:\/\/dailynewshungary.com\/it\/wp-json\/wp\/v2\/posts\/793104\/revisions"}],"wp:featuredmedia":[{"embeddable":true,"href":"https:\/\/dailynewshungary.com\/it\/wp-json\/wp\/v2\/media\/793105"}],"wp:attachment":[{"href":"https:\/\/dailynewshungary.com\/it\/wp-json\/wp\/v2\/media?parent=793104"}],"wp:term":[{"taxonomy":"category","embeddable":true,"href":"https:\/\/dailynewshungary.com\/it\/wp-json\/wp\/v2\/categories?post=793104"},{"taxonomy":"post_tag","embeddable":true,"href":"https:\/\/dailynewshungary.com\/it\/wp-json\/wp\/v2\/tags?post=793104"}],"curies":[{"name":"wp","href":"https:\/\/api.w.org\/{rel}","templated":true}]}}