{"id":793106,"date":"2026-08-31T12:04:36","date_gmt":"2026-08-31T10:04:36","guid":{"rendered":"https:\/\/dailynewshungary.com\/it\/documenti-rivelatori-come-lex-ministro-delleconomia-marton-nagy-abbia-sperperato-denaro-pubblico-in-lussi-e-jet-privati-allestero\/"},"modified":"2026-08-31T12:04:36","modified_gmt":"2026-08-31T10:04:36","slug":"documenti-rivelatori-come-lex-ministro-delleconomia-marton-nagy-abbia-sperperato-denaro-pubblico-in-lussi-e-jet-privati-allestero","status":"publish","type":"post","link":"https:\/\/dailynewshungary.com\/it\/documenti-rivelatori-come-lex-ministro-delleconomia-marton-nagy-abbia-sperperato-denaro-pubblico-in-lussi-e-jet-privati-allestero\/","title":{"rendered":"Documenti rivelatori: come l\u2019ex ministro dell\u2019Economia M\u00e1rton Nagy abbia sperperato denaro pubblico in lussi e jet privati all\u2019estero"},"content":{"rendered":"\n<p class=\"wp-block-paragraph\"><strong>Sebbene nessuna delle speranze, dei piani o delle promesse formulate da M\u00e1rton Nagy in qualit\u00e0 di ministro dell\u2019Economia in materia di crescita economica sembri essersi concretizzata, il ministro appare essere stato pi\u00f9 che disposto a spendere denaro pubblico \u2013 sia all\u2019epoca che, a posteriori, in modo inspiegabile \u2013 in alloggi di lusso e jet privati. Nel frattempo, l\u2019Ungheria stava attraversando uno dei periodi di inflazione pi\u00f9 gravi della sua storia.<\/strong><\/p>\n\n\n\n<h2 class=\"wp-block-heading\">Il ministero pubblica dati inspiegabili<\/h2>\n\n\n\n<p class=\"wp-block-paragraph\">I documenti resi pubblici in risposta a una richiesta di accesso alle informazioni presentata al Ministero dell\u2019Economia Nazionale e al suo successore legale dimostrano che, tra il 2023 e il 2026, sono state spese decine di milioni di forint di denaro pubblico per i viaggi e gli alloggi del ministro. I dati suggeriscono che non si sia trattato semplicemente di viaggi costosi: in diversi casi, sia la scelta dell\u2019albergo che il mezzo di trasporto risultano difficili da giustificare.<\/p><figure class=\"wp-block-image aligncenter size-full\"><figcaption class=\"wp-element-caption\">\n<\/figcaption><\/figure>\n\n<figure class=\"wp-block-image aligncenter size-full\"><figcaption class=\"wp-element-caption\">\n<\/figcaption><img decoding=\"async\" src=\"https:\/\/dailynewshungary.b-cdn.net\/wp-content\/uploads\/2026\/08\/Former-Minister-Marton-Nagy-and-hi-luxury-spendings.webp\" alt=\"Former Minister M\u00e1rton Nagy and hi luxury spendings\" class=\"wp-image-705707\"\/><figcaption class=\"wp-element-caption\">M\u00e1rton Nagy interviene in qualit\u00e0 di ministro dell\u2019Economia ungherese alla conferenza CPAC 2024 a Budapest. Foto: <a href=\"https:\/\/www.facebook.com\/alapjogokert\/posts\/pfbid0PjmznikhapDKxNNmVotsH8LsHLM4hxrpHxviQ8nSzTz7oJpLwysq12mwND6QmCx5l\" target=\"_blank\" rel=\"noopener\">Facebook\/Alapjogok\u00e9rt K\u00f6zpont<\/a><\/figcaption><\/figure>\n\n\n\n<p class=\"wp-block-paragraph\">I documenti rivelano che M\u00e1rton Nagy si \u00e8 recato in missione ufficiale in 51 citt\u00e0 di 32 paesi tra il 2023 e il 2026, trascorrendo un totale di 115 notti all\u2019estero. <a href=\"https:\/\/24.hu\/belfold\/2026\/08\/31\/nagy-marton-kulfoldi-ut-luxus-del-korea-24extra\" target=\"_blank\" rel=\"noopener\">Secondo 24.hu,<\/a> le spese di alloggio ammontano complessivamente a 51,9 milioni di fiorini, con una media di 451.000 fiorini a notte.<\/p>\n\n\n\n<p class=\"wp-block-paragraph\">Tale cifra \u00e8 di per s\u00e9 gi\u00e0 piuttosto sorprendente. Secondo i dati dell\u2019Ufficio centrale di statistica ungherese, nel luglio 2026 lo stipendio mediano netto nel Paese era pari a 438.000 fiorini. In altre parole, una notte media all\u2019estero per M\u00e1rton Nagy costava pi\u00f9 di quanto un dipendente ungherese portasse a casa in un intero mese, <a href=\"https:\/\/hvg.hu\/gazdasag\/20260831_nagy-marton-nemzetgazdasagi-miniszterium-ngm-hivatalos-ut-luxusszalloda-szallas-koltseg-maganrepulo\" target=\"_blank\" rel=\"noopener\">come riporta hvg.hu<\/a>.<\/p>\n\n\n\n<h2 class=\"wp-block-heading\">La spesa pi\u00f9 stravagante<\/h2>\n\n\n\n<p class=\"wp-block-paragraph\">Il resoconto dettagliato delle spese include voci ancora pi\u00f9 sorprendenti. Nel settembre 2025, due notti presso lo Stafford di Londra sono costate 1,8 milioni di fiorini, mentre tre notti all\u2019Hotel Sanders di Copenaghen sono ammontate a 3,8 milioni di fiorini \u2013 circa 1,2 milioni di fiorini a notte. Due notti al Botanic Hotel di Anversa sono state addebitate per 980.000 fiorini.<\/p><figure class=\"wp-block-image aligncenter size-full\"><figcaption class=\"wp-element-caption\">\n<\/figcaption><\/figure>\n\n<figure class=\"wp-block-image aligncenter size-full\"><figcaption class=\"wp-element-caption\">\n<\/figcaption><img decoding=\"async\" src=\"https:\/\/dailynewshungary.b-cdn.net\/wp-content\/uploads\/2025\/08\/Hungarian-residential-developer-to-build-500-luxury-apartments-on-the-Spanish-Riviera-6.jpg\" alt=\"Hungarian residential developer to build 500 luxury apartments on the Spanish Riviera\" class=\"wp-image-667227\"\/><figcaption class=\"wp-element-caption\">Illustrazione. Sembra che M\u00e1rton Nagy amasse spendere denaro pubblico in sistemazioni di lusso&#8230;<\/figcaption><\/figure>\n\n\n\n<p class=\"wp-block-paragraph\">Neanche la scelta degli hotel sembra particolarmente moderata. Secondo i dati, la delegazione soggiornava regolarmente in hotel appartenenti a catene internazionali di lusso quali Four Seasons, Mandarin Oriental, Ritz-Carlton e Waldorf Astoria. Ad Anversa, M\u00e1rton Nagy ha soggiornato pi\u00f9 volte nello stesso hotel di lusso, nonostante avesse un programma ufficiale a Bruxelles. Ha fatto lo stesso a Zagabria, dove ha soggiornato in una struttura sulla costa adriatica, e in Estremo Oriente.<\/p>\n\n\n\n<h2 class=\"wp-block-heading\">Denaro pubblico per jet privati<\/h2>\n\n\n\n<p class=\"wp-block-paragraph\">L\u2019utilizzo di aeromobili privati ha gonfiato notevolmente il costo dei viaggi. Un viaggio da Parigi a Davos nel gennaio 2024 \u00e8 costato 39,7 milioni di fiorini, di cui 30 milioni solo per il jet privato. Secondo HVG, gli aeromobili privati sono stati utilizzati anche per destinazioni che avrebbero potuto essere facilmente raggiunte con voli di linea.<\/p><figure class=\"wp-block-image aligncenter size-full\"><figcaption class=\"wp-element-caption\">\n<\/figcaption><\/figure>\n\n<figure class=\"wp-block-image aligncenter size-full\"><figcaption class=\"wp-element-caption\"> \n<\/figcaption><img decoding=\"async\" src=\"https:\/\/dailynewshungary.b-cdn.net\/wp-content\/uploads\/2026\/05\/Private-jet.webp\" alt=\"Private jets\" class=\"wp-image-697034\"\/><figcaption class=\"wp-element-caption\">&#8230; e jet privati. Foto: <a href=\"https:\/\/depositphotos.com\/photo\/business-people-with-pilot-and-airhostess-at-terminal-38474501.html\" target=\"_blank\" rel=\"noopener\">depositphotos.com<\/a><\/figcaption><\/figure>\n\n\n\n<p class=\"wp-block-paragraph\">Il viaggio del 2024 in Corea del Sud \u00e8 particolarmente degno di nota. M\u00e1rton Nagy e la sua delegazione composta da sette membri hanno visitato anche l\u2019isola di Jeju, una delle localit\u00e0 turistiche pi\u00f9 popolari della Corea del Sud, spesso descritta come le Hawaii della Corea. Lo scopo ufficiale della visita era indicato come \u00abconsultazioni con i partner strategici\u00bb, tuttavia i documenti forniti non chiariscono per quanti giorni il ministro abbia soggiornato sull\u2019isola n\u00e9 quale fosse il suo programma specifico in loco. L\u2019alloggio della delegazione, tuttavia, \u00e8 costato poco pi\u00f9 di 1 milione di fiorini per cinque giorni.<\/p>\n\n\n\n<h2 class=\"wp-block-heading\">Come M\u00e1rton Nagy si \u00e8 arricchito sotto il governo Orb\u00e1n<\/h2>\n\n\n\n<p class=\"wp-block-paragraph\">Una serie di inchieste condotte da V\u00e1lasz Online, pubblicata in tre parti (<a href=\"\/ITT?pplx_account=0eccf47f-c589-4349-ac9e-0aa28b3d64b4\" target=\"_blank\" rel=\"noopener\">QUI<\/a>, <a href=\"\/ITT?pplx_account=0eccf47f-c589-4349-ac9e-0aa28b3d64b4\" target=\"_blank\" rel=\"noopener\">QUI<\/a> e <a href=\"\/ITT?pplx_account=0eccf47f-c589-4349-ac9e-0aa28b3d64b4\" target=\"_blank\" rel=\"noopener\">QUI<\/a>), suggerisce che M\u00e1rton Nagy abbia accumulato una notevole ricchezza negli ultimi anni attraverso interessi economici legati alla sua famiglia e alla sua rete imprenditoriale. Secondo la pubblicazione, suo fratello, Szil\u00e1rd Nagy, ha svolto un ruolo particolarmente importante, cos\u00ec come la cerchia di avvocati da lui guidata, che nel corso degli anni ha ricevuto ingenti fondi pubblici attraverso incarichi da numerose societ\u00e0 di propriet\u00e0 statale o sostenute dallo Stato.<\/p><figure class=\"wp-block-image aligncenter size-large\"><figcaption class=\"wp-element-caption\">\n<\/figcaption><\/figure>\n\n<figure class=\"wp-block-image aligncenter size-large\"><figcaption class=\"wp-element-caption\">\n<\/figcaption><img loading=\"lazy\" decoding=\"async\" width=\"1280\" height=\"851\" src=\"https:\/\/dailynewshungary.b-cdn.net\/wp-content\/uploads\/2025\/02\/Hungarian-minister-Marton-Nagy-1280x851.jpg\" alt=\"Hungarian minister M\u00e1rton Nagy\" class=\"wp-image-643933\" srcset=\"https:\/\/contentf5.dailynewshungary.com\/wp-content\/uploads\/2025\/02\/Hungarian-minister-Marton-Nagy-1280x851.jpg 1280w, https:\/\/contentf5.dailynewshungary.com\/wp-content\/uploads\/2025\/02\/Hungarian-minister-Marton-Nagy-768x511.jpg 768w, https:\/\/contentf5.dailynewshungary.com\/wp-content\/uploads\/2025\/02\/Hungarian-minister-Marton-Nagy-282x188.jpg 282w, https:\/\/contentf5.dailynewshungary.com\/wp-content\/uploads\/2025\/02\/Hungarian-minister-Marton-Nagy-1536x1022.jpg 1536w, https:\/\/contentf5.dailynewshungary.com\/wp-content\/uploads\/2025\/02\/Hungarian-minister-Marton-Nagy.jpg 2048w\" sizes=\"auto, (max-width: 1280px) 100vw, 1280px\" \/><figcaption class=\"wp-element-caption\">Foto: <a href=\"https:\/\/www.facebook.com\/photo?fbid=122117625452708341&amp;set=pcb.122117625746708341\" target=\"_blank\" rel=\"noopener\">FB\/M\u00e1rton Nagy<\/a><\/figcaption><\/figure>\n\n\n\n<p class=\"wp-block-paragraph\">L\u2019analisi di V\u00e1lasz Online ha rilevato che a questa rete erano collegati appalti aggiudicati da almeno 80 enti legati allo Stato. Nel caso di 34 societ\u00e0, sono stati individuati appalti specifici per un valore di almeno 8,2 miliardi di fiorini. Secondo la dichiarazione patrimoniale dello stesso M\u00e1rton Nagy, dal 2014 \u00e8 proprietario di un appartamento di 89 metri quadrati nel II distretto di Budapest. Lo ha acquistato mentre ricopriva la carica di dirigente della banca centrale, con la Banca Nazionale d\u2019Ungheria che ha fornito un sostegno finanziario per l\u2019acquisto.<\/p>\n\n\n\n<h2 class=\"wp-block-heading\">Immobili di lusso e gestori patrimoniali<\/h2>\n\n\n\n<p class=\"wp-block-paragraph\">Il patrimonio immobiliare della famiglia \u00e8 tuttavia notevolmente pi\u00f9 consistente. Sua moglie detiene una quota di un appartamento di lusso di 168 metri quadrati nel II distretto, il cui valore \u00e8 stimato in circa mezzo miliardo di fiorini, la cui quota maggiore appartiene a Szil\u00e1rd Nagy. La signora Nagy detiene inoltre una quota in un immobile a V\u00e1szoly del valore di circa 150 milioni di fiorini. A carico dell\u2019immobile di lusso situato a Buda era stato registrato un mutuo bancario di 447 milioni di fiorini, ma secondo V\u00e1lasz Online \u00e8 stato estinto nel giro di soli quattro o cinque mesi.<\/p>\n\n\n\n<p class=\"has-very-light-gray-to-cyan-bluish-gray-gradient-background has-background wp-block-paragraph\"><strong>Se ve lo siete perso: <a href=\"https:\/\/dailynewshungary.com\/it\/svelata-una-frode-da-100-miliardi-di-fiorini-in-relazione-al-dispositivo-di-allerta-di-emergenza-gondosora-per-gli-anziani\/\/\">\u00c8 stata scoperta una frode da 275 milioni di euro in relazione al dispositivo di allarme di emergenza per anziani \u00abGondos\u00f3ra\u00bb?<\/a><\/strong><\/p>\n\n\n\n<p class=\"wp-block-paragraph\">Un\u2019altra figura di rilievo nella rete imprenditoriale della famiglia \u00e8 P\u00e9ter Fenyvesi, che in precedenza era stato coinvolto nella gestione del patrimonio immobiliare di Szil\u00e1rd Nagy e in seguito \u00e8 diventato direttore della Trustify Investment Fund Management. Secondo quanto riporta V\u00e1lasz Online, i fondi di private equity gestiti da Trustify hanno ricevuto ingenti somme di capitale statale. A Trustify Impact I, ad esempio, sono stati assegnati 35 miliardi di fiorini attraverso un programma di capitale statale, mentre per finanziare il contributo del fondo \u00e8 stato utilizzato anche un prestito bancario garantito dallo Stato.<\/p>\n\n\n\n<p class=\"wp-block-paragraph\">I fondi hanno acquisito partecipazioni in una serie di iniziative, tra cui progetti immobiliari nei dintorni del Lago Balaton, un edificio adibito a uffici a Buda, societ\u00e0 operanti nei settori dell\u2019energia e della tecnologia, nonch\u00e9 parchi solari ed eolici. Tra i loro investimenti figura un progetto immobiliare a Z\u00e1nka che in precedenza era di propriet\u00e0 dello Stato.<\/p>\n\n\n\n<p class=\"wp-block-paragraph\">Nel loro insieme, le tre inchieste di V\u00e1lasz Online evidenziano l\u2019esistenza di una rete che collega cariche statali, legami con imprese familiari, incarichi legali, propriet\u00e0 immobiliari e fondi di private equity che operano con ingenti somme di denaro pubblico. Attraverso questa rete, M\u00e1rton Nagy sembra essere collegato \u2013 direttamente o tramite la sua famiglia \u2013 a beni e interessi commerciali di notevole valore.<\/p>\n\n\n\n<p class=\"has-very-light-gray-to-cyan-bluish-gray-gradient-background has-background wp-block-paragraph\"><strong>Sconcerto per i costi eccessivi della centrale nucleare di Paks II: <a href=\"https:\/\/dailynewshungary.com\/it\/allarme-per-i-costi-eccessivi-della-centrale-nucleare-di-paks-ii-gli-imprenditori-e-i-politici-legati-a-orban-e-affiliati-al-partito-tisza-si-sono-intascati-il-denaro\/\/\">gli imprenditori e i politici legati a Orb\u00e1n e affiliati alla Tisza si sono intascati il denaro?<\/a><\/strong><\/p>\n\n\n\n<p class=\"wp-block-paragraph\"><\/p>\n","protected":false},"excerpt":{"rendered":"<p>Sebbene nessuna delle speranze, dei piani o delle promesse formulate da M\u00e1rton Nagy in qualit\u00e0 di ministro dell\u2019Economia in materia di crescita economica sembri essersi concretizzata, il ministro appare essere stato pi\u00f9 che disposto a spendere denaro pubblico \u2013 sia all\u2019epoca che, a posteriori, in modo inspiegabile \u2013 in alloggi di lusso e jet privati. [&hellip;]<\/p>\n","protected":false},"author":18,"featured_media":793107,"comment_status":"open","ping_status":"open","sticky":false,"template":"","format":"standard","meta":{"_display_image":"","footnotes":""},"categories":[2392],"tags":[2654,1280,1219,2619,1069],"class_list":["post-793106","post","type-post","status-publish","format-standard","has-post-thumbnail","hentry","category-ungherese","tag-categoria-politica-2","tag-crisi-economica-in-ungheria","tag-economia-ungherese","tag-governo-orban","tag-ungheria"],"blocksy_meta":[],"author_username":"johnwoods","telegram_post":"","public_post_metadata":{"breaking_news":"yes","important":"no","csempe":"yes","center_tile":"no","disable_thumbnail":"no","target_lang":"","_featured_image_style":"","telegram_post":"","_xlat_group_id":"4b0c219f-2a49-4ea4-b028-85638b80d11f"},"public_rank_math_data":{"title":"Come il ministro M\u00e1rton Nagy ha sperperato denaro pubblico in beni di lusso","description":"Secondo i documenti pi\u00f9 recenti, l\u2019ex ministro M\u00e1rton Nagy sembra pi\u00f9 che disposto a spendere denaro pubblico in beni di lusso.","focus_keyword":"denaro pubblico","canonical_url":"","robots":"","primary_category":"2392","breadcrumb_title":"","facebook_title":"","facebook_description":"","facebook_image":"","facebook_image_id":"","twitter_title":"","twitter_description":"","twitter_image":"","twitter_image_id":"","twitter_card_type":"","twitter_use_facebook":"","advanced_robots":"","pillar_content":"","seo_score":"79","contentai_score":"","rich_snippet":""},"_links":{"self":[{"href":"https:\/\/dailynewshungary.com\/it\/wp-json\/wp\/v2\/posts\/793106","targetHints":{"allow":["GET"]}}],"collection":[{"href":"https:\/\/dailynewshungary.com\/it\/wp-json\/wp\/v2\/posts"}],"about":[{"href":"https:\/\/dailynewshungary.com\/it\/wp-json\/wp\/v2\/types\/post"}],"author":[{"embeddable":true,"href":"https:\/\/dailynewshungary.com\/it\/wp-json\/wp\/v2\/users\/18"}],"replies":[{"embeddable":true,"href":"https:\/\/dailynewshungary.com\/it\/wp-json\/wp\/v2\/comments?post=793106"}],"version-history":[{"count":0,"href":"https:\/\/dailynewshungary.com\/it\/wp-json\/wp\/v2\/posts\/793106\/revisions"}],"wp:featuredmedia":[{"embeddable":true,"href":"https:\/\/dailynewshungary.com\/it\/wp-json\/wp\/v2\/media\/793107"}],"wp:attachment":[{"href":"https:\/\/dailynewshungary.com\/it\/wp-json\/wp\/v2\/media?parent=793106"}],"wp:term":[{"taxonomy":"category","embeddable":true,"href":"https:\/\/dailynewshungary.com\/it\/wp-json\/wp\/v2\/categories?post=793106"},{"taxonomy":"post_tag","embeddable":true,"href":"https:\/\/dailynewshungary.com\/it\/wp-json\/wp\/v2\/tags?post=793106"}],"curies":[{"name":"wp","href":"https:\/\/api.w.org\/{rel}","templated":true}]}}