{"id":793112,"date":"2026-08-31T15:44:00","date_gmt":"2026-08-31T13:44:00","guid":{"rendered":"https:\/\/dailynewshungary.com\/it\/un-altro-quartiere-del-centro-di-budapest-potrebbe-vietare-airbnb-si-profila-un-referendum\/"},"modified":"2026-08-31T15:44:00","modified_gmt":"2026-08-31T13:44:00","slug":"un-altro-quartiere-del-centro-di-budapest-potrebbe-vietare-airbnb-si-profila-un-referendum","status":"publish","type":"post","link":"https:\/\/dailynewshungary.com\/it\/un-altro-quartiere-del-centro-di-budapest-potrebbe-vietare-airbnb-si-profila-un-referendum\/","title":{"rendered":"Un altro quartiere del centro di Budapest potrebbe vietare Airbnb: si profila un referendum"},"content":{"rendered":"\n<p class=\"wp-block-paragraph\"><strong>Il Consiglio del distretto del Castello di Buda sta avviando un sondaggio sugli affitti a breve termine (Airbnb), per consentire alle opinioni dei residenti di influenzare le decisioni sulla futura regolamentazione, come ha comunicato il Consiglio all\u2019agenzia di stampa ungherese MTI.<\/strong><\/p>\n\n\n\n<h2 class=\"wp-block-heading\">Il sindaco auspica un quartiere residenziale vivace e attraente<\/h2>\n\n\n\n<p class=\"wp-block-paragraph\">La questione \u00e8 particolarmente attuale poich\u00e9 la moratoria prevista dalla legge sulla registrazione di nuovi alloggi a breve termine scadr\u00e0 alla fine dell\u2019anno. Il consiglio dovr\u00e0 quindi decidere quali norme applicare nel Distretto I, <a href=\"https:\/\/mti.hu\/hirek\/2026\/08\/31\/szavazast-indit-budavari-onkormanyzat-az-airbnb-rol\" target=\"_blank\" rel=\"noopener\">ha scritto<\/a> l\u2019agenzia di stampa ungherese.<\/p>\n\n\n\n<p class=\"wp-block-paragraph\">Gli affitti a breve termine rappresentano una questione particolarmente rilevante nel Distretto I, una delle principali destinazioni turistiche di Budapest, soprattutto all\u2019interno e nei dintorni del Castello di Buda. Gli affitti a breve termine generano entrate turistiche, ma le associazioni dei residenti e i proprietari immobiliari hanno anche sollevato una serie di preoccupazioni in merito a tali affitti.<\/p><figure class=\"wp-block-image aligncenter size-full\"><figcaption class=\"wp-element-caption\">\n<\/figcaption><\/figure>\n\n<figure class=\"wp-block-image aligncenter size-full\"><figcaption class=\"wp-element-caption\">\n<\/figcaption><img loading=\"lazy\" decoding=\"async\" width=\"1256\" height=\"686\" src=\"https:\/\/dailynewshungary.b-cdn.net\/wp-content\/uploads\/2022\/04\/Archduke-Josephs-palace-in-the-Buda-Castle.webp\" alt=\"Archduke Joseph's palace in the Buda Castle\" class=\"wp-image-484646\" srcset=\"https:\/\/contentf5.dailynewshungary.com\/wp-content\/uploads\/2022\/04\/Archduke-Josephs-palace-in-the-Buda-Castle.webp 1256w, https:\/\/contentf5.dailynewshungary.com\/wp-content\/uploads\/2022\/04\/Archduke-Josephs-palace-in-the-Buda-Castle-768x419.webp 768w, https:\/\/contentf5.dailynewshungary.com\/wp-content\/uploads\/2022\/04\/Archduke-Josephs-palace-in-the-Buda-Castle-350x191.webp 350w, https:\/\/contentf5.dailynewshungary.com\/wp-content\/uploads\/2022\/04\/Archduke-Josephs-palace-in-the-Buda-Castle-248x135.webp 248w, https:\/\/contentf5.dailynewshungary.com\/wp-content\/uploads\/2022\/04\/Archduke-Josephs-palace-in-the-Buda-Castle-1030x563.webp 1030w, https:\/\/contentf5.dailynewshungary.com\/wp-content\/uploads\/2022\/04\/Archduke-Josephs-palace-in-the-Buda-Castle-260x142.webp 260w, https:\/\/contentf5.dailynewshungary.com\/wp-content\/uploads\/2022\/04\/Archduke-Josephs-palace-in-the-Buda-Castle-50x27.webp 50w, https:\/\/contentf5.dailynewshungary.com\/wp-content\/uploads\/2022\/04\/Archduke-Josephs-palace-in-the-Buda-Castle-137x75.webp 137w\" sizes=\"auto, (max-width: 1256px) 100vw, 1256px\" \/><figcaption class=\"wp-element-caption\">Quartiere del Castello di Buda: gestire affitti a breve termine in questa zona pu\u00f2 rivelarsi una miniera d\u2019oro per famiglie e aziende. Foto: <a href=\"https:\/\/youtu.be\/o8q63BLvhR8\" target=\"_blank\" rel=\"noopener\">PrtScr\/Youtube<\/a><\/figcaption><\/figure>\n\n\n\n<p class=\"wp-block-paragraph\">\u00abNel dibattito sono in gioco argomenti e interessi nettamente diversi, e tutti meritano di essere presi in considerazione. In qualit\u00e0 di sindaco, ritengo giusto che non si debbano prendere decisioni scavalcando le persone che vivono qui\u00bb, <a href=\"https:\/\/www.facebook.com\/boroczlaszlo.hu\/posts\/pfbid0KYnQcYq48583e4dwKaC96HftxBXB1TRbeCHt15J58qKYuJrxEyLAmYXh61KyqKs5l\" target=\"_blank\" rel=\"noopener\">ha affermato<\/a> L\u00e1szl\u00f3 B\u00f6r\u00f6cz <a href=\"https:\/\/www.facebook.com\/boroczlaszlo.hu\/posts\/pfbid0KYnQcYq48583e4dwKaC96HftxBXB1TRbeCHt15J58qKYuJrxEyLAmYXh61KyqKs5l\" target=\"_blank\" rel=\"noopener\">, secondo quanto riportato nel comunicato<\/a>.<\/p>\n\n\n\n<p class=\"wp-block-paragraph\">Il sindaco del Fidesz ha aggiunto che il consiglio comunale intende preservare il quartiere del Castello di Buda come zona residenziale vivace e attraente, pur riconoscendo che il turismo e gli affitti a breve termine sono importanti per molte persone e per le imprese locali.<\/p>\n\n\n\n<h2 class=\"wp-block-heading\">Il quartiere del Castello di Buda potrebbe vietare Airbnb<\/h2>\n\n\n\n<p class=\"wp-block-paragraph\">Potranno partecipare al referendum i residenti di et\u00e0 pari o superiore a 18 anni che abbiano un domicilio permanente nel Distretto I. Verranno poste loro due domande.<\/p>\n\n\n\n<p class=\"wp-block-paragraph\">La prima domanda verter\u00e0 sul loro sostegno a un divieto totale di Airbnb. La seconda chieder\u00e0 se, qualora Airbnb non venisse vietato, sarebbero favorevoli all\u2019imposizione, da parte del consiglio comunale, di condizioni relative alla fornitura di alloggi a breve termine.<\/p>\n\n\n\n<p class=\"has-very-light-gray-to-cyan-bluish-gray-gradient-background has-background wp-block-paragraph\"><a href=\"https:\/\/dailynewshungary.com\/it\/le-restrizioni-di-airbnb-a-budapest-potrebbero-scoraggiare-i-turisti\/\/\"><strong>Le restrizioni su Airbnb a Budapest potrebbero scoraggiare i turisti<\/strong><\/a><\/p>\n\n\n\n<p class=\"wp-block-paragraph\">In risposta a una domanda dell\u2019agenzia MTI, il consiglio comunale ha affermato che il Distretto I conta attualmente pi\u00f9 di 400 alloggi privati autorizzati e altre propriet\u00e0, generalmente gestite come attivit\u00e0 commerciali.<\/p>\n\n\n\n<p class=\"wp-block-paragraph\">Il primo distretto di Budapest a vietare gli affitti Airbnb \u00e8 stato il 6\u00b0 distretto della capitale, a seguito di un referendum che ha registrato un\u2019affluenza alle urne molto bassa.<\/p><figure class=\"wp-block-image aligncenter size-full\"><figcaption class=\"wp-element-caption\">\n<\/figcaption><\/figure>\n\n<figure class=\"wp-block-image aligncenter size-full\"><figcaption class=\"wp-element-caption\">\n<\/figcaption><img decoding=\"async\" src=\"https:\/\/dailynewshungary.b-cdn.net\/wp-content\/uploads\/2026\/08\/Protest-against-the-ban-of-Airbnb-rentals-in-the-6th-district-in-Budapest.webp\" alt=\"Protest against the ban of Airbnb rentals in the 6th district in Budapest\" class=\"wp-image-705722\"\/><figcaption class=\"wp-element-caption\">Residenti contrari al divieto di nuovi affitti a breve termine nel 6\u00b0 distretto di Budapest. Foto: <a href=\"https:\/\/www.facebook.com\/photo\/?fbid=959127792922911&amp;set=a.552005506968477\" target=\"_blank\" rel=\"noopener\">Facebook\/Magyar ApartmanKiad\u00f3k Egyes\u00fclete<\/a><\/figcaption><\/figure>\n\n\n\n<p class=\"has-very-light-gray-to-cyan-bluish-gray-gradient-background has-background wp-block-paragraph\"><strong>Continua la repressione di Airbnb a Budapest: <a href=\"https:\/\/dailynewshungary.com\/it\/continua-la-stretta-su-airbnb-a-budapest-un-altro-distretto-aderisce-alle-norme\/\/\">un altro distretto aderisce alle norme<\/a><\/strong><br><br><strong>Attenzione! <a href=\"https:\/\/dailynewshungary.com\/never-stay-budapest-airbnb-with-this-sticker\/\">Non soggiornate mai in un alloggio Airbnb a Budapest su cui sia apposto questo adesivo<\/a><\/strong><\/p>\n\n\n\n<p class=\"wp-block-paragraph\">Immagine in evidenza: <a href=\"https:\/\/depositphotos.com\/photo\/young-women-backpacks-arriving-youth-hostel-339549268.html\" target=\"_blank\" rel=\"noopener\">depositphotos.com<\/a><\/p>\n","protected":false},"excerpt":{"rendered":"<p>Il Consiglio del distretto del Castello di Buda sta avviando un sondaggio sugli affitti a breve termine (Airbnb), per consentire alle opinioni dei residenti di influenzare le decisioni sulla futura regolamentazione, come ha comunicato il Consiglio all\u2019agenzia di stampa ungherese MTI. Il sindaco auspica un quartiere residenziale vivace e attraente La questione \u00e8 particolarmente attuale [&hellip;]<\/p>\n","protected":false},"author":33,"featured_media":793113,"comment_status":"open","ping_status":"open","sticky":false,"template":"","format":"standard","meta":{"_display_image":"","footnotes":""},"categories":[2401],"tags":[1158,2654,2676,2700,1458,1072,1069,1073],"class_list":["post-793112","post","type-post","status-publish","format-standard","has-post-thumbnail","hentry","category-turismo","tag-budapest","tag-categoria-politica-2","tag-categoria-politica-ungherese-2","tag-categoria-viaggi-2","tag-referendum","tag-turismo","tag-ungheria","tag-viaggi"],"blocksy_meta":[],"author_username":"ugyelet","telegram_post":"","public_post_metadata":{"breaking_news":"yes","important":"no","csempe":"yes","center_tile":"no","disable_thumbnail":"no","target_lang":"","_featured_image_style":"","telegram_post":"","_xlat_group_id":"b6922d80-844b-4979-b204-0bb576cdfed1"},"public_rank_math_data":{"title":"Un altro quartiere del centro di Budapest potrebbe vietare le sistemazioni Airbnb","description":"Il Consiglio del quartiere del Castello di Buda sta avviando un sondaggio sugli affitti a breve termine, che potrebbe portare a un divieto totale delle sistemazioni Airbnb.","focus_keyword":"Airbnb","canonical_url":"","robots":"","primary_category":"2401","breadcrumb_title":"","facebook_title":"","facebook_description":"","facebook_image":"","facebook_image_id":"","twitter_title":"","twitter_description":"","twitter_image":"","twitter_image_id":"","twitter_card_type":"","twitter_use_facebook":"","advanced_robots":"","pillar_content":"","seo_score":"80","contentai_score":"","rich_snippet":""},"_links":{"self":[{"href":"https:\/\/dailynewshungary.com\/it\/wp-json\/wp\/v2\/posts\/793112","targetHints":{"allow":["GET"]}}],"collection":[{"href":"https:\/\/dailynewshungary.com\/it\/wp-json\/wp\/v2\/posts"}],"about":[{"href":"https:\/\/dailynewshungary.com\/it\/wp-json\/wp\/v2\/types\/post"}],"author":[{"embeddable":true,"href":"https:\/\/dailynewshungary.com\/it\/wp-json\/wp\/v2\/users\/33"}],"replies":[{"embeddable":true,"href":"https:\/\/dailynewshungary.com\/it\/wp-json\/wp\/v2\/comments?post=793112"}],"version-history":[{"count":0,"href":"https:\/\/dailynewshungary.com\/it\/wp-json\/wp\/v2\/posts\/793112\/revisions"}],"wp:featuredmedia":[{"embeddable":true,"href":"https:\/\/dailynewshungary.com\/it\/wp-json\/wp\/v2\/media\/793113"}],"wp:attachment":[{"href":"https:\/\/dailynewshungary.com\/it\/wp-json\/wp\/v2\/media?parent=793112"}],"wp:term":[{"taxonomy":"category","embeddable":true,"href":"https:\/\/dailynewshungary.com\/it\/wp-json\/wp\/v2\/categories?post=793112"},{"taxonomy":"post_tag","embeddable":true,"href":"https:\/\/dailynewshungary.com\/it\/wp-json\/wp\/v2\/tags?post=793112"}],"curies":[{"name":"wp","href":"https:\/\/api.w.org\/{rel}","templated":true}]}}