{"id":793114,"date":"2026-08-31T16:54:00","date_gmt":"2026-08-31T14:54:00","guid":{"rendered":"https:\/\/dailynewshungary.com\/it\/peter-magyar-a-bled-ha-parlato-di-gestione-delle-crisi-deficit-di-bilancio-questioni-relative-allue-migrazione-illegale-e-cooperazione-regionale\/"},"modified":"2026-08-31T16:54:00","modified_gmt":"2026-08-31T14:54:00","slug":"peter-magyar-a-bled-ha-parlato-di-gestione-delle-crisi-deficit-di-bilancio-questioni-relative-allue-migrazione-illegale-e-cooperazione-regionale","status":"publish","type":"post","link":"https:\/\/dailynewshungary.com\/it\/peter-magyar-a-bled-ha-parlato-di-gestione-delle-crisi-deficit-di-bilancio-questioni-relative-allue-migrazione-illegale-e-cooperazione-regionale\/","title":{"rendered":"P\u00e9ter Magyar a Bled ha parlato di gestione delle crisi, deficit di bilancio, questioni relative all\u2019UE, migrazione illegale e cooperazione regionale"},"content":{"rendered":"\n<p class=\"wp-block-paragraph\"><strong>Il governo ungherese ha gi\u00e0 risolto diverse situazioni di crisi da quando \u00e8 salito al potere a maggio, ha dichiarato luned\u00ec il primo ministro P\u00e9ter Magyar al Forum strategico di Bled in Slovenia, aggiungendo: \u00abSono orgoglioso del mio governo\u00bb.<\/strong><\/p>\n\n\n\n<p class=\"wp-block-paragraph\">Ha citato come esempio la crisi dell\u2019approvvigionamento energetico causata da condizioni meteorologiche estreme, affermando che la soluzione \u00e8 stata garantita da \u00abuna cooperazione enorme e senza precedenti\u00bb. Ha inoltre dichiarato che, sebbene il suo governo avesse ereditato un deficit significativo, \u00e8 riuscito a ridurlo di 2,5 miliardi di euro.<\/p><figure class=\"wp-block-image aligncenter size-full\"><figcaption class=\"wp-element-caption\">\n<\/figcaption><\/figure>\n\n<figure class=\"wp-block-image aligncenter size-full\"><figcaption class=\"wp-element-caption\">\n<\/figcaption><img decoding=\"async\" src=\"https:\/\/dailynewshungary.b-cdn.net\/wp-content\/uploads\/2026\/08\/Peter-Magyar-and-Anita-Orban.webp\" alt=\"P\u00e9ter Magyar and Anita Orb\u00e1n\" class=\"wp-image-705725\"\/><figcaption class=\"wp-element-caption\">Il primo ministro P\u00e9ter Magyar e la ministra degli Esteri Anita Orb\u00e1n a Bled, in Slovenia. Foto: <a href=\"https:\/\/www.facebook.com\/peter.magyar.102\/posts\/pfbid0xSD9C3j6iqDJC3kZjNLxDaVy7NLaNC6NxyF11mrafrBVbzh8gEoRa1jJXozidpGRl\" target=\"_blank\" rel=\"noopener\">Facebook\/P\u00e9ter Magyar<\/a><\/figcaption><\/figure>\n\n\n\n<h2 class=\"wp-block-heading\">Dialogo diretto<\/h2>\n\n\n\n<p class=\"wp-block-paragraph\">Un dialogo schietto \u00e8 fondamentale quando si tratta di risolvere i problemi che l\u2019Unione Europea deve affrontare, ha affermato Magyar. Per quanto riguarda la lotta contro l\u2019immigrazione clandestina, <a href=\"https:\/\/mti.hu\/en\/articles\/2026\/08\/31\/magyar-straighforward-communication-key-resolving-eu-problems\" target=\"_blank\" rel=\"noopener\">Magyar ha dichiarato<\/a>: \u00ab\u00c8 difficile spiegare agli ungheresi perch\u00e9 l\u2019Ungheria riceva un trattamento ingiusto a Bruxelles\u00bb.<\/p>\n\n\n\n<p class=\"wp-block-paragraph\">In base a una sentenza della Corte di giustizia europea, l\u2019Ungheria \u00e8 tenuta a versare ogni giorno una somma considerevole \u00absemplicemente perch\u00e9 proteggiamo le frontiere comuni dell\u2019UE\u2026 questo non \u00e8 giusto\u00bb, ha affermato, aggiungendo che il controllo delle frontiere rappresenta \u00abuno dei compiti pi\u00f9 importanti\u00bb degli Stati membri dell\u2019UE.<\/p>\n\n\n\n<h2 class=\"wp-block-heading\">Il governo Tisza \u00e8 \u00abpi\u00f9 costruttivo\u00bb rispetto al precedente<\/h2>\n\n\n\n<p class=\"wp-block-paragraph\">Il governo Tisza \u00e8 \u00abpi\u00f9 costruttivo del precedente nell\u2019UE, ma ci\u00f2 non significa che non difenderemo gli interessi ungheresi giorno e notte\u00bb, ha dichiarato luned\u00ec il primo ministro in occasione del Forum strategico di Bled.<\/p><figure class=\"wp-block-image aligncenter size-full\"><figcaption class=\"wp-element-caption\">\n<\/figcaption><\/figure>\n\n<figure class=\"wp-block-image aligncenter size-full\"><figcaption class=\"wp-element-caption\">\n<\/figcaption><img decoding=\"async\" src=\"https:\/\/dailynewshungary.b-cdn.net\/wp-content\/uploads\/2026\/07\/Magyar-government-takes-up-new-FX-loan.webp\" alt=\"Magyar government sitting FX loan\" class=\"wp-image-701546\"\/><figcaption class=\"wp-element-caption\">Riunione di governo. Foto: <a href=\"https:\/\/www.facebook.com\/peter.magyar.102\/posts\/pfbid02efTCceJZDDVYyTsijBFxg3zL7gBKf5DdTFXt72xV2qQfnPCSc8AakHKcA32SNxubl\" target=\"_blank\" rel=\"noopener\">Facebook\/Magyar P\u00e9ter<\/a><\/figcaption><\/figure>\n\n\n\n<p class=\"wp-block-paragraph\">L\u2019Unione europea deve concentrarsi su questioni quali la cooperazione economica e la competitivit\u00e0, ha affermato. \u00abNon \u00e8 troppo tardi per cambiare\u2026 dobbiamo decidere se l\u2019UE voglia semplicemente sopravvivere o vincere\u00bb, ha dichiarato, aggiungendo che le due opzioni richiedono due approcci distinti.<\/p>\n\n\n\n<p class=\"wp-block-paragraph\">Ha affermato che \u00abquest\u2019ultimo non \u00e8 ancora l\u2019obiettivo\u00bb a Bruxelles, ma ha aggiunto che l\u2019Europa centrale \u00abdeve impegnarsi per diventare un vincitore\u00bb e ha sottolineato l\u2019importanza della cooperazione regionale.<\/p>\n\n\n\n<h2 class=\"wp-block-heading\">La cooperazione regionale \u00e8 importante per l\u2019Ungheria, ha sottolineato la ministra degli Esteri Anita Orb\u00e1n<\/h2>\n\n\n\n<p class=\"wp-block-paragraph\">La ministra degli Esteri <a href=\"https:\/\/mti.hu\/en\/articles\/2026\/08\/31\/foreign-min-regional-cooperation-important-hungary\" target=\"_blank\" rel=\"noopener\">Anita Orb\u00e1n ha sottolineato<\/a> l\u2019importanza della cooperazione regionale in vista del Forum strategico di Bled, che avr\u00e0 inizio luned\u00ec. La sicurezza dell\u2019Ungheria, la sua competitivit\u00e0, i collegamenti nei settori dei trasporti e dell\u2019energia, nonch\u00e9 l\u2019integrazione europea dei Balcani occidentali dipendono tutti dalla capacit\u00e0 del Paese di cooperare efficacemente nella regione, ha affermato la Orb\u00e1n in un post su Facebook.<\/p>\n\n\n\n<p class=\"has-very-light-gray-to-cyan-bluish-gray-gradient-background has-background wp-block-paragraph\"><strong>Se ve lo siete perso \u2013 <a href=\"https:\/\/dailynewshungary.com\/it\/il-governo-di-peter-magyar-promette-una-nuova-era-per-le-scuole-ungheresi-gli-alunni-e-gli-insegnanti-dovrebbero-rallegrarsi\/\/\">Il governo di P\u00e9ter Magyar promette una nuova era per le scuole ungheresi<\/a>: gli alunni e gli insegnanti dovrebbero rallegrarsene?<\/strong><\/p>\n\n\n\n<p class=\"wp-block-paragraph\">La ministra partecipa al forum in Slovenia, che ha definito \u00abuno dei pi\u00f9 importanti incontri di politica estera dell\u2019Europa centrale e sud-orientale\u00bb, dove i leader politici e diplomatici si riuniscono per discutere delle questioni pi\u00f9 urgenti della regione.<\/p><figure class=\"wp-block-image aligncenter size-full\"><figcaption class=\"wp-element-caption\">\n<\/figcaption><\/figure>\n\n<figure class=\"wp-block-image aligncenter size-full\"><figcaption class=\"wp-element-caption\">\n<\/figcaption><img decoding=\"async\" src=\"https:\/\/dailynewshungary.b-cdn.net\/wp-content\/uploads\/2026\/08\/Hungarian-FM-Anita-Orban.webp\" alt=\"Hungarian FM Anita Orb\u00e1n\" class=\"wp-image-705424\"\/><figcaption class=\"wp-element-caption\">Foto: <a href=\"https:\/\/www.facebook.com\/orbananita.tisza\/posts\/pfbid0332ZzLV9YhqnG6x2do6TbApNAEJcCixYwAucCR57ygMQxaZsgCqU5p9xtxed28prbl\" target=\"_blank\" rel=\"noopener\">Facebook\/Orb\u00e1n Anita<\/a><\/figcaption><\/figure>\n\n\n\n<p class=\"wp-block-paragraph\">Ha affermato che il Forum strategico di Bled presenta \u00abinteressi concreti\u00bb per l\u2019Ungheria. La signora Orb\u00e1n ha dichiarato che luned\u00ec discuter\u00e0 di cooperazione regionale con i suoi omologhi e terr\u00e0 diversi incontri bilaterali.<\/p>\n\n\n\n<p class=\"wp-block-paragraph\">Il 21\u00b0 Forum strategico di Bled, che avr\u00e0 inizio luned\u00ec, verter\u00e0 sul futuro dell\u2019Europa, sull\u2019allargamento dell\u2019Unione europea, sulla sicurezza europea e sui Balcani occidentali. L\u2019evento, della durata di due giorni, riunir\u00e0 capi di Stato e di governo, nonch\u00e9 ministri degli Esteri dell\u2019Europa centrale e sud-orientale, commissari dell\u2019UE ed esperti in materia economica e politica.<\/p>\n\n\n\n<p class=\"has-very-light-gray-to-cyan-bluish-gray-gradient-background has-background wp-block-paragraph\"><strong><a href=\"https:\/\/dailynewshungary.com\/it\/il-nuovo-programma-di-edilizia-residenziale-in-ungheria-potrebbe-ridefinire-il-mercato-immobiliare\/\/\">Il nuovo programma di edilizia residenziale in Ungheria potrebbe ridisegnare il mercato immobiliare<\/a><\/strong><\/p>\n","protected":false},"excerpt":{"rendered":"<p>Il governo ungherese ha gi\u00e0 risolto diverse situazioni di crisi da quando \u00e8 salito al potere a maggio, ha dichiarato luned\u00ec il primo ministro P\u00e9ter Magyar al Forum strategico di Bled in Slovenia, aggiungendo: \u00abSono orgoglioso del mio governo\u00bb. Ha citato come esempio la crisi dell\u2019approvvigionamento energetico causata da condizioni meteorologiche estreme, affermando che la [&hellip;]<\/p>\n","protected":false},"author":33,"featured_media":793115,"comment_status":"open","ping_status":"open","sticky":false,"template":"","format":"standard","meta":{"_display_image":"","footnotes":""},"categories":[2877],"tags":[2654,2616,2612,1571,1069,1075,1130],"class_list":["post-793114","post","type-post","status-publish","format-standard","has-post-thumbnail","hentry","category-affari-esteri","tag-categoria-politica-2","tag-governo-magiaro","tag-peter-magyar","tag-slovenia","tag-ungheria","tag-unione-europea","tag-visita"],"blocksy_meta":[],"author_username":"ugyelet","telegram_post":"","public_post_metadata":{"breaking_news":"yes","important":"no","csempe":"yes","center_tile":"no","disable_thumbnail":"no","target_lang":"","_featured_image_style":"","telegram_post":"","_xlat_group_id":"167bd8a7-d085-487d-9859-ca1b6269f70f"},"public_rank_math_data":{"title":"P\u00e9ter Magyar sulla gestione delle crisi e sui dibattiti con l\u2019UE","description":"Il governo ungherese ha gi\u00e0 risolto diverse situazioni di crisi da quando \u00e8 salito al potere a maggio, ha affermato il primo ministro P\u00e9ter Magyar.","focus_keyword":"P\u00e9ter Magyar","canonical_url":"","robots":"","primary_category":"2877","breadcrumb_title":"","facebook_title":"","facebook_description":"","facebook_image":"","facebook_image_id":"","twitter_title":"","twitter_description":"","twitter_image":"","twitter_image_id":"","twitter_card_type":"","twitter_use_facebook":"","advanced_robots":"","pillar_content":"","seo_score":"82","contentai_score":"","rich_snippet":""},"_links":{"self":[{"href":"https:\/\/dailynewshungary.com\/it\/wp-json\/wp\/v2\/posts\/793114","targetHints":{"allow":["GET"]}}],"collection":[{"href":"https:\/\/dailynewshungary.com\/it\/wp-json\/wp\/v2\/posts"}],"about":[{"href":"https:\/\/dailynewshungary.com\/it\/wp-json\/wp\/v2\/types\/post"}],"author":[{"embeddable":true,"href":"https:\/\/dailynewshungary.com\/it\/wp-json\/wp\/v2\/users\/33"}],"replies":[{"embeddable":true,"href":"https:\/\/dailynewshungary.com\/it\/wp-json\/wp\/v2\/comments?post=793114"}],"version-history":[{"count":0,"href":"https:\/\/dailynewshungary.com\/it\/wp-json\/wp\/v2\/posts\/793114\/revisions"}],"wp:featuredmedia":[{"embeddable":true,"href":"https:\/\/dailynewshungary.com\/it\/wp-json\/wp\/v2\/media\/793115"}],"wp:attachment":[{"href":"https:\/\/dailynewshungary.com\/it\/wp-json\/wp\/v2\/media?parent=793114"}],"wp:term":[{"taxonomy":"category","embeddable":true,"href":"https:\/\/dailynewshungary.com\/it\/wp-json\/wp\/v2\/categories?post=793114"},{"taxonomy":"post_tag","embeddable":true,"href":"https:\/\/dailynewshungary.com\/it\/wp-json\/wp\/v2\/tags?post=793114"}],"curies":[{"name":"wp","href":"https:\/\/api.w.org\/{rel}","templated":true}]}}