{"id":793118,"date":"2026-09-01T04:34:00","date_gmt":"2026-09-01T02:34:00","guid":{"rendered":"https:\/\/dailynewshungary.com\/it\/documenti-interni-rivelano-che-un-politico-e-uomo-daffari-legato-a-orban-deteneva-un-potere-illimitato-sui-media-pubblici-ungheresi\/"},"modified":"2026-09-01T04:34:00","modified_gmt":"2026-09-01T02:34:00","slug":"documenti-interni-rivelano-che-un-politico-e-uomo-daffari-legato-a-orban-deteneva-un-potere-illimitato-sui-media-pubblici-ungheresi","status":"publish","type":"post","link":"https:\/\/dailynewshungary.com\/it\/documenti-interni-rivelano-che-un-politico-e-uomo-daffari-legato-a-orban-deteneva-un-potere-illimitato-sui-media-pubblici-ungheresi\/","title":{"rendered":"Documenti interni rivelano che un politico e uomo d\u2019affari legato a Orb\u00e1n deteneva un potere illimitato sui media pubblici ungheresi"},"content":{"rendered":"\n<p class=\"wp-block-paragraph\"><strong>I dirigenti dei media pubblici ungheresi stanno presentando una denuncia alla polizia in merito a presunte pratiche gestionali illecite degli anni precedenti, ha dichiarato luned\u00ec l\u2019ufficio stampa dell\u2019operatore, Duna M\u00e9diaszolg\u00e1ltat\u00f3.<\/strong><\/p>\n\n\n\n<h2 class=\"wp-block-heading\">Un politico legato a Orb\u00e1n \u00abha guidato i media pubblici ungheresi\u00bb<\/h2>\n\n\n\n<p class=\"wp-block-paragraph\">Lettere interne, dichiarazioni e altri documenti emersi nel corso di una revisione contabile dell\u2019allora gestore, il Fondo per i servizi mediatici e la gestione patrimoniale (MTVA), rivelano i dettagli della sorveglianza politica esercitata sui media pubblici e il ruolo svolto da Attila V\u00e1rhegyi, politico e uomo d\u2019affari legato al partito Fidesz, nella direzione dell\u2019organizzazione, si legge nella dichiarazione.<\/p>\n\n\n\n<p class=\"wp-block-paragraph\">Secondo il comunicato, i media pubblici erano di fatto gestiti dal signor V\u00e1rhegyi, che era stato assunto come consulente. Egli ha assunto i poteri dei dirigenti dei media, prendendo decisioni in merito ai contenuti, al personale e alle questioni finanziarie. \u00abIn molti casi, i responsabili dell\u2019istituzione non osavano nemmeno prendere una decisione senza il suo consenso\u00bb, <a href=\"https:\/\/mti.hu\/en\/articles\/2026\/08\/31\/public-media-file-police-complaint-over-unlawful-leadership-practices\" target=\"_blank\" rel=\"noopener\">si legge<\/a> nel comunicato.<\/p><figure class=\"wp-block-image aligncenter size-full\"><figcaption class=\"wp-element-caption\">\n<\/figcaption><\/figure>\n\n<figure class=\"wp-block-image aligncenter size-full\"><figcaption class=\"wp-element-caption\">\n<\/figcaption><img decoding=\"async\" src=\"https:\/\/dailynewshungary.b-cdn.net\/wp-content\/uploads\/2026\/08\/MTVA-public-media-Attila-Varhegyi-Orban-close-steering.webp\" alt=\"MTVA public media Attila V\u00e1rhegyi Orb\u00e1n-close steering\" class=\"wp-image-705743\"\/><figcaption class=\"wp-element-caption\">La trasmissione del 20 agosto dei media pubblici ungheresi rinnovati. Fonte: <a href=\"https:\/\/www.facebook.com\/kozmedia\/posts\/pfbid0Vom48gdDt3bmtUMjBPiL347ZrqnYc4qYWSWsL5pey3Xy4pc45g5ptsCSDTFAT6k7l\" target=\"_blank\" rel=\"noopener\">Facebook\/K\u00f6zm\u00e9dia<\/a><\/figcaption><\/figure>\n\n\n\n<h2 class=\"wp-block-heading\">Legame tra politici e media pubblici<\/h2>\n\n\n\n<p class=\"wp-block-paragraph\">La dichiarazione suggerisce inoltre che il signor V\u00e1rhegyi fungesse da anello di congiunzione tra la leadership politica e i media pubblici, trasmettendo le richieste dei ministri del governo e dei politici del Fidesz.<\/p>\n\n\n\n<p class=\"wp-block-paragraph\">\u00abLa condotta di V\u00e1rhegyi dimostra chiaramente che i media pubblici, che per legge devono essere indipendenti da qualsiasi influenza politica, erano in realt\u00e0 sottoposti a uno stretto controllo politico\u00bb, si legge nella dichiarazione.<\/p>\n\n\n\n<p class=\"wp-block-paragraph\">Secondo la dichiarazione, non solo l\u2019influenza informale del signor V\u00e1rhegyi era illegale, ma lo erano anche \u00abi benefici che egli ha accettato\u00bb.<\/p>\n\n\n\n<p class=\"has-very-light-gray-to-cyan-bluish-gray-gradient-background has-background wp-block-paragraph\"><strong>Se ve lo siete perso: <a href=\"https:\/\/dailynewshungary.com\/it\/perche-e-un-problema-se-peter-magyar-decide-chi-puo-guidare-i-media-pubblici-ungheresi\/\/\">Perch\u00e9 \u00e8 un problema che sia P\u00e9ter Magyar a decidere chi pu\u00f2 guidare i media pubblici ungheresi?<\/a><\/strong><\/p>\n\n\n\n<p class=\"wp-block-paragraph\">Per anni, ad esempio, i media pubblici gli hanno messo a disposizione un autista, assunto come organizzatore di eventi \u00abper nascondere la verit\u00e0 nei documenti ufficiali\u00bb.<\/p><figure class=\"wp-block-image aligncenter size-full\"><figcaption class=\"wp-element-caption\">\n<\/figcaption><\/figure>\n\n<figure class=\"wp-block-image aligncenter size-full\"><figcaption class=\"wp-element-caption\">\n<\/figcaption><img loading=\"lazy\" decoding=\"async\" width=\"720\" height=\"480\" src=\"https:\/\/dailynewshungary.b-cdn.net\/wp-content\/uploads\/2021\/02\/orb\u00e1n-and-rog\u00e1n.jpg\" alt=\"orb\u00e1n and rog\u00e1n hungary most expensive state to run\" class=\"wp-image-377962\"\/><figcaption class=\"wp-element-caption\">Il primo ministro Orb\u00e1n (a sinistra) e il ministro della propaganda Antal Rog\u00e1n (a destra). Foto: Facebook\/Orb\u00e1n Viktor<\/figcaption><\/figure>\n\n\n\n<p class=\"wp-block-paragraph\">Il signor V\u00e1rhegyi teneva inoltre riunioni settimanali con i dirigenti dei media pubblici, durante le quali \u00abil direttore generale D\u00e1niel Papp e altri dirigenti lo informavano anche delle questioni pi\u00f9 insignificanti\u00bb, lo consultavano sulle decisioni previste e agivano secondo le sue istruzioni, si legge nella dichiarazione.<\/p>\n\n\n\n<p class=\"wp-block-paragraph\">Il documento aggiunge che il signor V\u00e1rhegyi percepiva uno stipendio mensile di 3,5 milioni di HUF dal 2023.<\/p>\n\n\n\n<h2 class=\"wp-block-heading\">Proprietario del marchio di porcellane Holl\u00f3h\u00e1za<\/h2>\n\n\n\n<p class=\"wp-block-paragraph\">Il signor V\u00e1rhegyi detiene il 100% delle azioni della Holl\u00f3h\u00e1za Porcelain Manufacturer, un marchio ungherese di fama mondiale che ha acquistato nel 2020. All\u2019epoca ha pagato 175 milioni di HUF per l\u2019azienda.<\/p>\n\n\n\n<p class=\"has-very-light-gray-to-cyan-bluish-gray-gradient-background has-background wp-block-paragraph\"><strong><a href=\"https:\/\/dailynewshungary.com\/it\/il-20-agosto-potrebbe-aprirsi-un-nuovo-capitolo-nella-storia-dei-media-di-servizio-pubblico\/\/\">Il 20 agosto potrebbe aprirsi un nuovo capitolo nella storia dei media di servizio pubblico <\/a><\/strong><\/p><figure class=\"wp-block-image aligncenter size-large\"><figcaption class=\"wp-element-caption\">\n<\/figcaption><\/figure>\n\n<figure class=\"wp-block-image aligncenter size-large\"><figcaption class=\"wp-element-caption\">\n<\/figcaption><img loading=\"lazy\" decoding=\"async\" width=\"1024\" height=\"768\" src=\"https:\/\/dailynewshungary.b-cdn.net\/wp-content\/uploads\/2020\/04\/Holl\u00f3h\u00e1zi-Porcel\u00e1n-Hungarikum-1024x768.jpg\" alt=\"Holl\u00f3h\u00e1zi Porcel\u00e1n\" class=\"wp-image-318360\" srcset=\"https:\/\/contentf5.dailynewshungary.com\/wp-content\/uploads\/2020\/04\/Holl\u00f3h\u00e1zi-Porcel\u00e1n-Hungarikum-1024x768.jpg 1024w, https:\/\/contentf5.dailynewshungary.com\/wp-content\/uploads\/2020\/04\/Holl\u00f3h\u00e1zi-Porcel\u00e1n-Hungarikum-300x225.jpg 300w, https:\/\/contentf5.dailynewshungary.com\/wp-content\/uploads\/2020\/04\/Holl\u00f3h\u00e1zi-Porcel\u00e1n-Hungarikum-768x576.jpg 768w, https:\/\/contentf5.dailynewshungary.com\/wp-content\/uploads\/2020\/04\/Holl\u00f3h\u00e1zi-Porcel\u00e1n-Hungarikum-800x600.jpg 800w, https:\/\/contentf5.dailynewshungary.com\/wp-content\/uploads\/2020\/04\/Holl\u00f3h\u00e1zi-Porcel\u00e1n-Hungarikum-1160x870.jpg 1160w, https:\/\/contentf5.dailynewshungary.com\/wp-content\/uploads\/2020\/04\/Holl\u00f3h\u00e1zi-Porcel\u00e1n-Hungarikum.jpg 1200w\" sizes=\"auto, (max-width: 1024px) 100vw, 1024px\" \/><figcaption class=\"wp-element-caption\">Prodotti di prima qualit\u00e0 della Holl\u00f3h\u00e1zi Porcelain Manufacturer. Foto: <a href=\"https:\/\/www.facebook.com\/patriotaeuropa\/\" target=\"_blank\" rel=\"noopener\">https:\/\/www.facebook.com\/patriotaeuropa\/\n<\/a><\/figcaption><\/figure>","protected":false},"excerpt":{"rendered":"<p>I dirigenti dei media pubblici ungheresi stanno presentando una denuncia alla polizia in merito a presunte pratiche gestionali illecite degli anni precedenti, ha dichiarato luned\u00ec l\u2019ufficio stampa dell\u2019operatore, Duna M\u00e9diaszolg\u00e1ltat\u00f3. Un politico legato a Orb\u00e1n \u00abha guidato i media pubblici ungheresi\u00bb Lettere interne, dichiarazioni e altri documenti emersi nel corso di una revisione contabile dell\u2019allora [&hellip;]<\/p>\n","protected":false},"author":18,"featured_media":793119,"comment_status":"open","ping_status":"open","sticky":false,"template":"","format":"standard","meta":{"_display_image":"","footnotes":""},"categories":[2392],"tags":[2454,2465,2457,2619,1330,1069,1083],"class_list":["post-793118","post","type-post","status-publish","format-standard","has-post-thumbnail","hentry","category-ungherese","tag-categoria-affari","tag-categoria-economia-in-ungheria","tag-categoria-politica","tag-governo-orban","tag-media","tag-ungheria","tag-viktor-orban"],"blocksy_meta":[],"author_username":"johnwoods","telegram_post":"","public_post_metadata":{"breaking_news":"yes","important":"no","csempe":"yes","center_tile":"no","disable_thumbnail":"no","target_lang":"","_featured_image_style":"","telegram_post":"","_xlat_group_id":"4c36d285-0244-4767-91e2-e3ea92e4bf61"},"public_rank_math_data":{"title":"I media pubblici ungheresi intrappolati da un imprenditore legato a Orb\u00e1n?","description":"I vertici dei media pubblici ungheresi stanno presentando una denuncia alla polizia in merito a presunte pratiche gestionali illegali avvenute negli anni precedenti.","focus_keyword":"media pubblici","canonical_url":"","robots":"","primary_category":"2392","breadcrumb_title":"","facebook_title":"","facebook_description":"","facebook_image":"","facebook_image_id":"","twitter_title":"","twitter_description":"","twitter_image":"","twitter_image_id":"","twitter_card_type":"","twitter_use_facebook":"","advanced_robots":"","pillar_content":"","seo_score":"79","contentai_score":"","rich_snippet":""},"_links":{"self":[{"href":"https:\/\/dailynewshungary.com\/it\/wp-json\/wp\/v2\/posts\/793118","targetHints":{"allow":["GET"]}}],"collection":[{"href":"https:\/\/dailynewshungary.com\/it\/wp-json\/wp\/v2\/posts"}],"about":[{"href":"https:\/\/dailynewshungary.com\/it\/wp-json\/wp\/v2\/types\/post"}],"author":[{"embeddable":true,"href":"https:\/\/dailynewshungary.com\/it\/wp-json\/wp\/v2\/users\/18"}],"replies":[{"embeddable":true,"href":"https:\/\/dailynewshungary.com\/it\/wp-json\/wp\/v2\/comments?post=793118"}],"version-history":[{"count":0,"href":"https:\/\/dailynewshungary.com\/it\/wp-json\/wp\/v2\/posts\/793118\/revisions"}],"wp:featuredmedia":[{"embeddable":true,"href":"https:\/\/dailynewshungary.com\/it\/wp-json\/wp\/v2\/media\/793119"}],"wp:attachment":[{"href":"https:\/\/dailynewshungary.com\/it\/wp-json\/wp\/v2\/media?parent=793118"}],"wp:term":[{"taxonomy":"category","embeddable":true,"href":"https:\/\/dailynewshungary.com\/it\/wp-json\/wp\/v2\/categories?post=793118"},{"taxonomy":"post_tag","embeddable":true,"href":"https:\/\/dailynewshungary.com\/it\/wp-json\/wp\/v2\/tags?post=793118"}],"curies":[{"name":"wp","href":"https:\/\/api.w.org\/{rel}","templated":true}]}}