{"id":793120,"date":"2026-09-01T06:04:00","date_gmt":"2026-09-01T04:04:00","guid":{"rendered":"https:\/\/dailynewshungary.com\/it\/terrorismo-del-gas-contro-lungheria-le-autorita-serbe-indagano-su-un-gruppo-di-sospetti\/"},"modified":"2026-09-01T06:04:00","modified_gmt":"2026-09-01T04:04:00","slug":"terrorismo-del-gas-contro-lungheria-le-autorita-serbe-indagano-su-un-gruppo-di-sospetti","status":"publish","type":"post","link":"https:\/\/dailynewshungary.com\/it\/terrorismo-del-gas-contro-lungheria-le-autorita-serbe-indagano-su-un-gruppo-di-sospetti\/","title":{"rendered":"\u201cTerrorismo\u201d del gas contro l\u2019Ungheria: le autorit\u00e0 serbe indagano su un gruppo di sospetti"},"content":{"rendered":"\n<p class=\"wp-block-paragraph\"><strong>Sette persone sono indagate in relazione a un gruppo organizzato sospettato di aver procurato e immagazzinato esplosivi, ordigni esplosivi e droni in Serbia prima di inviarli verso localit\u00e0 prestabilite nei paesi dell\u2019Unione Europea. Si ritiene inoltre che il gruppo abbia piazzato esplosivi in prossimit\u00e0 delle infrastrutture del gas che collegano l\u2019Ungheria e la Serbia nel mese di aprile, come ha dichiarato luned\u00ec la Procura Superiore di Subotica.<\/strong><\/p>\n\n\n\n<h2 class=\"wp-block-heading\">Volevano forse far saltare in aria l\u2019indispensabile gasdotto serbo-ungherese?<\/h2>\n\n\n\n<p class=\"wp-block-paragraph\">Secondo un comunicato, sono stati avviati procedimenti a carico dei sette indagati con l\u2019accusa di fabbricazione, possesso, trasporto e traffico illegali di armi ed esplosivi, <a href=\"https:\/\/mti.hu\/hirek\/2026\/08\/31\/het-embert-gyanusitanak-az-aprilisban-magyarkanizsan-talalt-robbanoanyag-ugyeben-0\" target=\"_blank\" rel=\"noopener\">come riportato<\/a> dall\u2019agenzia MTI.<\/p>\n\n\n\n<p class=\"wp-block-paragraph\">Il gruppo \u00e8 stato smascherato nel corso di un\u2019indagine sugli esplosivi rinvenuti il 5 aprile nel comune di Kanji\u017ea\/Magyarkanizsa. L\u2019indagine \u00e8 stata condotta dall\u2019Agenzia serba per i servizi di sicurezza (BIA), dall\u2019Agenzia per la sicurezza militare (VBA), dalla polizia criminale del Ministero dell\u2019Interno e dalla polizia militare. Durante il monitoraggio delle attivit\u00e0 degli indagati, le autorit\u00e0 hanno scoperto ulteriori esplosivi, ordigni esplosivi, droni e altre attrezzature necessarie per il loro funzionamento.<\/p><figure class=\"wp-block-image aligncenter size-full\"><figcaption class=\"wp-element-caption\">\n<\/figcaption><\/figure>\n\n<figure class=\"wp-block-image aligncenter size-full\"><figcaption class=\"wp-element-caption\">\n<\/figcaption><img loading=\"lazy\" decoding=\"async\" width=\"1200\" height=\"797\" src=\"https:\/\/dailynewshungary.b-cdn.net\/wp-content\/uploads\/2024\/07\/oil_and_gas_pipeline.jpeg\" alt=\"oil and gas pipeline Russian oil mol Hungary's gas supply\" class=\"wp-image-606202\" srcset=\"https:\/\/contentf5.dailynewshungary.com\/wp-content\/uploads\/2024\/07\/oil_and_gas_pipeline.jpeg 1200w, https:\/\/contentf5.dailynewshungary.com\/wp-content\/uploads\/2024\/07\/oil_and_gas_pipeline-768x510.jpeg 768w, https:\/\/contentf5.dailynewshungary.com\/wp-content\/uploads\/2024\/07\/oil_and_gas_pipeline-334x222.jpeg 334w, https:\/\/contentf5.dailynewshungary.com\/wp-content\/uploads\/2024\/07\/oil_and_gas_pipeline-248x165.jpeg 248w, https:\/\/contentf5.dailynewshungary.com\/wp-content\/uploads\/2024\/07\/oil_and_gas_pipeline-1030x684.jpeg 1030w, https:\/\/contentf5.dailynewshungary.com\/wp-content\/uploads\/2024\/07\/oil_and_gas_pipeline-113x75.jpeg 113w, https:\/\/contentf5.dailynewshungary.com\/wp-content\/uploads\/2024\/07\/oil_and_gas_pipeline-480x319.jpeg 480w\" sizes=\"auto, (max-width: 1200px) 100vw, 1200px\" \/><figcaption class=\"wp-element-caption\">Illustrazione. Fonte: <a href=\"https:\/\/depositphotos.com\/editorial\/oil-workers-and-pipelines-6530258.html\" target=\"_blank\" rel=\"noopener\">depositphotos.com<\/a><\/figcaption><\/figure>\n\n\n\n<p class=\"wp-block-paragraph\">La Procura ha dichiarato che le indagini proseguiranno in collaborazione con le autorit\u00e0 di polizia dei paesi europei interessati. Gli investigatori stanno cercando di stabilire i ruoli precisi dei sospettati, nonch\u00e9 la destinazione d\u2019uso delle attrezzature sequestrate.<\/p>\n\n\n\n<h2 class=\"wp-block-heading\">L\u2019ex primo ministro Orb\u00e1n ha suggerito che l\u2019operazione facesse parte di una \u00abnarrazione internazionale\u00bb<\/h2>\n\n\n\n<p class=\"wp-block-paragraph\">Il 5 aprile, appena 7 giorni prima delle elezioni generali ungheresi, sono stati rinvenuti circa quattro chilogrammi di una sostanza sospettata di essere esplosiva in due zaini neri nei pressi di una strada tra Fels\u0151hegy (Gornji Breg) e Ilonafalva (Vojvoda Zimonji\u0107), nel comune di Kanji\u017ea. La Procura superiore di Subotica ha dichiarato all\u2019epoca che si riteneva che il materiale fosse un esplosivo plastico, insieme a componenti che avrebbero potuto essere utilizzati per assemblare un ordigno esplosivo.<\/p>\n\n\n\n<p class=\"has-very-light-gray-to-cyan-bluish-gray-gradient-background has-background wp-block-paragraph\"><strong><a href=\"https:\/\/dailynewshungary.com\/it\/la-russia-minaccia-di-interrompere-le-forniture-di-petrolio-e-gas-allungheria-dopo-che-budapest-ha-definito-mosca-una-minaccia-alla-sicurezza\/\/\">La Russia minaccia di interrompere le forniture di petrolio e gas all\u2019Ungheria<\/a> dopo che Budapest ha definito Mosca una minaccia alla sicurezza<\/strong><\/p>\n\n\n\n<p class=\"wp-block-paragraph\">Gli oggetti sospetti sono stati rinvenuti nei pressi del gasdotto che collega la Serbia e l\u2019Ungheria. Circa 140 soldati e agenti di polizia hanno partecipato alle operazioni di perquisizione dell\u2019area.<\/p><figure class=\"wp-block-image aligncenter size-full\"><figcaption class=\"wp-element-caption\">\n<\/figcaption><\/figure>\n\n<figure class=\"wp-block-image aligncenter size-full\"><figcaption class=\"wp-element-caption\">\n<\/figcaption><img decoding=\"async\" src=\"https:\/\/dailynewshungary.b-cdn.net\/wp-content\/uploads\/2026\/04\/Serbia-modern-army-4.webp\" alt=\"Serbia modern army\" class=\"wp-image-694560\"\/><figcaption class=\"wp-element-caption\">Foto: <a href=\"https:\/\/www.facebook.com\/permalink.php?story_fbid=pfbid08Sau5KmKSB5NZmHWfiDbT9S1m7WRi972nBrTcBLxakiGUWiMPiBVtc2AVUi5HTD7l&amp;id=100064645005796\" target=\"_blank\" rel=\"noopener\">Facebook\/\u041c\u0438\u043d\u0438\u0441\u0442\u0430\u0440\u0441\u0442\u0432\u043e \u043e\u0434\u0431\u0440\u0430\u043d\u0435 \u0438 \u0412\u043e\u0458\u0441\u043a\u0430 \u0421\u0440\u0431\u0438\u0458\u0435<\/a><\/figcaption><\/figure>\n\n\n\n<p class=\"wp-block-paragraph\">Aleksandar Vu\u010di\u0107, presidente della Serbia, ha dichiarato all\u2019epoca che nelle immediate vicinanze dell\u2019infrastruttura del gas erano stati rinvenuti un esplosivo altamente distruttivo e i detonatori necessari per farlo esplodere. Ha inoltre informato Viktor Orb\u00e1n, allora primo ministro ungherese, in merito alle indagini, affermando che, se l\u2019operazione sospetta fosse andata a buon fine, l\u2019Ungheria e la Serbia settentrionale avrebbero potuto rimanere senza forniture di gas.<\/p>\n\n\n\n<p class=\"has-very-light-gray-to-cyan-bluish-gray-gradient-background has-background wp-block-paragraph\"><strong>Se ve lo siete perso: <a href=\"https:\/\/dailynewshungary.com\/it\/gli-uomini-sarebbero-stati-diretti-in-germania-per-compiere-un-presunto-atto-di-sabotaggio-ecco-cosa-sappiamo-finora-germania-russia-radiofreeeurope-sabotaggio-ucraina-confineungherese-confi\/\/\">I presunti agenti russi fermati al confine ungherese \u00abpotrebbero aver pianificato un attentato dinamitardo in Germania\u00bb<\/a> \u2014 le autorit\u00e0 mantengono il riserbo<\/strong><\/p>\n\n\n\n<h2 class=\"wp-block-heading\">Orb\u00e1n ha suggerito che dietro il sabotaggio ci fosse l\u2019Ucraina<\/h2>\n\n\n\n<p class=\"wp-block-paragraph\">In seguito, l\u2019ex primo ministro Orb\u00e1n ha affermato che non avrebbe accusato alcun Paese, ma ha lasciato intendere che gli eventi facessero parte di una narrazione internazionale. Con questa osservazione enigmatica, potrebbe aver fatto riferimento alle forniture di gas russo all\u2019Ungheria, sulle quali si \u00e8 ripetutamente scontrato con l\u2019UE. Ha menzionato il gasdotto Nord Stream, che sarebbe stato fatto saltare in aria dagli ucraini, e ha aggiunto che l\u2019Ucraina aveva sia la capacit\u00e0 che l\u2019intenzione di compiere un atto del genere.<\/p><figure class=\"wp-block-image aligncenter size-full\"><figcaption class=\"wp-element-caption\">\n<\/figcaption><\/figure>\n\n<figure class=\"wp-block-image aligncenter size-full\"><figcaption class=\"wp-element-caption\">\n<\/figcaption><img decoding=\"async\" src=\"https:\/\/dailynewshungary.b-cdn.net\/wp-content\/uploads\/2026\/04\/PM-Viktor-Orban-and-FM-Szijjarto-in-Kiskundorozsma.webp\" alt=\"PM Viktor Orb\u00e1n and FM Szijj\u00e1rt\u00f3 in Kiskundorozsma\" class=\"wp-image-693635\"\/><figcaption class=\"wp-element-caption\">Orb\u00e1n e il ministro degli Esteri Szijj\u00e1rt\u00f3 tengono una conferenza stampa nei pressi del confine serbo-ungherese dopo la diffusione della notizia dell\u2019atto di sabotaggio. Foto: <a href=\"https:\/\/static.mti.hu\/styles\/h_800px_jpg\/public\/D_MTI20260406002.jpg?itok=1OezZag9\" target=\"_blank\" rel=\"noopener\">MTI\/Zolt\u00e1n Fischer<\/a><\/figcaption><\/figure>\n\n\n\n<p class=\"wp-block-paragraph\">Ha inoltre fatto riferimento a un sabotaggio dalle conseguenze potenzialmente devastanti, ha convocato il Consiglio di Difesa e ha avvertito che nessuno dovrebbe giocare con la sicurezza energetica dell\u2019Ungheria.<\/p>\n\n\n\n<p class=\"wp-block-paragraph\">Nel frattempo, le autorit\u00e0 serbe hanno respinto l\u2019ipotesi secondo cui l\u2019Ucraina avrebbe potuto essere responsabile del posizionamento degli esplosivi, aggiungendo che questi ultimi erano di origine americana.<\/p><figure class=\"wp-block-image aligncenter size-full\"><figcaption class=\"wp-element-caption\">\n<\/figcaption><\/figure>\n\n<figure class=\"wp-block-image aligncenter size-full\"><figcaption class=\"wp-element-caption\">\n<\/figcaption><img decoding=\"async\" src=\"https:\/\/dailynewshungary.b-cdn.net\/wp-content\/uploads\/2026\/04\/President-Aleksandar-Vucic.webp\" alt=\"President Aleksandar Vucic\" class=\"wp-image-694434\"\/><figcaption class=\"wp-element-caption\">Foto: <a href=\"https:\/\/www.facebook.com\/photo.php?fbid=1503177831395358&amp;set=pb.100051094670379.-2207520000&amp;type=3\" target=\"_blank\" rel=\"noopener\">Facebook\/Aleksandar Vucic<\/a><\/figcaption><\/figure>\n\n\n\n<p class=\"has-very-light-gray-to-cyan-bluish-gray-gradient-background has-background wp-block-paragraph\"><strong><a href=\"https:\/\/dailynewshungary.com\/it\/orban-suggerisce-che-lucraina-abbia-complottato-per-sabotare-il-gasdotto-turkstream-la-serbia-la-vede-diversamente\/\/\">Orb\u00e1n suggerisce che l\u2019Ucraina abbia complottato per sabotare il gasdotto TurkStream \u2014 <\/a>La Serbia la vede diversamente <\/strong><\/p>\n\n\n\n<p class=\"wp-block-paragraph\"><\/p>\n","protected":false},"excerpt":{"rendered":"<p>Sette persone sono indagate in relazione a un gruppo organizzato sospettato di aver procurato e immagazzinato esplosivi, ordigni esplosivi e droni in Serbia prima di inviarli verso localit\u00e0 prestabilite nei paesi dell\u2019Unione Europea. Si ritiene inoltre che il gruppo abbia piazzato esplosivi in prossimit\u00e0 delle infrastrutture del gas che collegano l\u2019Ungheria e la Serbia nel [&hellip;]<\/p>\n","protected":false},"author":18,"featured_media":793121,"comment_status":"open","ping_status":"open","sticky":false,"template":"","format":"standard","meta":{"_display_image":"","footnotes":""},"categories":[2394],"tags":[2431,2457,2557,1099,1178,1317,1193,1081,1069],"class_list":["post-793120","post","type-post","status-publish","format-standard","has-post-thumbnail","hentry","category-crimine","tag-categoria-affari-esteri","tag-categoria-politica","tag-categoria-vita-in-ungheria","tag-crisi-energetica-in-ungheria","tag-russia","tag-serbia","tag-terrorismo","tag-ucraina","tag-ungheria"],"blocksy_meta":[],"author_username":"johnwoods","telegram_post":"","public_post_metadata":{"breaking_news":"yes","important":"no","csempe":"yes","center_tile":"no","disable_thumbnail":"no","target_lang":"","_featured_image_style":"","telegram_post":"","_xlat_group_id":"0df7a43a-ca37-42db-84a9-3765a212e12b"},"public_rank_math_data":{"title":"\u00abTerrorismo\u00bb del gas contro l\u2019Ungheria e la Serbia: un gruppo di sospetti","description":"Le autorit\u00e0 serbe stanno indagando su un gruppo di persone che avrebbero tentato di far saltare in aria il gasdotto ungherese-serbo.","focus_keyword":"Serbia","canonical_url":"","robots":"","primary_category":"2394","breadcrumb_title":"","facebook_title":"","facebook_description":"","facebook_image":"","facebook_image_id":"","twitter_title":"","twitter_description":"","twitter_image":"","twitter_image_id":"","twitter_card_type":"","twitter_use_facebook":"","advanced_robots":"","pillar_content":"","seo_score":"81","contentai_score":"","rich_snippet":""},"_links":{"self":[{"href":"https:\/\/dailynewshungary.com\/it\/wp-json\/wp\/v2\/posts\/793120","targetHints":{"allow":["GET"]}}],"collection":[{"href":"https:\/\/dailynewshungary.com\/it\/wp-json\/wp\/v2\/posts"}],"about":[{"href":"https:\/\/dailynewshungary.com\/it\/wp-json\/wp\/v2\/types\/post"}],"author":[{"embeddable":true,"href":"https:\/\/dailynewshungary.com\/it\/wp-json\/wp\/v2\/users\/18"}],"replies":[{"embeddable":true,"href":"https:\/\/dailynewshungary.com\/it\/wp-json\/wp\/v2\/comments?post=793120"}],"version-history":[{"count":0,"href":"https:\/\/dailynewshungary.com\/it\/wp-json\/wp\/v2\/posts\/793120\/revisions"}],"wp:featuredmedia":[{"embeddable":true,"href":"https:\/\/dailynewshungary.com\/it\/wp-json\/wp\/v2\/media\/793121"}],"wp:attachment":[{"href":"https:\/\/dailynewshungary.com\/it\/wp-json\/wp\/v2\/media?parent=793120"}],"wp:term":[{"taxonomy":"category","embeddable":true,"href":"https:\/\/dailynewshungary.com\/it\/wp-json\/wp\/v2\/categories?post=793120"},{"taxonomy":"post_tag","embeddable":true,"href":"https:\/\/dailynewshungary.com\/it\/wp-json\/wp\/v2\/tags?post=793120"}],"curies":[{"name":"wp","href":"https:\/\/api.w.org\/{rel}","templated":true}]}}