{"id":793122,"date":"2026-09-01T07:34:00","date_gmt":"2026-09-01T05:34:00","guid":{"rendered":"https:\/\/dailynewshungary.com\/it\/un-uomo-ungherese-picchia-e-tortura-la-compagna-costringendola-a-scavare-la-propria-tomba\/"},"modified":"2026-09-01T07:34:00","modified_gmt":"2026-09-01T05:34:00","slug":"un-uomo-ungherese-picchia-e-tortura-la-compagna-costringendola-a-scavare-la-propria-tomba","status":"publish","type":"post","link":"https:\/\/dailynewshungary.com\/it\/un-uomo-ungherese-picchia-e-tortura-la-compagna-costringendola-a-scavare-la-propria-tomba\/","title":{"rendered":"Un uomo ungherese picchia e tortura la compagna, costringendola a scavare la propria tomba"},"content":{"rendered":"\n<p class=\"wp-block-paragraph\"><strong>Un uomo di 49 anni avrebbe picchiato, minacciato e torturato la propria compagna prima di costringerla a recarsi in un bosco per scavare quella che doveva essere la sua stessa tomba. Ora deve rispondere di accuse che potrebbero comportare fino a 12 anni di reclusione.<\/strong><\/p>\n\n\n\n<h2 class=\"wp-block-heading\">Donna presumibilmente costretta a scavarsi la propria tomba<\/h2>\n\n\n\n<p class=\"wp-block-paragraph\">I pubblici ministeri di Gy\u0151r hanno incriminato un uomo di 49 anni che avrebbe sottoposto la propria compagna a una brutale aggressione, costringendola tra l\u2019altro a scavare la propria tomba in un bosco nelle vicinanze.<\/p>\n\n\n\n<p class=\"wp-block-paragraph\">Secondo <a href=\"https:\/\/ugyeszseg.hu\/arra-kenyszeritette-parjat-hogy-assa-meg-a-sajat-sirjat\/\" target=\"_blank\" rel=\"noopener\">l\u2019atto d\u2019accusa<\/a> citato dalla Procura distrettuale di Gy\u0151r, l\u2019uomo e la donna avevano una relazione da circa un anno e mezzo quando, nel novembre 2025, ebbero una lite nella loro abitazione a Gy\u0151r.<\/p>\n\n\n\n<blockquote class=\"wp-block-quote is-layout-flow wp-block-quote-is-layout-flow\">\n<p class=\"wp-block-paragraph\">L\u2019uomo avrebbe schiaffeggiato la donna pi\u00f9 volte prima di minacciarla con una pistola e di ordinarle di portare con s\u00e9 una pala. L\u2019ha poi condotta in un bosco e l\u2019ha costretta a iniziare a scavare una fossa per se stessa.<\/p>\n<\/blockquote>\n\n\n\n<p class=\"wp-block-paragraph\">Secondo la ricostruzione del pubblico ministero, l\u2019aggressione si sarebbe poi aggravata. L\u2019uomo avrebbe spinto la donna a terra, si sarebbe seduto sul suo petto e le avrebbe ficcato della terra in bocca fino a quando lei non ha perso conoscenza.<\/p>\n\n\n\n<h2 class=\"wp-block-heading\">Le presunte torture sono proseguite a casa<\/h2>\n\n\n\n<p class=\"wp-block-paragraph\">Quando la donna ha ripreso conoscenza, l\u2019uomo l\u2019avrebbe riportata a casa, dove gli abusi sono proseguiti.<\/p>\n\n\n\n<blockquote class=\"wp-block-quote is-layout-flow wp-block-quote-is-layout-flow\">\n<p class=\"wp-block-paragraph\">Secondo i pubblici ministeri, egli le avrebbe premuto un cucchiaio rovente contro il corpo e le avrebbe spento addosso mozziconi di sigaretta.<\/p>\n<\/blockquote>\n\n\n\n<p class=\"wp-block-paragraph\">La donna alla fine \u00e8 riuscita a porre fine alla relazione, ma le presunte violenze non si sono fermate l\u00ec. Secondo quanto riferito, l\u2019uomo l\u2019avrebbe minacciata ripetutamente dopo la loro separazione.<\/p>\n\n\n\n<blockquote class=\"wp-block-quote is-layout-flow wp-block-quote-is-layout-flow\">\n<p class=\"has-black-color has-pale-ocean-gradient-background has-text-color has-background has-link-color wp-elements-1 wp-block-paragraph\"><strong>Se ve lo siete perso: <a href=\"https:\/\/dailynewshungary.com\/it\/uomo-in-condizioni-critiche-dopo-una-grave-caduta-nei-pressi-del-ponte-delle-catene-di-budapest\/\/\">Uomo in condizioni critiche dopo una grave caduta nei pressi del Ponte delle Catene di Budapest<\/a><\/strong><\/p>\n<\/blockquote>\n\n\n\n<h2 class=\"wp-block-heading\">Fucile senza licenza sequestrato durante una perquisizione<\/h2>\n\n\n\n<p class=\"wp-block-paragraph\">Secondo l\u2019ufficio del pubblico ministero, una successiva perquisizione nell\u2019abitazione dell\u2019uomo ha portato al rinvenimento di armi. Le autorit\u00e0 avrebbero sequestrato una pistola a gas da allarme, nonch\u00e9 un fucile da caccia detenuto illegalmente e delle munizioni.<\/p>\n\n\n\n<p class=\"wp-block-paragraph\">L\u2019uomo, attualmente in stato di custodia cautelare, \u00e8 stato accusato di privazione illegale della libert\u00e0 in forma aggravata, violenza domestica in forma aggravata, nonch\u00e9 di possesso illegale e uso improprio di armi da fuoco e munizioni.<\/p>\n\n\n\n<p class=\"wp-block-paragraph\">Considerando i reati nel loro insieme, in base alle norme ungheresi in materia di determinazione della pena, l\u2019imputato potrebbe essere condannato a una pena detentiva fino a 12 anni. Il Tribunale distrettuale di Gy\u0151r dovrebbe pronunciarsi nel merito del caso.<\/p>\n\n\n\n<p class=\"has-text-align-center has-black-color has-electric-grass-gradient-background has-text-color has-background has-link-color wp-elements-2 wp-block-paragraph\"><strong>Rimanga aggiornato con il nostro \u00abHungary Weekly Briefing\u00bb: <a href=\"https:\/\/substack.com\/@thehungaryinsider\" target=\"_blank\" rel=\"noopener\">si abboni su Substack<\/a>!<\/strong><\/p>\n","protected":false},"excerpt":{"rendered":"<p>Un uomo di 49 anni avrebbe picchiato, minacciato e torturato la propria compagna prima di costringerla a recarsi in un bosco per scavare quella che doveva essere la sua stessa tomba. Ora deve rispondere di accuse che potrebbero comportare fino a 12 anni di reclusione. Donna presumibilmente costretta a scavarsi la propria tomba I pubblici [&hellip;]<\/p>\n","protected":false},"author":62,"featured_media":793123,"comment_status":"open","ping_status":"open","sticky":false,"template":"","format":"standard","meta":{"_display_image":"","footnotes":""},"categories":[2443],"tags":[2749,1115,1123,1468,1069],"class_list":["post-793122","post","type-post","status-publish","format-standard","has-post-thumbnail","hentry","category-life","tag-categoria-crimine-2","tag-polizia","tag-polizia-ungherese","tag-tribunale","tag-ungheria"],"blocksy_meta":[],"author_username":"hmercedesz","telegram_post":"","public_post_metadata":{"breaking_news":"yes","important":"no","csempe":"yes","center_tile":"no","disable_thumbnail":"no","target_lang":"","_featured_image_style":"","telegram_post":"","_xlat_group_id":"c2da238f-5507-417c-b04b-384c55fbb518"},"public_rank_math_data":{"title":"%title% %sep% %sitename%","description":"","focus_keyword":"grave","canonical_url":"","robots":"","primary_category":"2443","breadcrumb_title":"","facebook_title":"","facebook_description":"","facebook_image":"","facebook_image_id":"","twitter_title":"","twitter_description":"","twitter_image":"","twitter_image_id":"","twitter_card_type":"","twitter_use_facebook":"","advanced_robots":"","pillar_content":"","seo_score":"77","contentai_score":"","rich_snippet":""},"_links":{"self":[{"href":"https:\/\/dailynewshungary.com\/it\/wp-json\/wp\/v2\/posts\/793122","targetHints":{"allow":["GET"]}}],"collection":[{"href":"https:\/\/dailynewshungary.com\/it\/wp-json\/wp\/v2\/posts"}],"about":[{"href":"https:\/\/dailynewshungary.com\/it\/wp-json\/wp\/v2\/types\/post"}],"author":[{"embeddable":true,"href":"https:\/\/dailynewshungary.com\/it\/wp-json\/wp\/v2\/users\/62"}],"replies":[{"embeddable":true,"href":"https:\/\/dailynewshungary.com\/it\/wp-json\/wp\/v2\/comments?post=793122"}],"version-history":[{"count":0,"href":"https:\/\/dailynewshungary.com\/it\/wp-json\/wp\/v2\/posts\/793122\/revisions"}],"wp:featuredmedia":[{"embeddable":true,"href":"https:\/\/dailynewshungary.com\/it\/wp-json\/wp\/v2\/media\/793123"}],"wp:attachment":[{"href":"https:\/\/dailynewshungary.com\/it\/wp-json\/wp\/v2\/media?parent=793122"}],"wp:term":[{"taxonomy":"category","embeddable":true,"href":"https:\/\/dailynewshungary.com\/it\/wp-json\/wp\/v2\/categories?post=793122"},{"taxonomy":"post_tag","embeddable":true,"href":"https:\/\/dailynewshungary.com\/it\/wp-json\/wp\/v2\/tags?post=793122"}],"curies":[{"name":"wp","href":"https:\/\/api.w.org\/{rel}","templated":true}]}}