{"id":793124,"date":"2026-09-01T08:54:00","date_gmt":"2026-09-01T06:54:00","guid":{"rendered":"https:\/\/dailynewshungary.com\/it\/un-velivolo-della-polizia-individua-in-ungheria-un-ricercato-nascosto-in-un-bosco-e-un-uomo-scomparso-con-tendenze-suicide-in-un-campo-di-grano\/"},"modified":"2026-09-01T08:54:00","modified_gmt":"2026-09-01T06:54:00","slug":"un-velivolo-della-polizia-individua-in-ungheria-un-ricercato-nascosto-in-un-bosco-e-un-uomo-scomparso-con-tendenze-suicide-in-un-campo-di-grano","status":"publish","type":"post","link":"https:\/\/dailynewshungary.com\/it\/un-velivolo-della-polizia-individua-in-ungheria-un-ricercato-nascosto-in-un-bosco-e-un-uomo-scomparso-con-tendenze-suicide-in-un-campo-di-grano\/","title":{"rendered":"Un velivolo della polizia individua in Ungheria un ricercato nascosto in un bosco e un uomo scomparso con tendenze suicide in un campo di grano"},"content":{"rendered":"\n<p class=\"wp-block-paragraph\"><strong>La scorsa settimana, nel nord-est dell\u2019Ungheria, un elicottero della polizia e un drone dotato di termocamera hanno aiutato gli agenti a localizzare due uomini in due episodi distinti: uno era un ricercato che tentava di nascondersi dalla polizia, l\u2019altro un ventottenne scomparso che, secondo quanto riferito, aveva minacciato di suicidarsi.<\/strong><\/p>\n\n\n\n<h2 class=\"wp-block-heading\">L\u2019elicottero rintraccia un ricercato<\/h2>\n\n\n\n<p class=\"wp-block-paragraph\">I due episodi si sono verificati il 25 agosto nel corso di <a href=\"https:\/\/www.police.hu\/hu\/hirek-es-informaciok\/legfrissebb-hireink\/kozrendvedelem\/egi-orszemek-1\" target=\"_blank\" rel=\"noopener\">un\u2019operazione di polizia<\/a> condotta dalla Polizia di Intervento Rapido nella contea di Szabolcs-Szatm\u00e1r-Bereg.<\/p>\n\n\n\n<p class=\"wp-block-paragraph\">Nel primo caso, gli agenti stavano cercando persone ricercate a Tiszavasv\u00e1ri con il supporto di un elicottero gestito dal Servizio di Polizia Aerea della Polizia di Intervento Rapido. L\u2019equipaggio dell\u2019elicottero ha individuato qualcosa di sospetto mentre gli agenti si avvicinavano a un\u2019abitazione. \u00c8 stato avvistato un uomo che si dirigeva verso una zona boschiva sul retro della propriet\u00e0, apparentemente nel tentativo di fuggire.<\/p>\n\n\n\n<p class=\"wp-block-paragraph\">L\u2019operatore dell\u2019elicottero ha immediatamente puntato la telecamera verso l\u2019uomo e ha comunicato costantemente la sua posizione agli agenti a terra. Il sospettato, un uomo di 55 anni, ha tentato di nascondersi tra gli alberi, ma la sorveglianza aerea ha permesso agli agenti di localizzarlo nel giro di pochi minuti.<\/p>\n\n\n\n<p class=\"has-text-align-center has-black-color has-electric-grass-gradient-background has-text-color has-background has-link-color wp-elements-1 wp-block-paragraph\"><strong>Rimanga aggiornato con il nostro \u00abHungary Weekly Briefing\u00bb: <a href=\"https:\/\/substack.com\/@thehungaryinsider\" target=\"_blank\" rel=\"noopener\">si abboni su Substack<\/a>!<\/strong><\/p>\n\n\n\n<p class=\"wp-block-paragraph\">La polizia ha successivamente accertato che la stazione di polizia di Tiszavasv\u00e1ri aveva emesso due mandati di arresto nei confronti dell\u2019uomo. Uno era stato emesso a marzo a seguito del mancato pagamento di una multa di 65.000 HUF (178 EUR), mentre l\u2019altro faceva seguito a una multa non pagata di 52.000 HUF (142 EUR) emessa ad agosto.<\/p>\n\n\n\n<p class=\"wp-block-paragraph\">Entrambe le multe erano state convertite in pene detentive rispettivamente di 10 e 8 giorni. L\u2019uomo ha dichiarato agli agenti di non essere ancora in grado di pagare le multe ed \u00e8 stato condotto alla stazione di polizia di Tiszavasv\u00e1ri.<\/p>\n\n\n\n<figure class=\"wp-block-embed is-type-video is-provider-youtube wp-block-embed-youtube wp-embed-aspect-16-9 wp-has-aspect-ratio\"><div class=\"wp-block-embed__wrapper\">\n<iframe loading=\"lazy\" title=\"\u00c9gi \u0151rszemek 1.\" width=\"1480\" height=\"833\" src=\"https:\/\/www.youtube.com\/embed\/_vplLFwTqs0?feature=oembed\" frameborder=\"0\" allow=\"accelerometer; autoplay; clipboard-write; encrypted-media; gyroscope; picture-in-picture; web-share\" referrerpolicy=\"strict-origin-when-cross-origin\" allowfullscreen><\/iframe>\n<\/div><\/figure>\n\n\n\n<blockquote class=\"wp-block-quote is-layout-flow wp-block-quote-is-layout-flow\">\n<p class=\"has-black-color has-pale-ocean-gradient-background has-text-color has-background has-link-color wp-elements-2 wp-block-paragraph\"><strong>Se ve lo siete perso: <a href=\"https:\/\/dailynewshungary.com\/it\/un-uomo-ungherese-picchia-e-tortura-la-compagna-costringendola-a-scavare-la-propria-tomba\/\/\">un uomo ungherese picchia e tortura la compagna, costringendola a scavarsi la propria fossa<\/a><\/strong><\/p>\n<\/blockquote>\n\n\n\n<h2 class=\"wp-block-heading\">Un drone termico individua un uomo disperso in un campo di mais<\/h2>\n\n\n\n<p class=\"wp-block-paragraph\">Pi\u00f9 tardi, quello stesso giorno, l\u2019unit\u00e0 di Ny\u00edrb\u00e1tor della Polizia di Intervento Rapido ha ricevuto una segnalazione riguardante un altro uomo che aveva lasciato la propria abitazione dopo aver presumibilmente minacciato di togliersi la vita.<\/p>\n\n\n\n<p class=\"wp-block-paragraph\">Il padre dell\u2019uomo, residente a Beseny\u0151d, ha riferito alla polizia che il figlio ventottenne, in cura medica, era corso in un campo di mais alle spalle della loro abitazione. Ha aggiunto di non riuscire pi\u00f9 a trovarlo e di essere preoccupato poich\u00e9 il figlio aveva minacciato di suicidarsi.<\/p>\n\n\n\n<p class=\"wp-block-paragraph\">Gli agenti hanno impiegato un drone dotato di telecamera termica per perlustrare la zona.<\/p>\n\n\n\n<blockquote class=\"wp-block-quote is-layout-flow wp-block-quote-is-layout-flow\">\n<p class=\"wp-block-paragraph\">La tecnologia ha rapidamente individuato la posizione dell\u2019uomo, consentendo agli agenti di pattuglia di raggiungerlo senza difficolt\u00e0. Dato il suo stato di confusione, gli agenti hanno chiamato un\u2019ambulanza per fornirgli assistenza medica.<\/p>\n<\/blockquote>\n\n\n\n<figure class=\"wp-block-embed is-type-video is-provider-youtube wp-block-embed-youtube wp-embed-aspect-16-9 wp-has-aspect-ratio\"><div class=\"wp-block-embed__wrapper\">\n<iframe loading=\"lazy\" title=\"\u00c9gi \u0151rszemek 2.\" width=\"1480\" height=\"833\" src=\"https:\/\/www.youtube.com\/embed\/Orc1D-GiR8k?feature=oembed\" frameborder=\"0\" allow=\"accelerometer; autoplay; clipboard-write; encrypted-media; gyroscope; picture-in-picture; web-share\" referrerpolicy=\"strict-origin-when-cross-origin\" allowfullscreen><\/iframe>\n<\/div><\/figure>\n\n\n\n<p class=\"wp-block-paragraph\">I due casi dimostrano l\u2019importante ruolo della tecnologia aerea nelle operazioni di polizia, dal rintracciare sospetti che tentano di sfuggire all\u2019arresto all\u2019individuare persone vulnerabili che potrebbero risultare difficili da localizzare da terra.<\/p>\n","protected":false},"excerpt":{"rendered":"<p>La scorsa settimana, nel nord-est dell\u2019Ungheria, un elicottero della polizia e un drone dotato di termocamera hanno aiutato gli agenti a localizzare due uomini in due episodi distinti: uno era un ricercato che tentava di nascondersi dalla polizia, l\u2019altro un ventottenne scomparso che, secondo quanto riferito, aveva minacciato di suicidarsi. L\u2019elicottero rintraccia un ricercato I [&hellip;]<\/p>\n","protected":false},"author":62,"featured_media":793125,"comment_status":"open","ping_status":"open","sticky":false,"template":"","format":"standard","meta":{"_display_image":"","footnotes":""},"categories":[2443],"tags":[2767,1115,1123,1384,1069],"class_list":["post-793124","post","type-post","status-publish","format-standard","has-post-thumbnail","hentry","category-life","tag-categoria-criminalita-2","tag-polizia","tag-polizia-ungherese","tag-tecnologia","tag-ungheria"],"blocksy_meta":[],"author_username":"hmercedesz","telegram_post":"","public_post_metadata":{"breaking_news":"yes","important":"no","csempe":"yes","center_tile":"no","disable_thumbnail":"no","target_lang":"","_featured_image_style":"","telegram_post":"","_xlat_group_id":"e10691fb-5883-4646-92dc-ab38c171e5f7"},"public_rank_math_data":{"title":"%title% %sep% %sitename% Polizia di","description":"","focus_keyword":"","canonical_url":"","robots":"","primary_category":"2443","breadcrumb_title":"","facebook_title":"","facebook_description":"","facebook_image":"","facebook_image_id":"","twitter_title":"","twitter_description":"","twitter_image":"","twitter_image_id":"","twitter_card_type":"","twitter_use_facebook":"","advanced_robots":"","pillar_content":"","seo_score":"82","contentai_score":"","rich_snippet":""},"_links":{"self":[{"href":"https:\/\/dailynewshungary.com\/it\/wp-json\/wp\/v2\/posts\/793124","targetHints":{"allow":["GET"]}}],"collection":[{"href":"https:\/\/dailynewshungary.com\/it\/wp-json\/wp\/v2\/posts"}],"about":[{"href":"https:\/\/dailynewshungary.com\/it\/wp-json\/wp\/v2\/types\/post"}],"author":[{"embeddable":true,"href":"https:\/\/dailynewshungary.com\/it\/wp-json\/wp\/v2\/users\/62"}],"replies":[{"embeddable":true,"href":"https:\/\/dailynewshungary.com\/it\/wp-json\/wp\/v2\/comments?post=793124"}],"version-history":[{"count":0,"href":"https:\/\/dailynewshungary.com\/it\/wp-json\/wp\/v2\/posts\/793124\/revisions"}],"wp:featuredmedia":[{"embeddable":true,"href":"https:\/\/dailynewshungary.com\/it\/wp-json\/wp\/v2\/media\/793125"}],"wp:attachment":[{"href":"https:\/\/dailynewshungary.com\/it\/wp-json\/wp\/v2\/media?parent=793124"}],"wp:term":[{"taxonomy":"category","embeddable":true,"href":"https:\/\/dailynewshungary.com\/it\/wp-json\/wp\/v2\/categories?post=793124"},{"taxonomy":"post_tag","embeddable":true,"href":"https:\/\/dailynewshungary.com\/it\/wp-json\/wp\/v2\/tags?post=793124"}],"curies":[{"name":"wp","href":"https:\/\/api.w.org\/{rel}","templated":true}]}}