{"id":793126,"date":"2026-09-01T10:14:00","date_gmt":"2026-09-01T08:14:00","guid":{"rendered":"https:\/\/dailynewshungary.com\/it\/estradizione-del-capo-della-mol-ungherese-in-croazia-peter-magyar-fornisce-una-risposta-enigmatica-al-forum-di-bled\/"},"modified":"2026-09-01T10:14:00","modified_gmt":"2026-09-01T08:14:00","slug":"estradizione-del-capo-della-mol-ungherese-in-croazia-peter-magyar-fornisce-una-risposta-enigmatica-al-forum-di-bled","status":"publish","type":"post","link":"https:\/\/dailynewshungary.com\/it\/estradizione-del-capo-della-mol-ungherese-in-croazia-peter-magyar-fornisce-una-risposta-enigmatica-al-forum-di-bled\/","title":{"rendered":"Estradizione del capo della MOL ungherese in Croazia? P\u00e9ter Magyar fornisce una risposta enigmatica al forum di Bled"},"content":{"rendered":"\n<p class=\"wp-block-paragraph\"><strong>L\u2019Ungheria e la Croazia potrebbero prepararsi a un nuovo ciclo di colloqui ad alto livello sulla controversia di lunga data che coinvolge la compagnia petrolifera croata INA e il gruppo ungherese MOL.<\/strong><\/p>\n\n\n\n<h2 class=\"wp-block-heading\">A P\u00e9ter Magyar \u00e8 stato chiesto del direttore generale del colosso petrolifero MOL<\/h2>\n\n\n\n<p class=\"wp-block-paragraph\">Intervenendo al Forum strategico di Bled, in Slovenia, il primo ministro ungherese P\u00e9ter Magyar ha affermato che l\u2019Ungheria \u00e8 pronta a negoziare con la Croazia e che potrebbe aprirsi un \u00abnuovo capitolo\u00bb nelle relazioni tra i due paesi.<\/p>\n\n\n\n<p class=\"wp-block-paragraph\">Magyar ha riferito di aver avuto un breve incontro con il primo ministro croato Andrej Plenkovi\u0107 a Bled. I due leader hanno concordato che i rispettivi ministri degli Esteri e dell\u2019Economia dovrebbero avviare colloqui sui rapporti tra INA e MOL. Magyar ha inoltre suggerito che un incontro tra i due primi ministri potrebbe aver luogo nel prossimo futuro.<\/p>\n\n\n\n<p class=\"wp-block-paragraph\">\u00abSiamo pronti a negoziare. Naturalmente, ciascuno difender\u00e0 i propri interessi nazionali, ma ci\u00f2 \u00e8 normale. Allo stesso tempo, tutti noi riconosciamo che vi \u00e8 l\u2019opportunit\u00e0 di aprire un nuovo capitolo nelle relazioni tra i due Paesi\u00bb, ha affermato Magyar, secondo quanto riportato dal quotidiano croato <a href=\"https:\/\/www.jutarnji.hr\/vijesti\/svijet\/madjarska-hrvatska-otvaraju-razgovore-o-ini-i-molu-nakon-bleda-15742091\" target=\"_blank\" rel=\"noopener\">\u00abJutarnji List<\/a>\u00bb.<\/p>\n\n\n\n<h2 class=\"wp-block-heading\">E che dire di Zsolt Hern\u00e1di?<\/h2>\n\n\n\n<p class=\"wp-block-paragraph\">La questione del presidente e amministratore delegato della MOL, Zsolt Hern\u00e1di, rimane uno degli aspetti pi\u00f9 delicati della controversia. A Magyar \u00e8 stato chiesto espressamente se l\u2019Ungheria fosse disposta a estradare Hern\u00e1di in Croazia, dove \u00e8 stato emesso un mandato d\u2019arresto europeo a suo carico. Tuttavia, il primo ministro ungherese non ha fornito una risposta diretta, n\u00e9 affermativa n\u00e9 negativa.<\/p>\n\n\n\n<p class=\"wp-block-paragraph\">Ha invece fatto riferimento alle sue precedenti dichiarazioni sull\u2019apertura di un \u00abnuovo capitolo\u00bb nelle relazioni tra Ungheria e Croazia. \u00abHo gi\u00e0 risposto alla domanda affermando che esiste l\u2019opportunit\u00e0 di aprire un nuovo capitolo tra la Croazia e l\u2019Ungheria. Entrambi i Paesi hanno i propri obblighi che devono essere risolti. Questa \u00e8 la mia risposta\u00bb, ha affermato Magyar. La sua risposta lascia incerta la possibilit\u00e0 che la posizione di Budapest su Hern\u00e1di possa cambiare. Per il momento, non vi \u00e8 alcuna conferma esplicita che l\u2019Ungheria intenda estradare il capo della MOL.<\/p>\n\n\n\n<p class=\"has-text-align-center has-black-color has-electric-grass-gradient-background has-text-color has-background has-link-color wp-elements-1 wp-block-paragraph\"><strong>Rimanga aggiornato con il nostro Hungary Weekly Briefing: <a href=\"https:\/\/substack.com\/@thehungaryinsider\" target=\"_blank\" rel=\"noopener\">si iscriva su Substack<\/a>!<\/strong><\/p>\n\n\n\n<h2 class=\"wp-block-heading\">La controversia sull\u2019INA ha messo a dura prova le relazioni per anni<\/h2>\n\n\n\n<p class=\"wp-block-paragraph\">Il rapporto tra MOL e INA rappresenta da oltre un decennio una delle principali fonti di tensione tra Ungheria e Croazia. Nel 2003 la MOL ha acquisito il 25 per cento pi\u00f9 un&#8217;azione dell&#8217;INA e successivamente ha aumentato la propria partecipazione. Attualmente detiene il 49,08 per cento della compagnia petrolifera croata, mentre lo Stato croato ne possiede il 44,84 per cento.<\/p>\n\n\n\n<p class=\"wp-block-paragraph\">La controversia ha riguardato principalmente il controllo di INA, la governance aziendale e la possibilit\u00e0 che la Croazia riacquisti la quota di MOL. Le due parti sono state inoltre coinvolte in procedimenti arbitrali. Plenkovi\u0107 ha affermato che le questioni irrisolte tra INA e MOL hanno ostacolato le relazioni pi\u00f9 ampie tra Ungheria e Croazia, nonostante i forti legami economici, turistici ed energetici tra i due Paesi. \u00abRitengo che ora ci troviamo in una posizione in cui possiamo cercare di risolvere la questione e, successivamente, voltare pagina\u00bb, ha dichiarato il primo ministro croato.<\/p>\n\n\n\n<p class=\"has-black-color has-very-light-gray-to-cyan-bluish-gray-gradient-background has-text-color has-background has-link-color wp-elements-2 wp-block-paragraph\"><strong>Rimanete aggiornati: <a href=\"https:\/\/dailynewshungary.com\/it\/peter-magyar-a-bled-ha-parlato-di-gestione-delle-crisi-deficit-di-bilancio-questioni-relative-allue-migrazione-illegale-e-cooperazione-regionale\/\/\">P\u00e9ter Magyar a Bled su gestione delle crisi, deficit di bilancio, affari dell\u2019UE, migrazione illegale, cooperazione regionale<\/a><\/strong><\/p>\n\n\n\n<h2 class=\"wp-block-heading\">Il caso Hern\u00e1di rimane irrisolto<\/h2>\n\n\n\n<p class=\"wp-block-paragraph\">Le autorit\u00e0 croate hanno accusato Hern\u00e1di di corruzione in relazione all\u2019acquisizione da parte di MOL dei diritti di gestione presso INA. Egli ha respinto le accuse. Il suo caso giudiziario \u00e8 ormai strettamente legato alla pi\u00f9 ampia controversia politica e aziendale tra Budapest e Zagabria.<\/p>\n\n\n\n<p class=\"wp-block-paragraph\">Le ultime dichiarazioni di entrambi i primi ministri potrebbero segnalare un nuovo tentativo di risolvere il conflitto relativo all\u2019INA. Rimane incerto se i colloqui proposti possano portare a una soluzione duratura e se il caso di Hern\u00e1di rientrer\u00e0 in un accordo pi\u00f9 ampio.<\/p>\n\n\n\n<p class=\"has-black-color has-very-light-gray-to-cyan-bluish-gray-gradient-background has-text-color has-background has-link-color wp-elements-3 wp-block-paragraph\"><strong>Leggi anche: <a href=\"https:\/\/dailynewshungary.com\/it\/terrorismo-del-gas-contro-lungheria-le-autorita-serbe-indagano-su-un-gruppo-di-sospetti\/\/\">\u00abTerrorismo\u00bb del gas contro l\u2019Ungheria: le autorit\u00e0 serbe indagano su un gruppo di sospetti<\/a><\/strong><\/p>\n","protected":false},"excerpt":{"rendered":"<p>L\u2019Ungheria e la Croazia potrebbero prepararsi a un nuovo ciclo di colloqui ad alto livello sulla controversia di lunga data che coinvolge la compagnia petrolifera croata INA e il gruppo ungherese MOL. A P\u00e9ter Magyar \u00e8 stato chiesto del direttore generale del colosso petrolifero MOL Intervenendo al Forum strategico di Bled, in Slovenia, il primo [&hellip;]<\/p>\n","protected":false},"author":91,"featured_media":793127,"comment_status":"open","ping_status":"open","sticky":false,"template":"","format":"standard","meta":{"_display_image":"","footnotes":""},"categories":[2414],"tags":[2431,2457,1099,1140,1091,1313,1069],"class_list":["post-793126","post","type-post","status-publish","format-standard","has-post-thumbnail","hentry","category-eu","tag-categoria-affari-esteri","tag-categoria-politica","tag-crisi-energetica-in-ungheria","tag-croazia","tag-diplomazia","tag-mol","tag-ungheria"],"blocksy_meta":[],"author_username":"api","telegram_post":"","public_post_metadata":{"breaking_news":"yes","important":"no","csempe":"yes","center_tile":"no","disable_thumbnail":"no","target_lang":"","_featured_image_style":"","telegram_post":"","_xlat_group_id":"53475850-bad0-42d1-a276-d5a1517f02e0"},"public_rank_math_data":{"title":"%title% %sep% %sitename%","description":"","focus_keyword":"mol","canonical_url":"","robots":"","primary_category":"2414","breadcrumb_title":"","facebook_title":"","facebook_description":"","facebook_image":"","facebook_image_id":"","twitter_title":"","twitter_description":"","twitter_image":"","twitter_image_id":"","twitter_card_type":"","twitter_use_facebook":"","advanced_robots":"","pillar_content":"","seo_score":"76","contentai_score":"","rich_snippet":""},"_links":{"self":[{"href":"https:\/\/dailynewshungary.com\/it\/wp-json\/wp\/v2\/posts\/793126","targetHints":{"allow":["GET"]}}],"collection":[{"href":"https:\/\/dailynewshungary.com\/it\/wp-json\/wp\/v2\/posts"}],"about":[{"href":"https:\/\/dailynewshungary.com\/it\/wp-json\/wp\/v2\/types\/post"}],"author":[{"embeddable":true,"href":"https:\/\/dailynewshungary.com\/it\/wp-json\/wp\/v2\/users\/91"}],"replies":[{"embeddable":true,"href":"https:\/\/dailynewshungary.com\/it\/wp-json\/wp\/v2\/comments?post=793126"}],"version-history":[{"count":0,"href":"https:\/\/dailynewshungary.com\/it\/wp-json\/wp\/v2\/posts\/793126\/revisions"}],"wp:featuredmedia":[{"embeddable":true,"href":"https:\/\/dailynewshungary.com\/it\/wp-json\/wp\/v2\/media\/793127"}],"wp:attachment":[{"href":"https:\/\/dailynewshungary.com\/it\/wp-json\/wp\/v2\/media?parent=793126"}],"wp:term":[{"taxonomy":"category","embeddable":true,"href":"https:\/\/dailynewshungary.com\/it\/wp-json\/wp\/v2\/categories?post=793126"},{"taxonomy":"post_tag","embeddable":true,"href":"https:\/\/dailynewshungary.com\/it\/wp-json\/wp\/v2\/tags?post=793126"}],"curies":[{"name":"wp","href":"https:\/\/api.w.org\/{rel}","templated":true}]}}