{"id":793130,"date":"2026-09-01T12:54:00","date_gmt":"2026-09-01T10:54:00","guid":{"rendered":"https:\/\/dailynewshungary.com\/it\/un-scalatore-industriale-muore-dopo-essere-caduto-dal-tetto-di-un-edificio-governativo-ungherese\/"},"modified":"2026-09-01T12:54:00","modified_gmt":"2026-09-01T10:54:00","slug":"un-scalatore-industriale-muore-dopo-essere-caduto-dal-tetto-di-un-edificio-governativo-ungherese","status":"publish","type":"post","link":"https:\/\/dailynewshungary.com\/it\/un-scalatore-industriale-muore-dopo-essere-caduto-dal-tetto-di-un-edificio-governativo-ungherese\/","title":{"rendered":"Un scalatore industriale muore dopo essere caduto dal tetto di un edificio governativo ungherese"},"content":{"rendered":"\n<p class=\"wp-block-paragraph\"><strong>Marted\u00ec un lavoratore \u00e8 deceduto in seguito a una caduta dal tetto di un edificio governativo a Szeged. La polizia ha avviato un\u2019indagine in merito all\u2019incidente mortale sul lavoro.<\/strong><\/p>\n\n\n\n<h2 class=\"wp-block-heading\">Lavoratore precipitato dall\u2019edificio governativo di Szeged<\/h2>\n\n\n\n<p class=\"wp-block-paragraph\">Marted\u00ec intorno a mezzogiorno si \u00e8 verificato un incidente mortale sul lavoro a Szeged, quando un alpinista industriale \u00e8 caduto dal tetto della sede dell\u2019amministrazione della contea di Csongr\u00e1d-Csan\u00e1d, <a href=\"https:\/\/szegeder.hu\/szeged\/2026-09-01\/halalos-baleset-munkas-szegedi-kormanyhivatal-teteje-rendorseg-nyomozas\/\" target=\"_blank\" rel=\"noopener\">secondo quanto riportato da Szegeder<\/a>.<\/p>\n\n\n\n<blockquote class=\"wp-block-quote is-layout-flow wp-block-quote-is-layout-flow\">\n<p class=\"wp-block-paragraph\">Secondo quanto riportato dai media locali, il lavoratore \u00e8 caduto sul tetto del ristorante V\u00e1rmegye, situato accanto alla sede dell\u2019amministrazione, ed \u00e8 deceduto sul posto.<\/p>\n<\/blockquote>\n\n\n\n<p class=\"wp-block-paragraph\">Si ritiene che l\u2019uomo sia caduto da un\u2019altezza di almeno 15 metri. Secondo le fonti locali, avrebbe riportato una grave lesione alla testa, che potrebbe aver contribuito al decesso, sebbene la causa esatta della morte non sia stata ancora accertata ufficialmente.<\/p>\n\n\n\n<p class=\"wp-block-paragraph\">Le fotografie scattate sul posto mostrano delle corde che pendono dall\u2019edificio degli uffici governativi, apparentemente utilizzate dall\u2019operaio durante il suo lavoro. Dopo l\u2019incidente sono stati inoltre avvistati alcuni operai intenti a installare una copertura protettiva sul luogo dell\u2019incidente.<\/p>\n\n\n\n<iframe loading=\"lazy\" src=\"https:\/\/www.facebook.com\/plugins\/post.php?href=https%3A%2F%2Fwww.facebook.com%2Fszegeder.hu%2Fposts%2Fpfbid02Y3wPqWeck4x88zWnaaYrrrehXYHQmRx9qauwCpAn6gqTBHoFXdw9sSfkh6HxwZDSl&#038;show_text=true&#038;width=500\" width=\"500\" height=\"500\" style=\"border:none;overflow:hidden\" scrolling=\"no\" frameborder=\"0\" allowfullscreen=\"true\" allow=\"autoplay; clipboard-write; encrypted-media; picture-in-picture; web-share\"><\/iframe>\n\n\n\n<h2 class=\"wp-block-heading\">La polizia indaga sulle circostanze della caduta mortale<\/h2>\n\n\n\n<p class=\"wp-block-paragraph\">Le circostanze che hanno portato alla caduta dal tetto dell\u2019alpinista industriale rimangono poco chiare. La polizia ha dichiarato ai media locali che il lavoratore \u00e8 caduto per ragioni al momento sconosciute.<\/p>\n\n\n\n<p class=\"wp-block-paragraph\">Il Comando della Polizia della contea di Csongr\u00e1d-Csan\u00e1d ha avviato un\u2019indagine per violazione delle norme di sicurezza sul lavoro. Nell\u2019ambito delle indagini sono stati coinvolti degli esperti per accertare l\u2019accaduto e verificare se siano state violate norme di sicurezza. Le indagini sono ancora in corso.<\/p>\n\n\n\n<blockquote class=\"wp-block-quote is-layout-flow wp-block-quote-is-layout-flow\">\n<p class=\"has-black-color has-pale-ocean-gradient-background has-text-color has-background has-link-color wp-elements-1 wp-block-paragraph\"><strong>Se ve lo siete perso: <a href=\"https:\/\/dailynewshungary.com\/it\/uomo-in-condizioni-critiche-dopo-una-grave-caduta-nei-pressi-del-ponte-delle-catene-di-budapest\/\/\">Uomo in condizioni critiche dopo una grave caduta nei pressi del Ponte delle Catene di Budapest<\/a><\/strong><\/p>\n<\/blockquote>\n","protected":false},"excerpt":{"rendered":"<p>Marted\u00ec un lavoratore \u00e8 deceduto in seguito a una caduta dal tetto di un edificio governativo a Szeged. La polizia ha avviato un\u2019indagine in merito all\u2019incidente mortale sul lavoro. Lavoratore precipitato dall\u2019edificio governativo di Szeged Marted\u00ec intorno a mezzogiorno si \u00e8 verificato un incidente mortale sul lavoro a Szeged, quando un alpinista industriale \u00e8 caduto [&hellip;]<\/p>\n","protected":false},"author":62,"featured_media":793131,"comment_status":"open","ping_status":"open","sticky":false,"template":"","format":"standard","meta":{"_display_image":"","footnotes":""},"categories":[2443],"tags":[2872,1115,1123,1556,1069],"class_list":["post-793130","post","type-post","status-publish","format-standard","has-post-thumbnail","hentry","category-life","tag-categoria-incidente-2","tag-polizia","tag-polizia-ungherese","tag-szeged","tag-ungheria"],"blocksy_meta":[],"author_username":"hmercedesz","telegram_post":"","public_post_metadata":{"breaking_news":"yes","important":"no","csempe":"yes","center_tile":"no","disable_thumbnail":"no","target_lang":"","_featured_image_style":"","telegram_post":"","_xlat_group_id":"7555e83b-a947-490f-a0a2-dc52acd003bb"},"public_rank_math_data":{"title":"%title% %sep% %sitename%","description":"","focus_keyword":"climber","canonical_url":"","robots":"","primary_category":"2443","breadcrumb_title":"","facebook_title":"","facebook_description":"","facebook_image":"","facebook_image_id":"","twitter_title":"","twitter_description":"","twitter_image":"","twitter_image_id":"","twitter_card_type":"","twitter_use_facebook":"","advanced_robots":"","pillar_content":"","seo_score":"75","contentai_score":"","rich_snippet":""},"_links":{"self":[{"href":"https:\/\/dailynewshungary.com\/it\/wp-json\/wp\/v2\/posts\/793130","targetHints":{"allow":["GET"]}}],"collection":[{"href":"https:\/\/dailynewshungary.com\/it\/wp-json\/wp\/v2\/posts"}],"about":[{"href":"https:\/\/dailynewshungary.com\/it\/wp-json\/wp\/v2\/types\/post"}],"author":[{"embeddable":true,"href":"https:\/\/dailynewshungary.com\/it\/wp-json\/wp\/v2\/users\/62"}],"replies":[{"embeddable":true,"href":"https:\/\/dailynewshungary.com\/it\/wp-json\/wp\/v2\/comments?post=793130"}],"version-history":[{"count":0,"href":"https:\/\/dailynewshungary.com\/it\/wp-json\/wp\/v2\/posts\/793130\/revisions"}],"wp:featuredmedia":[{"embeddable":true,"href":"https:\/\/dailynewshungary.com\/it\/wp-json\/wp\/v2\/media\/793131"}],"wp:attachment":[{"href":"https:\/\/dailynewshungary.com\/it\/wp-json\/wp\/v2\/media?parent=793130"}],"wp:term":[{"taxonomy":"category","embeddable":true,"href":"https:\/\/dailynewshungary.com\/it\/wp-json\/wp\/v2\/categories?post=793130"},{"taxonomy":"post_tag","embeddable":true,"href":"https:\/\/dailynewshungary.com\/it\/wp-json\/wp\/v2\/tags?post=793130"}],"curies":[{"name":"wp","href":"https:\/\/api.w.org\/{rel}","templated":true}]}}