{"id":793140,"date":"2026-09-01T19:34:00","date_gmt":"2026-09-01T17:34:00","guid":{"rendered":"https:\/\/dailynewshungary.com\/it\/il-35-anniversario-dellindipendenza-delluzbekistan-un-paese-che-guarda-con-orgoglio-al-passato-e-con-fiducia-al-futuro\/"},"modified":"2026-09-01T19:34:00","modified_gmt":"2026-09-01T17:34:00","slug":"il-35-anniversario-dellindipendenza-delluzbekistan-un-paese-che-guarda-con-orgoglio-al-passato-e-con-fiducia-al-futuro","status":"publish","type":"post","link":"https:\/\/dailynewshungary.com\/it\/il-35-anniversario-dellindipendenza-delluzbekistan-un-paese-che-guarda-con-orgoglio-al-passato-e-con-fiducia-al-futuro\/","title":{"rendered":"Il 35\u00b0 anniversario dell\u2019indipendenza dell\u2019Uzbekistan: un Paese che guarda con orgoglio al passato e con fiducia al futuro"},"content":{"rendered":"\n<p class=\"wp-block-paragraph\"><strong>Quest\u2019anno la Festa dell\u2019Indipendenza dell\u2019Uzbekistan, che si celebra il 1\u00b0 settembre, riveste un significato particolare: il Paese dell\u2019Asia centrale festeggia infatti i 35 anni di indipendenza. Ho avuto l\u2019opportunit\u00e0 di vivere in prima persona parte dei festeggiamenti a Tashkent, dove una straordinaria cerimonia di Stato ha offerto non solo uno spettacolo grandioso, ma anche uno sguardo rivelatore su come l\u2019Uzbekistan vede il proprio passato, presente e futuro.<\/strong><\/p>\n\n\n\n<p class=\"wp-block-paragraph\">Esistono festivit\u00e0 nazionali che sono principalmente date sul calendario, e ve ne sono altre in cui il significato dell\u2019occasione \u00e8 impossibile da ignorare una volta che ci si trova effettivamente sul posto. In Uzbekistan, la Festa dell\u2019Indipendenza appartiene chiaramente a quest\u2019ultima categoria.<\/p>\n\n\n\n<p class=\"wp-block-paragraph\">La capitale uzbeka era gi\u00e0 in clima di festa quando ho assistito alla cerimonia ufficiale principale il 28 agosto. Eppure, al di l\u00e0 delle bandiere, della musica, dei ballerini e dell\u2019ambientazione monumentale, ci\u00f2 che mi \u00e8 rimasto pi\u00f9 impresso \u00e8 stata la sensazione che il 35\u00b0 anniversario dell\u2019Uzbekistan non venga presentato semplicemente come una celebrazione di un evento accaduto nel 1991. Viene anche utilizzato come occasione per dimostrare quanto il Paese sia cambiato \u2013 in particolare nell\u2019ultimo decennio.<\/p>\n\n\n\n<h2 class=\"wp-block-heading\">Cosa celebra l\u2019Uzbekistan in occasione della Festa dell\u2019Indipendenza?<\/h2>\n\n\n\n<p class=\"wp-block-paragraph\">L\u2019Uzbekistan ha dichiarato la propria indipendenza il <strong>31 agosto 1991<\/strong>, negli ultimi mesi dell\u2019Unione Sovietica. Il giorno seguente, il 1\u00b0 settembre, \u00e8 stato designato Giorno dell\u2019Indipendenza ed \u00e8 successivamente diventato la principale festivit\u00e0 nazionale del Paese.<\/p>\n\n\n\n<p class=\"wp-block-paragraph\">Nel corso di una sessione straordinaria del Soviet Supremo della Repubblica Socialista Sovietica dell\u2019Uzbekistan, i legislatori adottarono sia la risoluzione che proclamava l\u2019indipendenza della Repubblica dell\u2019Uzbekistan, sia la legislazione che stabiliva le basi del nuovo Stato sovrano. La Repubblica Socialista Sovietica dell\u2019Uzbekistan fu ribattezzata Repubblica dell\u2019Uzbekistan.<\/p>\n\n\n\n<p class=\"wp-block-paragraph\">A trentacinque anni di distanza, l\u2019anniversario rappresenta quindi ben pi\u00f9 di un semplice evento cerimoniale. Per gli uzbeki, esso simboleggia il ripristino della sovranit\u00e0 nazionale e la capacit\u00e0 del Paese di determinare autonomamente il proprio orientamento politico, economico e culturale.<\/p>\n\n\n\n<p class=\"wp-block-paragraph\">Le celebrazioni ufficiali di quest\u2019anno si svolgono all\u2019insegna del tema <strong>\u00abUna patria, un popolo \u2013 Insieme creiamo una nuova vita e un nuovo futuro!\u00bb<\/strong>, uno slogan che la dice lunga anche sull\u2019importanza che il governo attribuisce allo sviluppo e al rinnovamento nazionale.<\/p>\n\n\n\n<h2 class=\"wp-block-heading\">Oltre un migliaio di artisti a Nuova Tashkent<\/h2>\n\n\n\n<p class=\"wp-block-paragraph\">Ho potuto constatare di persona la portata della <strong>Giornata dell\u2019Indipendenza dell\u2019Uzbekistan<\/strong> il 28 agosto, quando ho assistito alla grande celebrazione di Stato a Nuova Tashkent.<\/p>\n\n\n\n<blockquote class=\"instagram-media\" data-instgrm-captioned data-instgrm-permalink=\"https:\/\/www.instagram.com\/reel\/Dclf7F8BWaQ\/?utm_source=ig_embed&amp;utm_campaign=loading\" data-instgrm-version=\"14\" style=\" background:#FFF; border:0; border-radius:3px; box-shadow:0 0 1px 0 rgba(0,0,0,0.5),0 1px 10px 0 rgba(0,0,0,0.15); margin: 1px; max-width:540px; min-width:326px; padding:0; width:99.375%; width:-webkit-calc(100% - 2px); width:calc(100% - 2px);\"><div style=\"padding:16px;\"> <a href=\"https:\/\/www.instagram.com\/reel\/Dclf7F8BWaQ\/?utm_source=ig_embed&amp;utm_campaign=loading\" style=\" background:#FFFFFF; line-height:0; padding:0 0; text-align:center; text-decoration:none; width:100%;\" target=\"_blank\" rel=\"noopener\"> <div style=\" display: flex; flex-direction: row; align-items: center;\"> <div style=\"background-color: #F4F4F4; border-radius: 50%; flex-grow: 0; height: 40px; margin-right: 14px; width: 40px;\"><\/div> <div style=\"display: flex; flex-direction: column; flex-grow: 1; justify-content: center;\"> <div style=\" background-color: #F4F4F4; border-radius: 4px; flex-grow: 0; height: 14px; margin-bottom: 6px; width: 100px;\"><\/div> <div style=\" background-color: #F4F4F4; border-radius: 4px; flex-grow: 0; height: 14px; width: 60px;\"><\/div><\/div><\/div><div style=\"padding: 19% 0;\"><\/div> <div style=\"display:block; height:50px; margin:0 auto 12px; width:50px;\"><svg width=\"50px\" height=\"50px\" viewBox=\"0 0 60 60\" version=\"1.1\" xmlns=\"https:\/\/www.w3.org\/2000\/svg\" xmlns:xlink=\"https:\/\/www.w3.org\/1999\/xlink\"><g stroke=\"none\" stroke-width=\"1\" fill=\"none\" fill-rule=\"evenodd\"><g transform=\"translate(-511.000000, -20.000000)\" fill=\"#000000\"><g><path d=\"M556.869,30.41 C554.814,30.41 553.148,32.076 553.148,34.131 C553.148,36.186 554.814,37.852 556.869,37.852 C558.924,37.852 560.59,36.186 560.59,34.131 C560.59,32.076 558.924,30.41 556.869,30.41 M541,60.657 C535.114,60.657 530.342,55.887 530.342,50 C530.342,44.114 535.114,39.342 541,39.342 C546.887,39.342 551.658,44.114 551.658,50 C551.658,55.887 546.887,60.657 541,60.657 M541,33.886 C532.1,33.886 524.886,41.1 524.886,50 C524.886,58.899 532.1,66.113 541,66.113 C549.9,66.113 557.115,58.899 557.115,50 C557.115,41.1 549.9,33.886 541,33.886 M565.378,62.101 C565.244,65.022 564.756,66.606 564.346,67.663 C563.803,69.06 563.154,70.057 562.106,71.106 C561.058,72.155 560.06,72.803 558.662,73.347 C557.607,73.757 556.021,74.244 553.102,74.378 C549.944,74.521 548.997,74.552 541,74.552 C533.003,74.552 532.056,74.521 528.898,74.378 C525.979,74.244 524.393,73.757 523.338,73.347 C521.94,72.803 520.942,72.155 519.894,71.106 C518.846,70.057 518.197,69.06 517.654,67.663 C517.244,66.606 516.755,65.022 516.623,62.101 C516.479,58.943 516.448,57.996 516.448,50 C516.448,42.003 516.479,41.056 516.623,37.899 C516.755,34.978 517.244,33.391 517.654,32.338 C518.197,30.938 518.846,29.942 519.894,28.894 C520.942,27.846 521.94,27.196 523.338,26.654 C524.393,26.244 525.979,25.756 528.898,25.623 C532.057,25.479 533.004,25.448 541,25.448 C548.997,25.448 549.943,25.479 553.102,25.623 C556.021,25.756 557.607,26.244 558.662,26.654 C560.06,27.196 561.058,27.846 562.106,28.894 C563.154,29.942 563.803,30.938 564.346,32.338 C564.756,33.391 565.244,34.978 565.378,37.899 C565.522,41.056 565.552,42.003 565.552,50 C565.552,57.996 565.522,58.943 565.378,62.101 M570.82,37.631 C570.674,34.438 570.167,32.258 569.425,30.349 C568.659,28.377 567.633,26.702 565.965,25.035 C564.297,23.368 562.623,22.342 560.652,21.575 C558.743,20.834 556.562,20.326 553.369,20.18 C550.169,20.033 549.148,20 541,20 C532.853,20 531.831,20.033 528.631,20.18 C525.438,20.326 523.257,20.834 521.349,21.575 C519.376,22.342 517.703,23.368 516.035,25.035 C514.368,26.702 513.342,28.377 512.574,30.349 C511.834,32.258 511.326,34.438 511.181,37.631 C511.035,40.831 511,41.851 511,50 C511,58.147 511.035,59.17 511.181,62.369 C511.326,65.562 511.834,67.743 512.574,69.651 C513.342,71.625 514.368,73.296 516.035,74.965 C517.703,76.634 519.376,77.658 521.349,78.425 C523.257,79.167 525.438,79.673 528.631,79.82 C531.831,79.965 532.853,80.001 541,80.001 C549.148,80.001 550.169,79.965 553.369,79.82 C556.562,79.673 558.743,79.167 560.652,78.425 C562.623,77.658 564.297,76.634 565.965,74.965 C567.633,73.296 568.659,71.625 569.425,69.651 C570.167,67.743 570.674,65.562 570.82,62.369 C570.966,59.17 571,58.147 571,50 C571,41.851 570.966,40.831 570.82,37.631\"><\/path><\/g><\/g><\/g><\/svg><\/div><div style=\"padding-top: 8px;\"> <div style=\" color:#3897f0; font-family:Arial,sans-serif; font-size:14px; font-style:normal; font-weight:550; line-height:18px;\">Visualizza questo post su Instagram<\/div><\/div><div style=\"padding: 12.5% 0;\"><\/div> <div style=\"display: flex; flex-direction: row; margin-bottom: 14px; align-items: center;\"><div> <div style=\"background-color: #F4F4F4; border-radius: 50%; height: 12.5px; width: 12.5px; transform: translateX(0px) translateY(7px);\"><\/div> <div style=\"background-color: #F4F4F4; height: 12.5px; transform: rotate(-45deg) translateX(3px) translateY(1px); width: 12.5px; flex-grow: 0; margin-right: 14px; margin-left: 2px;\"><\/div> <div style=\"background-color: #F4F4F4; border-radius: 50%; height: 12.5px; width: 12.5px; transform: translateX(9px) translateY(-18px);\"><\/div><\/div><div style=\"margin-left: 8px;\"> <div style=\" background-color: #F4F4F4; border-radius: 50%; flex-grow: 0; height: 20px; width: 20px;\"><\/div> <div style=\" width: 0; height: 0; border-top: 2px solid transparent; border-left: 6px solid #f4f4f4; border-bottom: 2px solid transparent; transform: translateX(16px) translateY(-4px) rotate(30deg)\"><\/div><\/div><div style=\"margin-left: auto;\"> <div style=\" width: 0px; border-top: 8px solid #F4F4F4; border-right: 8px solid transparent; transform: translateY(16px);\"><\/div> <div style=\" background-color: #F4F4F4; flex-grow: 0; height: 12px; width: 16px; transform: translateY(-4px);\"><\/div> <div style=\" width: 0; height: 0; border-top: 8px solid #F4F4F4; border-left: 8px solid transparent; transform: translateY(-4px) translateX(8px);\"><\/div><\/div><\/div> <div style=\"display: flex; flex-direction: column; flex-grow: 1; justify-content: center; margin-bottom: 24px;\"> <div style=\" background-color: #F4F4F4; border-radius: 4px; flex-grow: 0; height: 14px; margin-bottom: 6px; width: 224px;\"><\/div> <div style=\" background-color: #F4F4F4; border-radius: 4px; flex-grow: 0; height: 14px; width: 144px;\"><\/div><\/div><\/a><p style=\" color:#c9c8cd; font-family:Arial,sans-serif; font-size:14px; line-height:17px; margin-bottom:0; margin-top:8px; overflow:hidden; padding:8px 0 7px; text-align:center; text-overflow:ellipsis; white-space:nowrap;\"><a href=\"https:\/\/www.instagram.com\/reel\/Dclf7F8BWaQ\/?utm_source=ig_embed&amp;utm_campaign=loading\" style=\" color:#c9c8cd; font-family:Arial,sans-serif; font-size:14px; font-style:normal; font-weight:normal; line-height:17px; text-decoration:none;\" target=\"_blank\" rel=\"noopener\">Un post condiviso da Alp\u00e1r Kat\u00f3 (@alpar_kato)<\/a><\/p><\/div><\/blockquote>\n<script async src=\"\/\/www.instagram.com\/embed.js\"><\/script>\n\n\n\n<p class=\"wp-block-paragraph\">Il presidente Shavkat Mirziyoyev si \u00e8 rivolto al pubblico prima dell\u2019inizio di un imponente programma culturale, che ha coinvolto oltre un migliaio di ballerini, artisti e comparse. La portata della produzione era davvero impressionante: scene accuratamente coreografate, elementi tradizionali e una messa in scena moderna si sono combinati per raccontare la storia del Paese e del suo popolo.<\/p>\n\n\n\n<p class=\"wp-block-paragraph\">Anche la scelta di Nuova Tashkent come sede trasmetteva un messaggio chiaro. L\u2019enorme nuovo complesso urbano \u00e8 destinato a diventare un centro di istruzione, cultura e scienza e, secondo le parole di Mirziyoyev, un simbolo della forza del \u00abNuovo Uzbekistan\u00bb. Il presidente ha inoltre messo in risalto le istituzioni educative e culturali di recente completamento presenti nell\u2019area.<\/p><figure class=\"wp-block-image size-large\"><figcaption class=\"wp-element-caption\">\n<\/figcaption><\/figure>\n\n<figure class=\"wp-block-image size-large\"><figcaption class=\"wp-element-caption\">\n<\/figcaption><img decoding=\"async\" src=\"https:\/\/dailynewshungary.b-cdn.net\/wp-content\/uploads\/2026\/09\/President-Shavkat-Mirziyoyev-addressed-the-audience-before-a-huge-cultural-programme-began-1280x853.webp\" alt=\"President Shavkat Mirziyoyev Addressed The Audience Before A Huge Cultural Programme Began X\" class=\"wp-image-705792\"\/><figcaption class=\"wp-element-caption\">Il presidente Shavkat Mirziyoyev si \u00e8 rivolto al pubblico prima dell\u2019inizio di un imponente programma culturale.<\/figcaption><\/figure>\n\n\n\n<p class=\"wp-block-paragraph\">Diversi messaggi del suo discorso hanno suscitato particolare attenzione.<\/p>\n\n\n\n<p class=\"wp-block-paragraph\">Mirziyoyev ha sottolineato che, sebbene l\u2019indipendenza moderna sia stata conquistata nel 1991, la statualit\u00e0 e la civilt\u00e0 dell\u2019Uzbekistan risalgono a migliaia di anni fa. Ha inoltre descritto la dignit\u00e0 umana e la capacit\u00e0 di vivere liberamente come conquiste fondamentali dell\u2019indipendenza, sottolineando al contempo le riforme di ampia portata avviate negli ultimi anni.<\/p>\n\n\n\n<p class=\"wp-block-paragraph\">Intervenendo poco prima della celebrazione principale, il presidente ha sintetizzato la portata della trasformazione in termini insolitamente ambiziosi: <strong>\u00abTrentacinque anni sono un periodo breve secondo gli standard storici\u00bb,<\/strong> ha affermato, sostenendo al contempo che la portata dei risultati raggiunti dal Paese faceva sembrare quel periodo notevolmente pi\u00f9 lungo.<\/p>\n\n\n\n<p class=\"wp-block-paragraph\">La cerimonia stessa ha rafforzato tale messaggio. Si \u00e8 trattato di una celebrazione della storia, ma anche, in modo del tutto deliberato, di una presentazione di ci\u00f2 che, secondo le autorit\u00e0, l\u2019Uzbekistan potrebbe diventare in futuro.<\/p>\n\n\n\n<figure class=\"wp-block-gallery has-nested-images columns-default is-cropped wp-block-gallery-1 is-layout-flex wp-block-gallery-is-layout-flex\">\n<figure class=\"wp-block-image size-large\"><a href=\"https:\/\/dailynewshungary.b-cdn.net\/wp-content\/uploads\/2026\/09\/Independence-Day-2026-Uzbekistan-at-35-7.webp\" target=\"_blank\" rel=\"noopener\"><img decoding=\"async\" data-id=\"705798\" src=\"https:\/\/dailynewshungary.b-cdn.net\/wp-content\/uploads\/2026\/09\/Independence-Day-2026-Uzbekistan-at-35-7.webp\" alt=\"Independence Day Uzbekistan At\" class=\"wp-image-705798\"\/><\/a><figcaption class=\"wp-element-caption\">Il 35\u00b0 anniversario dell\u2019indipendenza dell\u2019Uzbekistan: un Paese che guarda con orgoglio al passato e con fiducia al futuro<\/figcaption><\/figure>\n\n\n\n<figure class=\"wp-block-image size-large\"><a href=\"https:\/\/dailynewshungary.b-cdn.net\/wp-content\/uploads\/2026\/09\/Independence-Day-2026-Uzbekistan-at-35-4.webp\" target=\"_blank\" rel=\"noopener\"><img decoding=\"async\" data-id=\"705795\" src=\"https:\/\/dailynewshungary.b-cdn.net\/wp-content\/uploads\/2026\/09\/Independence-Day-2026-Uzbekistan-at-35-4.webp\" alt=\"Uzbekistan Independence Day at 35: a country looking proudly back \u2013 and confidently ahead\" class=\"wp-image-705795\"\/><\/a><figcaption class=\"wp-element-caption\">Il 35\u00b0 anniversario dell\u2019indipendenza dell\u2019Uzbekistan: un Paese che guarda con orgoglio al passato e con fiducia al futuro<\/figcaption><\/figure>\n\n\n\n<figure class=\"wp-block-image size-large\"><a href=\"https:\/\/dailynewshungary.b-cdn.net\/wp-content\/uploads\/2026\/09\/Independence-Day-2026-Uzbekistan-at-35-celebration-in-Tashkent.webp\" target=\"_blank\" rel=\"noopener\"><img decoding=\"async\" data-id=\"705797\" src=\"https:\/\/dailynewshungary.b-cdn.net\/wp-content\/uploads\/2026\/09\/Independence-Day-2026-Uzbekistan-at-35-celebration-in-Tashkent.webp\" alt=\"Independence Day Uzbekistan At Celebration In Tashkent\" class=\"wp-image-705797\"\/><\/a><figcaption class=\"wp-element-caption\">Il 35\u00b0 anniversario dell\u2019indipendenza dell\u2019Uzbekistan: un Paese che guarda con orgoglio al passato \u2013 e con fiducia al futuro<\/figcaption><\/figure>\n\n\n\n<figure class=\"wp-block-image size-large\"><a href=\"https:\/\/dailynewshungary.b-cdn.net\/wp-content\/uploads\/2026\/09\/Independence-Day-2026-Uzbekistan-at-35-5.webp\" target=\"_blank\" rel=\"noopener\"><img decoding=\"async\" data-id=\"705796\" src=\"https:\/\/dailynewshungary.b-cdn.net\/wp-content\/uploads\/2026\/09\/Independence-Day-2026-Uzbekistan-at-35-5.webp\" alt=\"President Shavkat Mirziyoyev addressed the audience before a huge cultural programme began\" class=\"wp-image-705796\"\/><\/a><figcaption class=\"wp-element-caption\">Il 35\u00b0 anniversario dell\u2019indipendenza dell\u2019Uzbekistan: un Paese che guarda con orgoglio al passato e con fiducia al futuro<\/figcaption><\/figure>\n\n\n\n<figure class=\"wp-block-image size-large\"><a href=\"https:\/\/dailynewshungary.b-cdn.net\/wp-content\/uploads\/2026\/09\/Independence-Day-2026-Uzbekistan-at-35-8.webp\" target=\"_blank\" rel=\"noopener\"><img decoding=\"async\" data-id=\"705799\" src=\"https:\/\/dailynewshungary.b-cdn.net\/wp-content\/uploads\/2026\/09\/Independence-Day-2026-Uzbekistan-at-35-8.webp\" alt=\"Independence Day Uzbekistan At\" class=\"wp-image-705799\"\/><\/a><figcaption class=\"wp-element-caption\">Il 35\u00b0 anniversario dell\u2019indipendenza dell\u2019Uzbekistan: un Paese che guarda con orgoglio al passato e con fiducia al futuro<\/figcaption><\/figure>\n<\/figure>\n\n\n\n<h2 class=\"wp-block-heading\">Trentacinque anni di trasformazione \u2013 e uno straordinario ultimo decennio<\/h2>\n\n\n\n<p class=\"wp-block-paragraph\">\u00c8 proprio qui che le mie impressioni personali sull\u2019Uzbekistan diventano difficili da separare dall\u2019anniversario stesso.<\/p>\n\n\n\n<p class=\"wp-block-paragraph\">Da quanto ho potuto constatare, il Paese ha registrato un\u2019enorme crescita nei 35 anni trascorsi dall\u2019indipendenza, sia sul piano economico che politico. Ma la trasformazione avvenuta nell\u2019ultimo decennio circa \u00e8 particolarmente evidente.<\/p>\n\n\n\n<p class=\"wp-block-paragraph\">A Tashkent \u00e8 possibile osservarla concretamente: nuove strade, grandi progetti edilizi, spazi pubblici, alberghi, quartieri commerciali e ambiziose istituzioni culturali. Si percepisce inoltre un Paese che \u00e8 diventato notevolmente pi\u00f9 aperto verso l\u2019esterno e interessato ad attrarre turisti, imprese, investitori e partner internazionali.<\/p>\n\n\n\n<p class=\"wp-block-paragraph\">Le statistiche economiche confermano almeno in parte tale impressione. I dati della Banca Mondiale indicano che il PIL reale dell\u2019Uzbekistan \u00e8 cresciuto del <strong>7,7% nel 2025<\/strong>, dopo una crescita del 6,7% registrata l\u2019anno precedente. Il PIL del Paese, espresso in dollari correnti, ha raggiunto circa 147 miliardi di dollari nel 2025. La Banca Mondiale ha inoltre descritto l\u2019ampio programma di riforme avviato a partire dal 2017 come un fattore importante a sostegno dell\u2019espansione economica del Paese.<\/p>\n\n\n\n<iframe loading=\"lazy\" src=\"https:\/\/www.linkedin.com\/embed\/feed\/update\/urn:li:ugcPost:7499403415156912128?compact=1\" height=\"399\" width=\"504\" frameborder=\"0\" allowfullscreen=\"\" title=\"Embedded post\"><\/iframe>\n\n\n\n<p class=\"wp-block-paragraph\">Ci\u00f2 non significa che ogni problema sia scomparso n\u00e9 che una trasformazione durata 35 anni possa essere ridotta a nuovi edifici e statistiche sul PIL. Tuttavia, per un visitatore, il ritmo e l\u2019ambizione di tale trasformazione sono difficili da ignorare.<\/p>\n\n\n\n<p class=\"wp-block-paragraph\">Forse \u00e8 questo uno dei motivi per cui il concetto di <strong>\u00abNuovo Uzbekistan\u00bb<\/strong> ricorre cos\u00ec spesso nei discorsi ufficiali. Dopo aver viaggiato per il Paese, l\u2019espressione inizia ad assumere un senso pi\u00f9 chiaro: l\u2019Uzbekistan sta consapevolmente cercando di costruire una nuova immagine internazionale, preservando \u2013 e valorizzando sempre pi\u00f9 \u2013 il proprio straordinario patrimonio storico.<\/p>\n\n\n\n<h2 class=\"wp-block-heading\">Perch\u00e9 vale la pena recarsi in Uzbekistan dall\u2019Ungheria<\/h2>\n\n\n\n<p class=\"wp-block-paragraph\">E quel patrimonio storico, di per s\u00e9, \u00e8 gi\u00e0 un motivo convincente per visitarlo.<\/p>\n\n\n\n<p class=\"wp-block-paragraph\">Per i viaggiatori ungheresi, l\u2019Uzbekistan pu\u00f2 ancora sembrare lontano. Eppure poche destinazioni offrono una tale concentrazione di architettura spettacolare e di storia della Via della Seta.<\/p>\n\n\n\n<p class=\"wp-block-paragraph\"><strong><a href=\"https:\/\/uzbekistan.travel\/en\/i\/samarkand\/\" target=\"_blank\" rel=\"noopener\">Samarcanda<\/a><\/strong> \u00e8 il punto di partenza pi\u00f9 ovvio. La sua piazza Registan, con tre madrasse monumentali che circondano uno degli spazi pubblici pi\u00f9 riconoscibili dell\u2019Asia centrale, \u00e8 ancora pi\u00f9 impressionante dal vivo che in fotografia. L\u2019UNESCO descrive Samarcanda come un crocevia e un crogiolo di culture mondiali, con oltre due millenni e mezzo di storia.<\/p><figure class=\"wp-block-image size-full\"><figcaption class=\"wp-element-caption\">\n<\/figcaption><\/figure>\n\n<figure class=\"wp-block-image size-full\"><figcaption class=\"wp-element-caption\">\n<\/figcaption><img loading=\"lazy\" decoding=\"async\" width=\"1200\" height=\"900\" src=\"https:\/\/dailynewshungary.b-cdn.net\/wp-content\/uploads\/2024\/05\/Uzbegisztan-Uzbekistan-Tashkent-Taskent-Szamarkand-Samarkand-58.jpg\" alt=\"Samarkand Uzbekistan UNESCO\" class=\"wp-image-598818\" srcset=\"https:\/\/contentf5.dailynewshungary.com\/wp-content\/uploads\/2024\/05\/Uzbegisztan-Uzbekistan-Tashkent-Taskent-Szamarkand-Samarkand-58.jpg 1200w, https:\/\/contentf5.dailynewshungary.com\/wp-content\/uploads\/2024\/05\/Uzbegisztan-Uzbekistan-Tashkent-Taskent-Szamarkand-Samarkand-58-768x576.jpg 768w, https:\/\/contentf5.dailynewshungary.com\/wp-content\/uploads\/2024\/05\/Uzbegisztan-Uzbekistan-Tashkent-Taskent-Szamarkand-Samarkand-58-296x222.jpg 296w, https:\/\/contentf5.dailynewshungary.com\/wp-content\/uploads\/2024\/05\/Uzbegisztan-Uzbekistan-Tashkent-Taskent-Szamarkand-Samarkand-58-1030x773.jpg 1030w, https:\/\/contentf5.dailynewshungary.com\/wp-content\/uploads\/2024\/05\/Uzbegisztan-Uzbekistan-Tashkent-Taskent-Szamarkand-Samarkand-58-100x75.jpg 100w, https:\/\/contentf5.dailynewshungary.com\/wp-content\/uploads\/2024\/05\/Uzbegisztan-Uzbekistan-Tashkent-Taskent-Szamarkand-Samarkand-58-960x720.jpg 960w, https:\/\/contentf5.dailynewshungary.com\/wp-content\/uploads\/2024\/05\/Uzbegisztan-Uzbekistan-Tashkent-Taskent-Szamarkand-Samarkand-58-480x360.jpg 480w\" sizes=\"auto, (max-width: 1200px) 100vw, 1200px\" \/><figcaption class=\"wp-element-caption\">Piazza Registan, Samarcanda, Uzbekistan. Foto: Daily News Hungary<\/figcaption><\/figure>\n\n\n\n<p class=\"wp-block-paragraph\">C\u2019\u00e8 poi <strong><a href=\"https:\/\/whc.unesco.org\/en\/list\/602\/\" target=\"_blank\" rel=\"noopener\">Bukhara<\/a><\/strong>, una citt\u00e0 della Via della Seta con oltre 2.000 anni di storia, il cui centro storico rimane uno degli esempi meglio conservati di citt\u00e0 medievale dell\u2019Asia centrale.<\/p>\n\n\n\n<p class=\"wp-block-paragraph\">E <strong><a href=\"https:\/\/uzbekistan.travel\/en\/i\/khiva\/\" target=\"_blank\" rel=\"noopener\">Khiva<\/a><\/strong> offre un\u2019esperienza ancora diversa: varcare le porte della sua antica citt\u00e0 murata pu\u00f2 dare l\u2019impressione non tanto di visitare un singolo monumento, quanto piuttosto di addentrarsi direttamente in un\u2019altra epoca storica.<\/p>\n\n\n\n<p class=\"wp-block-paragraph\">La stessa Tashkent vanta ora una nuova importante attrazione che merita di essere annoverata tra queste famose citt\u00e0 della Via della Seta.<\/p>\n\n\n\n<p class=\"has-very-light-gray-to-cyan-bluish-gray-gradient-background has-background wp-block-paragraph\">Se ve lo siete perso \u2013 <a href=\"https:\/\/dailynewshungary.com\/uzbekistan-tourism-2026\/\">L\u2019Uzbekistan compie 35 anni: il turismo diventa un potente simbolo di indipendenza, apertura e crescita nazionale<\/a><\/p>\n\n\n\n<h2 class=\"wp-block-heading\">Lo straordinario Centro per la Civilt\u00e0 Islamica di Tashkent<\/h2>\n\n\n\n<p class=\"wp-block-paragraph\">Il <strong>Centro per la Civilt\u00e0 Islamica in Uzbekistan<\/strong>, inaugurato ufficialmente a Tashkent nel marzo 2026, \u00e8 uno dei progetti culturali pi\u00f9 ambiziosi del Paese.<\/p>\n\n\n\n<p class=\"wp-block-paragraph\">Il vasto complesso riunisce un museo, una biblioteca, strutture di ricerca e mostre che ripercorrono la storia intellettuale e scientifica della civilt\u00e0 islamica in Asia centrale. Le sue collezioni comprendono manoscritti, reperti storici e materiale relativo ad alcuni degli studiosi il cui lavoro ha influenzato la matematica, l\u2019astronomia, la medicina e la filosofia ben oltre i confini della regione.<\/p>\n\n\n\n<figure class=\"wp-block-image size-full\"><img decoding=\"async\" src=\"https:\/\/dailynewshungary.b-cdn.net\/wp-content\/uploads\/2026\/08\/Center-for-Islamic-Civilization-in-Uzbekistan-view.webp\" alt=\"Center For Islamic Civilization In Uzbekistan View\" class=\"wp-image-705473\"\/><\/figure>\n\n\n\n<p class=\"wp-block-paragraph\">La sua portata \u00e8 notevole. Secondo i dati forniti dal governo uzbeko, all\u2019inizio di giugno \u2013 a meno di tre mesi dall\u2019inaugurazione \u2013 il centro aveva gi\u00e0 accolto circa mezzo milione di visitatori nazionali e internazionali.<\/p>\n\n\n\n<p class=\"wp-block-paragraph\">Per chiunque sia interessato alla storia, alla religione, alla scienza o all\u2019architettura, vale la pena dedicare diverse ore alla visita, anzich\u00e9 considerarla una breve tappa durante un tour turistico di Tashkent.<\/p>\n\n\n\n<h2 class=\"wp-block-heading\">L\u2019ospitalit\u00e0 potrebbe essere la pi\u00f9 grande attrazione dell\u2019Uzbekistan<\/h2>\n\n\n\n<p class=\"wp-block-paragraph\">Gli edifici, i monumenti e la trasformazione economica spiegano solo in parte il motivo per cui l\u2019Uzbekistan lascia un\u2019impressione cos\u00ec forte.<\/p>\n\n\n\n<p class=\"wp-block-paragraph\">L\u2019altra parte \u00e8 rappresentata dalla popolazione.<\/p>\n\n\n\n<p class=\"wp-block-paragraph\">Una cosa che ho sperimentato ripetutamente \u00e8 stata la sincera ospitalit\u00e0 degli uzbeki. I visitatori vengono accolti calorosamente, le conversazioni nascono con facilit\u00e0 e il cibo viene servito in quantit\u00e0 tali da rendere quasi impossibile rifiutare un altro piatto.<\/p>\n\n\n\n<p class=\"wp-block-paragraph\">E questo ci porta alla gastronomia uzbeka.<\/p>\n\n\n\n<p class=\"wp-block-paragraph\">Il piatto pi\u00f9 famoso del Paese \u00e8, ovviamente, <strong>il plov<\/strong>: riso cotto con carne, carote, cipolle e spezie, con variazioni regionali in tutto l\u2019Uzbekistan. Ma ridurre la cucina uzbeka al plov sarebbe ingiusto. La samsa cotta nel forno tradizionale, lo shashlik, i noodles lagman, le zuppe, la frutta fresca, le verdure e l\u2019onnipresente focaccia rotonda uzbeka rendono il mangiare qui un\u2019attrazione a s\u00e9 stante.<\/p>\n\n\n\n<figure class=\"wp-block-gallery has-nested-images columns-default is-cropped wp-block-gallery-2 is-layout-flex wp-block-gallery-is-layout-flex\">\n<figure class=\"wp-block-image size-large\"><a href=\"https:\/\/dailynewshungary.b-cdn.net\/wp-content\/uploads\/2024\/05\/Uzbegisztan-Uzbekistan-Tashkent-Taskent-Szamarkand-Samarkand-81.jpg\" target=\"_blank\" rel=\"noopener\"><img loading=\"lazy\" decoding=\"async\" width=\"900\" height=\"1200\" data-id=\"598840\" src=\"https:\/\/dailynewshungary.b-cdn.net\/wp-content\/uploads\/2024\/05\/Uzbegisztan-Uzbekistan-Tashkent-Taskent-Szamarkand-Samarkand-81.jpg\" alt=\"Uzbekistan Tashkent plov center\" class=\"wp-image-598840\" srcset=\"https:\/\/contentf5.dailynewshungary.com\/wp-content\/uploads\/2024\/05\/Uzbegisztan-Uzbekistan-Tashkent-Taskent-Szamarkand-Samarkand-81.jpg 900w, https:\/\/contentf5.dailynewshungary.com\/wp-content\/uploads\/2024\/05\/Uzbegisztan-Uzbekistan-Tashkent-Taskent-Szamarkand-Samarkand-81-768x1024.jpg 768w, https:\/\/contentf5.dailynewshungary.com\/wp-content\/uploads\/2024\/05\/Uzbegisztan-Uzbekistan-Tashkent-Taskent-Szamarkand-Samarkand-81-167x222.jpg 167w, https:\/\/contentf5.dailynewshungary.com\/wp-content\/uploads\/2024\/05\/Uzbegisztan-Uzbekistan-Tashkent-Taskent-Szamarkand-Samarkand-81-56x75.jpg 56w, https:\/\/contentf5.dailynewshungary.com\/wp-content\/uploads\/2024\/05\/Uzbegisztan-Uzbekistan-Tashkent-Taskent-Szamarkand-Samarkand-81-480x640.jpg 480w\" sizes=\"auto, (max-width: 900px) 100vw, 900px\" \/><\/a><figcaption class=\"wp-element-caption\">Plov Center, Tashkent, Uzbekistan. Foto: Daily News Hungary<\/figcaption><\/figure>\n\n\n\n<figure class=\"wp-block-image size-large\"><a href=\"https:\/\/dailynewshungary.b-cdn.net\/wp-content\/uploads\/2024\/05\/Uzbegisztan-Uzbekistan-Tashkent-Taskent-Szamarkand-Samarkand-85.jpg\" target=\"_blank\" rel=\"noopener\"><img loading=\"lazy\" decoding=\"async\" width=\"1200\" height=\"900\" data-id=\"598844\" src=\"https:\/\/dailynewshungary.b-cdn.net\/wp-content\/uploads\/2024\/05\/Uzbegisztan-Uzbekistan-Tashkent-Taskent-Szamarkand-Samarkand-85.jpg\" alt=\"Uzbekistan Tashkent\" class=\"wp-image-598844\" srcset=\"https:\/\/contentf5.dailynewshungary.com\/wp-content\/uploads\/2024\/05\/Uzbegisztan-Uzbekistan-Tashkent-Taskent-Szamarkand-Samarkand-85.jpg 1200w, https:\/\/contentf5.dailynewshungary.com\/wp-content\/uploads\/2024\/05\/Uzbegisztan-Uzbekistan-Tashkent-Taskent-Szamarkand-Samarkand-85-768x576.jpg 768w, https:\/\/contentf5.dailynewshungary.com\/wp-content\/uploads\/2024\/05\/Uzbegisztan-Uzbekistan-Tashkent-Taskent-Szamarkand-Samarkand-85-296x222.jpg 296w, https:\/\/contentf5.dailynewshungary.com\/wp-content\/uploads\/2024\/05\/Uzbegisztan-Uzbekistan-Tashkent-Taskent-Szamarkand-Samarkand-85-1030x773.jpg 1030w, https:\/\/contentf5.dailynewshungary.com\/wp-content\/uploads\/2024\/05\/Uzbegisztan-Uzbekistan-Tashkent-Taskent-Szamarkand-Samarkand-85-100x75.jpg 100w, https:\/\/contentf5.dailynewshungary.com\/wp-content\/uploads\/2024\/05\/Uzbegisztan-Uzbekistan-Tashkent-Taskent-Szamarkand-Samarkand-85-960x720.jpg 960w, https:\/\/contentf5.dailynewshungary.com\/wp-content\/uploads\/2024\/05\/Uzbegisztan-Uzbekistan-Tashkent-Taskent-Szamarkand-Samarkand-85-480x360.jpg 480w\" sizes=\"auto, (max-width: 1200px) 100vw, 1200px\" \/><\/a><figcaption class=\"wp-element-caption\">Plov Center, Tashkent, Uzbekistan. Foto: Daily News Hungary<\/figcaption><\/figure>\n\n\n\n<figure class=\"wp-block-image size-large\"><a href=\"https:\/\/dailynewshungary.b-cdn.net\/wp-content\/uploads\/2024\/05\/Uzbegisztan-Uzbekistan-Tashkent-Taskent-Szamarkand-Samarkand-100.jpg\" target=\"_blank\" rel=\"noopener\"><img loading=\"lazy\" decoding=\"async\" width=\"900\" height=\"1200\" data-id=\"598859\" src=\"https:\/\/dailynewshungary.b-cdn.net\/wp-content\/uploads\/2024\/05\/Uzbegisztan-Uzbekistan-Tashkent-Taskent-Szamarkand-Samarkand-100.jpg\" alt=\"Uzbekistan Tashkent\" class=\"wp-image-598859\" srcset=\"https:\/\/contentf5.dailynewshungary.com\/wp-content\/uploads\/2024\/05\/Uzbegisztan-Uzbekistan-Tashkent-Taskent-Szamarkand-Samarkand-100.jpg 900w, https:\/\/contentf5.dailynewshungary.com\/wp-content\/uploads\/2024\/05\/Uzbegisztan-Uzbekistan-Tashkent-Taskent-Szamarkand-Samarkand-100-768x1024.jpg 768w, https:\/\/contentf5.dailynewshungary.com\/wp-content\/uploads\/2024\/05\/Uzbegisztan-Uzbekistan-Tashkent-Taskent-Szamarkand-Samarkand-100-167x222.jpg 167w, https:\/\/contentf5.dailynewshungary.com\/wp-content\/uploads\/2024\/05\/Uzbegisztan-Uzbekistan-Tashkent-Taskent-Szamarkand-Samarkand-100-56x75.jpg 56w, https:\/\/contentf5.dailynewshungary.com\/wp-content\/uploads\/2024\/05\/Uzbegisztan-Uzbekistan-Tashkent-Taskent-Szamarkand-Samarkand-100-480x640.jpg 480w\" sizes=\"auto, (max-width: 900px) 100vw, 900px\" \/><\/a><figcaption class=\"wp-element-caption\">Plov Center, Tashkent, Uzbekistan. Foto: Daily News Hungary<\/figcaption><\/figure>\n<\/figure>\n\n\n\n<p class=\"wp-block-paragraph\">Il cibo svolge anche un ruolo sociale. I pasti sono lunghi, condivisi e abbondanti. Il t\u00e8 viene servito continuamente. La tavola non \u00e8 semplicemente un luogo dove mangiare; \u00e8 il luogo in cui gli ospiti diventano parte integrante dell\u2019occasione.<\/p>\n\n\n\n<p class=\"wp-block-paragraph\">Per i viaggiatori, questa esperienza potrebbe rivelarsi, in definitiva, altrettanto memorabile quanto la piazza Registan o le antiche mura di Khiva.<\/p>\n\n\n\n<h2 class=\"wp-block-heading\">La Festa dell\u2019Indipendenza dell\u2019Uzbekistan va oltre il passato<\/h2>\n\n\n\n<p class=\"wp-block-paragraph\">Trovandomi a Nuova Tashkent il 28 agosto, mentre oltre un migliaio di artisti riempivano l\u2019enorme palcoscenico, era facile comprendere perch\u00e9 il 35\u00b0 anniversario rivesta qui una tale importanza.<\/p>\n\n\n\n<p class=\"wp-block-paragraph\"><strong>La Festa dell\u2019Indipendenza dell\u2019Uzbekistan<\/strong> commemora un momento decisivo del 1991, ma l\u2019Uzbekistan di oggi sta chiaramente utilizzando questo anniversario per guardare avanti tanto quanto per guardare indietro.<\/p>\n\n\n\n<p class=\"wp-block-paragraph\">Si respira un enorme orgoglio per le citt\u00e0 della Via della Seta, gli antichi studiosi e le tradizioni che hanno plasmato questa parte del mondo. Allo stesso tempo, \u00e8 altrettanto evidente la determinazione a costruire nuove universit\u00e0, imprese, collegamenti di trasporto, musei, quartieri residenziali e un\u2019economia molto pi\u00f9 connessa con il mondo esterno.<\/p>\n\n\n\n<p class=\"wp-block-paragraph\">Dopo aver osservato entrambi gli aspetti del Paese \u2013 i suoi tesori storici e la straordinaria attivit\u00e0 di costruzione e sviluppo in atto oggi \u2013 la mia impressione pi\u00f9 forte \u00e8 che l\u2019Uzbekistan non consideri i suoi primi 35 anni di indipendenza come la conclusione di una storia.<\/p>\n\n\n\n<p class=\"wp-block-paragraph\">Li considera piuttosto l\u2019inizio di una nuova storia.<\/p>\n\n\n\n<p class=\"has-very-light-gray-to-cyan-bluish-gray-gradient-background has-background wp-block-paragraph\">Come abbiamo scritto in precedenza, <a href=\"https:\/\/dailynewshungary.com\/it\/il-forum-internazionale-dei-media-di-tashkent-riunira-giornalisti-di-tutto-il-mondo-nel-2026\/\/\">nel 2026 il Forum internazionale dei media di Tashkent ha riunito giornalisti provenienti da tutto il mondo<\/a><\/p>\n","protected":false},"excerpt":{"rendered":"<p>Quest\u2019anno la Festa dell\u2019Indipendenza dell\u2019Uzbekistan, che si celebra il 1\u00b0 settembre, riveste un significato particolare: il Paese dell\u2019Asia centrale festeggia infatti i 35 anni di indipendenza. Ho avuto l\u2019opportunit\u00e0 di vivere in prima persona parte dei festeggiamenti a Tashkent, dove una straordinaria cerimonia di Stato ha offerto non solo uno spettacolo grandioso, ma anche uno [&hellip;]<\/p>\n","protected":false},"author":88,"featured_media":793141,"comment_status":"open","ping_status":"open","sticky":false,"template":"","format":"standard","meta":{"_display_image":"","footnotes":""},"categories":[2580],"tags":[1157,2804,1356,1124],"class_list":["post-793140","post","type-post","status-publish","format-standard","has-post-thumbnail","hentry","category-world","tag-asia","tag-categoria-notizie-internazionali-2","tag-uzbekistan","tag-video"],"blocksy_meta":[],"author_username":"alpar.kato","telegram_post":"","public_post_metadata":{"breaking_news":"yes","important":"no","csempe":"no","center_tile":"no","disable_thumbnail":"no","target_lang":"","_featured_image_style":"","telegram_post":"","_xlat_group_id":"e53e4486-b7bd-4d68-a2e3-fcaaba24a9cd"},"public_rank_math_data":{"title":"Giornata dell\u2019Indipendenza dell\u2019Uzbekistan: 35 anni di trasformazione","description":"La Giornata dell\u2019Indipendenza dell\u2019Uzbekistan segna 35 anni di indipendenza, rapido sviluppo, ricco patrimonio e calorosa ospitalit\u00e0.","focus_keyword":"Giornata dell\u2019Indipendenza dell\u2019Uzbekistan","canonical_url":"","robots":"","primary_category":"2580","breadcrumb_title":"","facebook_title":"","facebook_description":"","facebook_image":"","facebook_image_id":"","twitter_title":"","twitter_description":"","twitter_image":"","twitter_image_id":"","twitter_card_type":"","twitter_use_facebook":"","advanced_robots":"","pillar_content":"","seo_score":"84","contentai_score":"","rich_snippet":""},"_links":{"self":[{"href":"https:\/\/dailynewshungary.com\/it\/wp-json\/wp\/v2\/posts\/793140","targetHints":{"allow":["GET"]}}],"collection":[{"href":"https:\/\/dailynewshungary.com\/it\/wp-json\/wp\/v2\/posts"}],"about":[{"href":"https:\/\/dailynewshungary.com\/it\/wp-json\/wp\/v2\/types\/post"}],"author":[{"embeddable":true,"href":"https:\/\/dailynewshungary.com\/it\/wp-json\/wp\/v2\/users\/88"}],"replies":[{"embeddable":true,"href":"https:\/\/dailynewshungary.com\/it\/wp-json\/wp\/v2\/comments?post=793140"}],"version-history":[{"count":0,"href":"https:\/\/dailynewshungary.com\/it\/wp-json\/wp\/v2\/posts\/793140\/revisions"}],"wp:featuredmedia":[{"embeddable":true,"href":"https:\/\/dailynewshungary.com\/it\/wp-json\/wp\/v2\/media\/793141"}],"wp:attachment":[{"href":"https:\/\/dailynewshungary.com\/it\/wp-json\/wp\/v2\/media?parent=793140"}],"wp:term":[{"taxonomy":"category","embeddable":true,"href":"https:\/\/dailynewshungary.com\/it\/wp-json\/wp\/v2\/categories?post=793140"},{"taxonomy":"post_tag","embeddable":true,"href":"https:\/\/dailynewshungary.com\/it\/wp-json\/wp\/v2\/tags?post=793140"}],"curies":[{"name":"wp","href":"https:\/\/api.w.org\/{rel}","templated":true}]}}