{"id":793152,"date":"2026-09-02T11:14:00","date_gmt":"2026-09-02T09:14:00","guid":{"rendered":"https:\/\/dailynewshungary.com\/it\/il-primo-ministro-magyar-annuncia-la-prossima-mossa-del-partito-tisza-nei-confronti-dellue-dopo-lincontro-con-manfred-weber\/"},"modified":"2026-09-02T11:14:00","modified_gmt":"2026-09-02T09:14:00","slug":"il-primo-ministro-magyar-annuncia-la-prossima-mossa-del-partito-tisza-nei-confronti-dellue-dopo-lincontro-con-manfred-weber","status":"publish","type":"post","link":"https:\/\/dailynewshungary.com\/it\/il-primo-ministro-magyar-annuncia-la-prossima-mossa-del-partito-tisza-nei-confronti-dellue-dopo-lincontro-con-manfred-weber\/","title":{"rendered":"Il primo ministro Magyar annuncia la prossima mossa del partito Tisza nei confronti dell\u2019UE dopo l\u2019incontro con Manfred Weber"},"content":{"rendered":"\n<p class=\"wp-block-paragraph\"><strong>P\u00e9ter Magyar afferma che il Partito Tisza, attualmente al governo in Ungheria, sar\u00e0 pronto ad aderire al Partito Popolare Europeo (PPE) una volta che la procedura ai sensi dell\u2019articolo 7 dell\u2019UE nei confronti dell\u2019Ungheria sar\u00e0 stata chiusa.<\/strong><\/p>\n\n\n\n<p class=\"wp-block-paragraph\">Magyar, che \u00e8 diventato primo ministro dell\u2019Ungheria dopo la vittoria elettorale del Tisza ad aprile, ha reso nota la notizia dopo aver incontrato mercoled\u00ec a Budapest Manfred Weber, presidente del Partito Popolare Europeo.<\/p>\n\n\n\n<p class=\"wp-block-paragraph\">I due politici hanno discusso dei cambiamenti avvenuti in Ungheria dopo le elezioni, e Magyar ha sottolineato quella che ha definito la fine delle \u00abcampagne di odio\u00bb finanziate con fondi pubblici nel Paese.<\/p>\n\n\n\n<p class=\"wp-block-paragraph\"><a href=\"https:\/\/www.facebook.com\/peter.magyar.102\/posts\/pfbid02ixbMroU8dHNizZZ7yhiENtU1fHSdFUnG8zAvHNFto9XujFJGXGZPvuoZ1od9cmXrl\" target=\"_blank\" rel=\"noopener\">Secondo Magyar<\/a>, Weber ha affermato che sostenere l\u2019Ungheria \u00e8 sempre stato importante per lui in qualit\u00e0 di politico bavarese e che ha trovato personalmente molto difficile sopportare gli attacchi che il precedente governo aveva rivolto contro di lui.<\/p>\n\n\n\n<iframe loading=\"lazy\" src=\"https:\/\/www.facebook.com\/plugins\/post.php?href=https%3A%2F%2Fwww.facebook.com%2Fpeter.magyar.102%2Fposts%2Fpfbid02ixbMroU8dHNizZZ7yhiENtU1fHSdFUnG8zAvHNFto9XujFJGXGZPvuoZ1od9cmXrl&#038;show_text=true&#038;width=500\" width=\"500\" height=\"755\" style=\"border:none;overflow:hidden\" scrolling=\"no\" frameborder=\"0\" allowfullscreen=\"true\" allow=\"autoplay; clipboard-write; encrypted-media; picture-in-picture; web-share\"><\/iframe>\n\n\n\n<h2 class=\"wp-block-heading\">Tisza punta alla piena adesione al PPE<\/h2>\n\n\n\n<p class=\"wp-block-paragraph\">Uno dei punti politicamente pi\u00f9 significativi dell\u2019incontro \u00e8 stato l\u2019annuncio di Magyar secondo cui Tisza intende aderire direttamente al Partito Popolare Europeo.<\/p>\n\n\n\n<p class=\"wp-block-paragraph\">Tisza fa gi\u00e0 parte del gruppo politico del PPE al Parlamento europeo dal 2024, ma l\u2019adesione alla pi\u00f9 ampia famiglia politica europea rappresenterebbe un ulteriore passo avanti verso una pi\u00f9 stretta cooperazione con la pi\u00f9 grande famiglia politica di centro-destra d\u2019Europa.<\/p>\n\n\n\n<blockquote class=\"wp-block-quote is-layout-flow wp-block-quote-is-layout-flow\">\n<p class=\"wp-block-paragraph\">Magyar ha affermato che Tisza \u00abaderir\u00e0 volentieri\u00bb al PPE una volta che le istituzioni dell\u2019UE avranno chiuso la procedura ai sensi dell\u2019articolo 7 avviata nei confronti dell\u2019Ungheria.<\/p>\n<\/blockquote>\n\n\n\n<p class=\"wp-block-paragraph\">La procedura \u00e8 stata avviata dal Parlamento europeo nel 2018 a causa di preoccupazioni relative allo Stato di diritto e ad altri valori fondamentali dell\u2019UE. Da anni la questione rimane irrisolta.<\/p>\n\n\n\n<p class=\"wp-block-paragraph\">La questione della chiusura della procedura ha suscitato rinnovata attenzione da quando Tisza \u00e8 salito al potere. Weber ha affermato gi\u00e0 ad aprile che il Parlamento europeo dovrebbe adottare misure volte a porre fine al procedimento.<\/p>\n\n\n\n<iframe loading=\"lazy\" src=\"https:\/\/www.facebook.com\/plugins\/post.php?href=https%3A%2F%2Fwww.facebook.com%2Fmanfred.weber.en%2Fposts%2Fpfbid0KqiHFfjRYBDaT8EeTa6rBzjV8uQM7o2rQbitULt7Sng7S9evWnHqg3jkomULx8CDl&#038;show_text=true&#038;width=500\" width=\"500\" height=\"555\" style=\"border:none;overflow:hidden\" scrolling=\"no\" frameborder=\"0\" allowfullscreen=\"true\" allow=\"autoplay; clipboard-write; encrypted-media; picture-in-picture; web-share\"><\/iframe>\n\n\n\n<p class=\"has-text-align-center has-black-color has-electric-grass-gradient-background has-text-color has-background has-link-color wp-elements-1 wp-block-paragraph\"><strong>Rimanga aggiornato con il nostro \u00abHungary Weekly Briefing\u00bb:<\/strong> <strong><a href=\"https:\/\/substack.com\/@thehungaryinsider\" target=\"_blank\" rel=\"noopener\">si iscriva su Substack<\/a>!<\/strong><\/p>\n\n\n\n<h2 class=\"wp-block-heading\">Weber offre assistenza in merito alla sanzione giornaliera di oltre 1 milione di euro<\/h2>\n\n\n\n<p class=\"wp-block-paragraph\">L\u2019incontro si \u00e8 inoltre concentrato sulla controversia di lunga data tra l\u2019Ungheria e l\u2019UE in merito alle politiche in materia di asilo e migrazione.<\/p>\n\n\n\n<p class=\"wp-block-paragraph\">Magyar ha affermato che Weber si \u00e8 offerto di contribuire a trovare una soluzione che consenta all\u2019Ungheria di smettere di pagare la multa giornaliera di 1 milione di euro inflitta per la mancata osservanza delle norme dell\u2019UE in materia di asilo relative alla protezione delle frontiere esterne dell\u2019Unione.<\/p>\n\n\n\n<p class=\"wp-block-paragraph\">Il primo ministro ungherese ha affermato di aver chiarito che il Paese continuer\u00e0 a proteggere i propri confini. Ha inoltre aggiunto che il nuovo governo cercher\u00e0 di ottenere che le multe gi\u00e0 inflitte all\u2019Ungheria vengano compensate nel corso dei negoziati sul prossimo bilancio settennale dell\u2019UE.<\/p>\n\n\n\n<p class=\"wp-block-paragraph\">La controversia risale a una sentenza della Corte di giustizia dell\u2019Unione europea, secondo la quale l\u2019Ungheria non aveva adempiuto agli obblighi previsti dalla normativa UE in materia di asilo.<\/p>\n\n\n\n<blockquote class=\"wp-block-quote is-layout-flow wp-block-quote-is-layout-flow\">\n<p class=\"has-black-color has-pale-ocean-gradient-background has-text-color has-background has-link-color wp-elements-2 wp-block-paragraph\"><strong>Se ve lo siete perso: <a href=\"https:\/\/dailynewshungary.com\/it\/estradizione-del-capo-della-mol-ungherese-in-croazia-peter-magyar-fornisce-una-risposta-enigmatica-al-forum-di-bled\/\/\">Estradizione del capo della MOL ungherese in Croazia? P\u00e9ter Magyar fornisce una risposta enigmatica al forum di Bled<\/a><\/strong><\/p>\n<\/blockquote>\n\n\n\n<h2 class=\"wp-block-heading\">\u00abNessun assegno in bianco\u00bb per Bruxelles<\/h2>\n\n\n\n<p class=\"wp-block-paragraph\">Magyar ha inoltre sottolineato che una pi\u00f9 stretta cooperazione con l\u2019UE non significherebbe rinunciare agli interessi dell\u2019Ungheria. Ha affermato che la priorit\u00e0 del governo Tisza rimarr\u00e0 quella di rappresentare gli interessi del popolo e delle imprese ungheresi, aggiungendo che il governo non conceder\u00e0 a nessuno un \u00abassegno in bianco\u00bb nel processo decisionale dell\u2019UE.<\/p>\n\n\n\n<p class=\"wp-block-paragraph\">Queste dichiarazioni giungono mentre Budapest si appresta ad affrontare i negoziati sul prossimo bilancio settennale dell\u2019Unione, una delle questioni principali che il nuovo governo ungherese dovr\u00e0 affrontare.<\/p>\n\n\n\n<h2 class=\"wp-block-heading\">Ant\u00f3nio Costa \u00e8 il prossimo punto all\u2019ordine del giorno di Magyar a Budapest<\/h2>\n\n\n\n<p class=\"wp-block-paragraph\">L\u2019incontro di Magyar con Weber fa parte di una settimana intensa all\u2019insegna della diplomazia europea di alto livello. Il primo ministro ungherese ha dichiarato <a href=\"https:\/\/dailynewshungary.com\/eu-council-antonio-costa-meets-magyar\/\">che incontrer\u00e0 anche Ant\u00f3nio Costa<\/a>, presidente del Consiglio europeo, a Budapest dopo la riunione di governo di mercoled\u00ec.<\/p>\n\n\n\n<p class=\"wp-block-paragraph\">Secondo Magyar, i colloqui con Costa verteranno sul nuovo bilancio settennale dell\u2019UE e sulle sfide che l\u2019Europa si trova ad affrontare.<\/p>\n","protected":false},"excerpt":{"rendered":"<p>P\u00e9ter Magyar afferma che il Partito Tisza, attualmente al governo in Ungheria, sar\u00e0 pronto ad aderire al Partito Popolare Europeo (PPE) una volta che la procedura ai sensi dell\u2019articolo 7 dell\u2019UE nei confronti dell\u2019Ungheria sar\u00e0 stata chiusa. Magyar, che \u00e8 diventato primo ministro dell\u2019Ungheria dopo la vittoria elettorale del Tisza ad aprile, ha reso nota [&hellip;]<\/p>\n","protected":false},"author":62,"featured_media":793153,"comment_status":"open","ping_status":"open","sticky":false,"template":"","format":"standard","meta":{"_display_image":"","footnotes":""},"categories":[1185],"tags":[2431,2708,2617,1079,2612,1484,1069,1075],"class_list":["post-793152","post","type-post","status-publish","format-standard","has-post-thumbnail","hentry","category-politica-in-ungheria","tag-categoria-affari-esteri","tag-categoria-relazioni-con-lue-2","tag-governo-magyar","tag-governo-ungherese","tag-peter-magyar","tag-ppe","tag-ungheria","tag-unione-europea"],"blocksy_meta":[],"author_username":"hmercedesz","telegram_post":"","public_post_metadata":{"breaking_news":"yes","important":"no","csempe":"yes","center_tile":"no","disable_thumbnail":"no","target_lang":"","_featured_image_style":"","telegram_post":"","_xlat_group_id":"f1b07f5f-bdbf-4043-820f-01ee658fc3e6"},"public_rank_math_data":{"title":"%title% %sep% %sitename%","description":"","focus_keyword":"magyar","canonical_url":"","robots":"","primary_category":"1185","breadcrumb_title":"","facebook_title":"","facebook_description":"","facebook_image":"","facebook_image_id":"","twitter_title":"","twitter_description":"","twitter_image":"","twitter_image_id":"","twitter_card_type":"","twitter_use_facebook":"","advanced_robots":"","pillar_content":"","seo_score":"80","contentai_score":"","rich_snippet":""},"_links":{"self":[{"href":"https:\/\/dailynewshungary.com\/it\/wp-json\/wp\/v2\/posts\/793152","targetHints":{"allow":["GET"]}}],"collection":[{"href":"https:\/\/dailynewshungary.com\/it\/wp-json\/wp\/v2\/posts"}],"about":[{"href":"https:\/\/dailynewshungary.com\/it\/wp-json\/wp\/v2\/types\/post"}],"author":[{"embeddable":true,"href":"https:\/\/dailynewshungary.com\/it\/wp-json\/wp\/v2\/users\/62"}],"replies":[{"embeddable":true,"href":"https:\/\/dailynewshungary.com\/it\/wp-json\/wp\/v2\/comments?post=793152"}],"version-history":[{"count":0,"href":"https:\/\/dailynewshungary.com\/it\/wp-json\/wp\/v2\/posts\/793152\/revisions"}],"wp:featuredmedia":[{"embeddable":true,"href":"https:\/\/dailynewshungary.com\/it\/wp-json\/wp\/v2\/media\/793153"}],"wp:attachment":[{"href":"https:\/\/dailynewshungary.com\/it\/wp-json\/wp\/v2\/media?parent=793152"}],"wp:term":[{"taxonomy":"category","embeddable":true,"href":"https:\/\/dailynewshungary.com\/it\/wp-json\/wp\/v2\/categories?post=793152"},{"taxonomy":"post_tag","embeddable":true,"href":"https:\/\/dailynewshungary.com\/it\/wp-json\/wp\/v2\/tags?post=793152"}],"curies":[{"name":"wp","href":"https:\/\/api.w.org\/{rel}","templated":true}]}}