{"id":793162,"date":"2026-09-02T17:54:00","date_gmt":"2026-09-02T15:54:00","guid":{"rendered":"https:\/\/dailynewshungary.com\/it\/lungheria-potrebbe-rendere-pubblici-fino-a-80-000-nomi-contenuti-negli-archivi-dei-servizi-segreti-dellera-comunista\/"},"modified":"2026-09-02T17:54:00","modified_gmt":"2026-09-02T15:54:00","slug":"lungheria-potrebbe-rendere-pubblici-fino-a-80-000-nomi-contenuti-negli-archivi-dei-servizi-segreti-dellera-comunista","status":"publish","type":"post","link":"https:\/\/dailynewshungary.com\/it\/lungheria-potrebbe-rendere-pubblici-fino-a-80-000-nomi-contenuti-negli-archivi-dei-servizi-segreti-dellera-comunista\/","title":{"rendered":"L\u2019Ungheria potrebbe rendere pubblici fino a 80.000 nomi contenuti negli archivi dei servizi segreti dell\u2019era comunista"},"content":{"rendered":"\n<p class=\"wp-block-paragraph\"><strong>L\u2019Ungheria potrebbe presto assistere alla divulgazione di decine di migliaia di nomi tratti dagli archivi dei servizi segreti dell\u2019era comunista; secondo le stime del governo, potrebbero essere identificate fino a 60.000\u201380.000 persone.<\/strong><\/p>\n\n\n\n<p class=\"wp-block-paragraph\">B\u00e1lint Ruff, capo dell\u2019Ufficio del Primo Ministro, ha dichiarato a Telex che tale cifra si basa su stime degli esperti relative alla potenziale divulgazione dei nomi contenuti negli archivi.<\/p>\n\n\n\n<p class=\"wp-block-paragraph\">\u00abHo un\u2019idea del numero\u00bb, ha affermato Ruff, sottolineando tuttavia di non sapere se i documenti includessero persone che in seguito sono diventate figure politiche o economiche di rilievo dopo la caduta del comunismo nel 1990.<\/p>\n\n\n\n<p class=\"wp-block-paragraph\">\u00abI fascicoli degli agenti costituiscono una parte molto importante del nostro passato comune, e in essi vi saranno molti elementi che causeranno tristezza a numerose famiglie\u00bb, <a href=\"https:\/\/telex.hu\/belfold\/2026\/09\/02\/ruff-balint-miniszterelnokseget-vezeto-miniszter-tisza-kormany-interju\" target=\"_blank\" rel=\"noopener\">ha aggiunto<\/a>.<\/p>\n\n\n\n<h2 class=\"wp-block-heading\">Chi potrebbe figurare in questi fascicoli?<\/h2>\n\n\n\n<p class=\"wp-block-paragraph\">L\u2019eventuale pubblicazione di decine di migliaia di nomi potrebbe rendere i fascicoli dei servizi segreti dell\u2019era comunista una delle rivelazioni storiche pi\u00f9 delicate dal punto di vista politico e sociale nell\u2019Ungheria moderna.<\/p>\n\n\n\n<p class=\"wp-block-paragraph\">Ruff non ha affermato che tutte le persone i cui nomi potrebbero comparire fossero necessariamente agenti segreti o informatori. I fascicoli potrebbero contenere i nomi di persone che avevano vari legami con l\u2019apparato di sicurezza dello Stato, il che significa che la natura precisa del coinvolgimento di un individuo dovrebbe essere stabilita sulla base dei documenti stessi.<\/p>\n\n\n\n<p class=\"wp-block-paragraph\">Ha inoltre affermato di non sapere se tra i nomi citati figurassero persone che dopo il 1990 sono diventate figure di spicco della politica o dell\u2019economia.<\/p>\n\n\n\n<blockquote class=\"wp-block-quote is-layout-flow wp-block-quote-is-layout-flow\">\n<p class=\"has-black-color has-pale-ocean-gradient-background has-text-color has-background has-link-color wp-elements-1 wp-block-paragraph\"><strong>Se ve lo siete perso: <a href=\"https:\/\/dailynewshungary.com\/it\/lungheria-presenta-un-disegno-di-legge-storico-per-lapertura-degli-archivi-dei-servizi-segreti-dellera-comunista\/\/\">l\u2019Ungheria presenta un disegno di legge storico per rendere accessibili i fascicoli dei servizi segreti dell\u2019era comunista<\/a><\/strong><\/p>\n<\/blockquote>\n\n\n\n<h2 class=\"wp-block-heading\">Circa 100 documenti potrebbero essere declassificati questa settimana<\/h2>\n\n\n\n<p class=\"wp-block-paragraph\">Ruff ha affermato di sperare che circa 100 documenti, noti come \u00abdelibere n. 3.000\u00bb, vengano declassificati e pubblicati nel corso di questa settimana. Ha aggiunto che le questioni relative alla potenziale responsabilit\u00e0 penale dovranno essere decise dalle autorit\u00e0 investigative.<\/p>\n\n\n\n<p class=\"wp-block-paragraph\">Secondo Ruff, i documenti riguardano decisioni e contratti firmati da funzionari identificabili. Egli ha sottolineato che i suddetti \u00ab3.000\u00bb documenti sono stati firmati dal primo ministro in carica all\u2019epoca.<\/p>\n\n\n\n<p class=\"wp-block-paragraph\">Il governo ha inoltre indicato che intende rendere pubbliche le informazioni relative ai viaggi di J\u00e1nos L\u00e1z\u00e1r, che ha ricoperto incarichi governativi di alto livello sotto Viktor Orb\u00e1n. Ruff ha affermato di sapere dove L\u00e1z\u00e1r si fosse recato, cosa avesse fatto e perch\u00e9 tali informazioni fossero state tenute segrete in precedenza. Ha aggiunto che anche questi dettagli sarebbero stati resi pubblici.<\/p>\n\n\n\n<h2 class=\"wp-block-heading\">Il governo afferma che le denunce riguardano 2.000 miliardi di HUF<\/h2>\n\n\n\n<p class=\"wp-block-paragraph\">La divulgazione dei documenti storici si accompagna a un\u2019indagine governativa pi\u00f9 ampia sull\u2019utilizzo dei fondi pubblici da parte delle precedenti amministrazioni.<\/p>\n\n\n\n<blockquote class=\"wp-block-quote is-layout-flow wp-block-quote-is-layout-flow\">\n<p class=\"wp-block-paragraph\">Ruff ha affermato che il governo ha finora presentato denunce relative a casi per un valore complessivo di 2.000 miliardi di HUF (5,4 miliardi di euro).<\/p>\n<\/blockquote>\n\n\n\n<p class=\"wp-block-paragraph\">Una delle indagini in corso riguarda Sz\u00e1zadv\u00e9g, un think tank ungherese che, secondo quanto affermato da Ruff, avrebbe ricevuto negli ultimi dieci anni tra i 20 e i 30 miliardi di HUF di fondi pubblici per ricerche e studi. Egli ha aggiunto che anche in relazione a tale caso verr\u00e0 presentata una denuncia penale.<\/p>\n\n\n\n<p class=\"wp-block-paragraph\">Il governo ha gi\u00e0 presentato una denuncia nei confronti di Observer, una societ\u00e0 di monitoraggio dei media, in merito a somme che Ruff ha definito \u00abesorbitanti\u00bb pagate per i suoi servizi.<\/p>\n\n\n\n<p class=\"wp-block-paragraph\">Ha inoltre fatto riferimento alla Fondazione Komment\u00e1r, sostenendo che fossero stati acquistati per l\u2019organizzazione beni immobili del valore di \u00abventi miliardi\u00bb di fiorini. Ruff ha aggiunto che alcuni colleghi stanno attualmente calcolando le somme versate all\u2019Istituto N\u00e9z\u0151pont.<\/p>\n\n\n\n<p class=\"wp-block-paragraph\">Le accuse e le denunce menzionate da Ruff non costituiscono di per s\u00e9 un reato penale; l\u2019eventuale responsabilit\u00e0 penale sar\u00e0 determinata in ultima istanza dalle autorit\u00e0 competenti.<\/p>\n\n\n\n<p class=\"has-text-align-center has-black-color has-electric-grass-gradient-background has-text-color has-background has-link-color wp-elements-2 wp-block-paragraph\"><strong>Rimanga aggiornato con il nostro Hungary Weekly Briefing:<\/strong> <strong><a href=\"https:\/\/substack.com\/@thehungaryinsider\" target=\"_blank\" rel=\"noopener\">si abboni su Substack<\/a>!<\/strong><\/p>\n\n\n\n<h2 class=\"wp-block-heading\">Una questione di lunga data in Ungheria<\/h2>\n\n\n\n<p class=\"wp-block-paragraph\">Il destino degli archivi dei servizi segreti dell\u2019era comunista in Ungheria \u00e8 stato per decenni oggetto di controversie. I governi che si sono succeduti hanno dovuto affrontare pressioni volte a rendere tali documenti pi\u00f9 accessibili e a fare chiarezza sulle attivit\u00e0 degli ex servizi di sicurezza dello Stato. La questione \u00e8 particolarmente delicata poich\u00e9 alcune persone legate al sistema dell\u2019era comunista sono poi diventate figure influenti nell\u2019Ungheria del dopoguerra.<\/p>\n\n\n\n<p class=\"wp-block-paragraph\">Se il governo dovesse procedere con le divulgazioni previste, la pubblicazione di decine di migliaia di nomi potrebbe riaccendere dibattiti di lunga data sulla responsabilit\u00e0 politica, sulla collaborazione con l\u2019ex regime e sulla misura in cui il passato sia stato pienamente affrontato. Per molte famiglie ungheresi, tuttavia, tali rivelazioni potrebbero avere conseguenze che vanno ben oltre la politica, portando potenzialmente alla luce segreti rimasti nascosti per generazioni.<\/p>\n","protected":false},"excerpt":{"rendered":"<p>L\u2019Ungheria potrebbe presto assistere alla divulgazione di decine di migliaia di nomi tratti dagli archivi dei servizi segreti dell\u2019era comunista; secondo le stime del governo, potrebbero essere identificate fino a 60.000\u201380.000 persone. B\u00e1lint Ruff, capo dell\u2019Ufficio del Primo Ministro, ha dichiarato a Telex che tale cifra si basa su stime degli esperti relative alla potenziale [&hellip;]<\/p>\n","protected":false},"author":62,"featured_media":793163,"comment_status":"open","ping_status":"open","sticky":false,"template":"","format":"standard","meta":{"_display_image":"","footnotes":""},"categories":[1185],"tags":[2676,1773,1079,1069],"class_list":["post-793162","post","type-post","status-publish","format-standard","has-post-thumbnail","hentry","category-politica-in-ungheria","tag-categoria-politica-ungherese-2","tag-comunismo","tag-governo-ungherese","tag-ungheria"],"blocksy_meta":[],"author_username":"hmercedesz","telegram_post":"","public_post_metadata":{"breaking_news":"yes","important":"no","csempe":"yes","center_tile":"no","disable_thumbnail":"no","target_lang":"","_featured_image_style":"","telegram_post":"","_xlat_group_id":"b24b4158-919c-4816-8259-e1142ccec823"},"public_rank_math_data":{"title":"%title% %sep% %sitename%","description":"L\u2019Ungheria potrebbe presto assistere alla divulgazione di decine di migliaia di nomi tratti dagli archivi dei servizi segreti dell\u2019era comunista del Paese.","focus_keyword":"comunista","canonical_url":"","robots":"","primary_category":"1185","breadcrumb_title":"","facebook_title":"","facebook_description":"","facebook_image":"","facebook_image_id":"","twitter_title":"","twitter_description":"","twitter_image":"","twitter_image_id":"","twitter_card_type":"","twitter_use_facebook":"","advanced_robots":"","pillar_content":"","seo_score":"73","contentai_score":"","rich_snippet":""},"_links":{"self":[{"href":"https:\/\/dailynewshungary.com\/it\/wp-json\/wp\/v2\/posts\/793162","targetHints":{"allow":["GET"]}}],"collection":[{"href":"https:\/\/dailynewshungary.com\/it\/wp-json\/wp\/v2\/posts"}],"about":[{"href":"https:\/\/dailynewshungary.com\/it\/wp-json\/wp\/v2\/types\/post"}],"author":[{"embeddable":true,"href":"https:\/\/dailynewshungary.com\/it\/wp-json\/wp\/v2\/users\/62"}],"replies":[{"embeddable":true,"href":"https:\/\/dailynewshungary.com\/it\/wp-json\/wp\/v2\/comments?post=793162"}],"version-history":[{"count":0,"href":"https:\/\/dailynewshungary.com\/it\/wp-json\/wp\/v2\/posts\/793162\/revisions"}],"wp:featuredmedia":[{"embeddable":true,"href":"https:\/\/dailynewshungary.com\/it\/wp-json\/wp\/v2\/media\/793163"}],"wp:attachment":[{"href":"https:\/\/dailynewshungary.com\/it\/wp-json\/wp\/v2\/media?parent=793162"}],"wp:term":[{"taxonomy":"category","embeddable":true,"href":"https:\/\/dailynewshungary.com\/it\/wp-json\/wp\/v2\/categories?post=793162"},{"taxonomy":"post_tag","embeddable":true,"href":"https:\/\/dailynewshungary.com\/it\/wp-json\/wp\/v2\/tags?post=793162"}],"curies":[{"name":"wp","href":"https:\/\/api.w.org\/{rel}","templated":true}]}}