{"id":793166,"date":"2026-09-02T19:56:37","date_gmt":"2026-09-02T17:56:37","guid":{"rendered":"https:\/\/dailynewshungary.com\/it\/il-primo-ministro-magyar-incontra-costa-e-pone-le-condizioni-per-il-sostegno-al-prossimo-bilancio-settennale-dellue\/"},"modified":"2026-09-02T19:56:37","modified_gmt":"2026-09-02T17:56:37","slug":"il-primo-ministro-magyar-incontra-costa-e-pone-le-condizioni-per-il-sostegno-al-prossimo-bilancio-settennale-dellue","status":"publish","type":"post","link":"https:\/\/dailynewshungary.com\/it\/il-primo-ministro-magyar-incontra-costa-e-pone-le-condizioni-per-il-sostegno-al-prossimo-bilancio-settennale-dellue\/","title":{"rendered":"Il primo ministro Magyar incontra Costa e pone le condizioni per il sostegno al prossimo bilancio settennale dell\u2019UE"},"content":{"rendered":"\n<p class=\"wp-block-paragraph\"><strong>Il governo ungherese potr\u00e0 approvare il nuovo bilancio settennale dell\u2019Unione europea solo se questo servir\u00e0 gli interessi del popolo e delle imprese ungheresi, ha dichiarato il primo ministro P\u00e9ter Magyar al presidente del Consiglio europeo Ant\u00f3nio Costa durante un incontro tenutosi mercoled\u00ec a Budapest.<\/strong><\/p>\n\n\n\n<p class=\"wp-block-paragraph\">In un post su Facebook pubblicato dopo l\u2019incontro, Magyar ha affermato di aver inoltre comunicato a Costa che l\u2019Ungheria si aspetta una soluzione tempestiva alla questione della sospensione della sanzione di 1 milione di euro al giorno imposta dal precedente governo ungherese.<\/p>\n\n\n\n<p class=\"wp-block-paragraph\">Secondo <a href=\"https:\/\/www.facebook.com\/peter.magyar.102\/posts\/pfbid0Lq3kfJcCmhm6XCyVpbKYM1u467ikoQJd6Eoe4WMAMEUWZeMQ2xfsB8UhGmpriYdFl?locale=hu_HU\" target=\"_blank\" rel=\"noopener\">Magyar<\/a>, egli ha inoltre sottolineato che, alla luce in particolare degli eventi verificatisi quest\u2019estate nell\u2019enclave spagnola di Ceuta, in Africa, l\u2019Ungheria continuer\u00e0 a mantenere il quadro giuridico e le barriere fisiche di confine necessarie per fermare l\u2019immigrazione illegale.<\/p>\n\n\n\n<blockquote class=\"wp-block-quote is-layout-flow wp-block-quote-is-layout-flow\">\n<p class=\"wp-block-paragraph\">\u00abL\u2019Ungheria continuer\u00e0 a proteggere le frontiere esterne dell\u2019Unione europea. E ci aspettiamo che tali sforzi vengano riconosciuti anche a livello europeo\u00bb, ha affermato Magyar.<\/p>\n<\/blockquote>\n\n\n\n<p class=\"wp-block-paragraph\">Il primo ministro ha aggiunto di aver ribadito durante l\u2019incontro che l\u2019Ungheria non sostiene un processo di adesione all\u2019UE accelerato per nessun paese candidato.<\/p>\n\n\n\n<iframe loading=\"lazy\" src=\"https:\/\/www.facebook.com\/plugins\/post.php?href=https%3A%2F%2Fwww.facebook.com%2Fpeter.magyar.102%2Fposts%2Fpfbid0Lq3kfJcCmhm6XCyVpbKYM1u467ikoQJd6Eoe4WMAMEUWZeMQ2xfsB8UhGmpriYdFl&#038;show_text=true&#038;width=500\" width=\"500\" height=\"737\" style=\"border:none;overflow:hidden\" scrolling=\"no\" frameborder=\"0\" allowfullscreen=\"true\" allow=\"autoplay; clipboard-write; encrypted-media; picture-in-picture; web-share\"><\/iframe>\n\n\n\n<h2 class=\"wp-block-heading\">L\u2019Ungheria si oppone a un\u2019adesione all\u2019UE in via prioritaria<\/h2>\n\n\n\n<p class=\"wp-block-paragraph\">Queste dichiarazioni giungono mentre l\u2019UE sta preparando il proprio prossimo bilancio settennale e gli Stati membri si apprestano ad avviare i negoziati su come strutturare le priorit\u00e0 finanziarie e i finanziamenti dell\u2019Unione per il prossimo periodo.<\/p>\n\n\n\n<p class=\"wp-block-paragraph\">Le dichiarazioni di Magyar evidenziano inoltre la posizione del governo ungherese in materia di migrazione e allargamento dell\u2019UE, segnalando che Budapest intende mantenere le attuali misure di protezione delle frontiere, opponendosi al contempo a quelle che considera procedure di adesione accelerate.<\/p>\n\n\n\n<blockquote class=\"wp-block-quote is-layout-flow wp-block-quote-is-layout-flow\">\n<p class=\"has-black-color has-pale-ocean-gradient-background has-text-color has-background has-link-color wp-elements-1 wp-block-paragraph\"><strong>Se ve lo siete perso: <a href=\"https:\/\/dailynewshungary.com\/it\/ultime-notizie-lungheria-blocca-nuovamente-ladesione-dellucraina-allue-ecco-cosa-chiede-budapest\/\/\">L\u2019Ungheria blocca nuovamente l\u2019adesione dell\u2019Ucraina all\u2019UE \u2013 Ecco cosa vuole Budapest<\/a><\/strong><\/p>\n<\/blockquote>\n","protected":false},"excerpt":{"rendered":"<p>Il governo ungherese potr\u00e0 approvare il nuovo bilancio settennale dell\u2019Unione europea solo se questo servir\u00e0 gli interessi del popolo e delle imprese ungheresi, ha dichiarato il primo ministro P\u00e9ter Magyar al presidente del Consiglio europeo Ant\u00f3nio Costa durante un incontro tenutosi mercoled\u00ec a Budapest. In un post su Facebook pubblicato dopo l\u2019incontro, Magyar ha affermato [&hellip;]<\/p>\n","protected":false},"author":62,"featured_media":793167,"comment_status":"open","ping_status":"open","sticky":false,"template":"","format":"standard","meta":{"_display_image":"","footnotes":""},"categories":[2552],"tags":[2617,1079,2612,1069],"class_list":["post-793166","post","type-post","status-publish","format-standard","has-post-thumbnail","hentry","category-flash","tag-governo-magyar","tag-governo-ungherese","tag-peter-magyar","tag-ungheria"],"blocksy_meta":[],"author_username":"hmercedesz","telegram_post":"","public_post_metadata":{"breaking_news":"yes","important":"no","csempe":"yes","center_tile":"no","disable_thumbnail":"no","target_lang":"","_featured_image_style":"","telegram_post":"","_xlat_group_id":"386255a2-698e-4388-9bfb-bc8c56fddc6e"},"public_rank_math_data":{"title":"%title% %sep% %sitename%","description":"","focus_keyword":"magyar","canonical_url":"","robots":"","primary_category":"2552","breadcrumb_title":"","facebook_title":"","facebook_description":"","facebook_image":"","facebook_image_id":"","twitter_title":"","twitter_description":"","twitter_image":"","twitter_image_id":"","twitter_card_type":"","twitter_use_facebook":"","advanced_robots":"","pillar_content":"","seo_score":"79","contentai_score":"","rich_snippet":""},"_links":{"self":[{"href":"https:\/\/dailynewshungary.com\/it\/wp-json\/wp\/v2\/posts\/793166","targetHints":{"allow":["GET"]}}],"collection":[{"href":"https:\/\/dailynewshungary.com\/it\/wp-json\/wp\/v2\/posts"}],"about":[{"href":"https:\/\/dailynewshungary.com\/it\/wp-json\/wp\/v2\/types\/post"}],"author":[{"embeddable":true,"href":"https:\/\/dailynewshungary.com\/it\/wp-json\/wp\/v2\/users\/62"}],"replies":[{"embeddable":true,"href":"https:\/\/dailynewshungary.com\/it\/wp-json\/wp\/v2\/comments?post=793166"}],"version-history":[{"count":0,"href":"https:\/\/dailynewshungary.com\/it\/wp-json\/wp\/v2\/posts\/793166\/revisions"}],"wp:featuredmedia":[{"embeddable":true,"href":"https:\/\/dailynewshungary.com\/it\/wp-json\/wp\/v2\/media\/793167"}],"wp:attachment":[{"href":"https:\/\/dailynewshungary.com\/it\/wp-json\/wp\/v2\/media?parent=793166"}],"wp:term":[{"taxonomy":"category","embeddable":true,"href":"https:\/\/dailynewshungary.com\/it\/wp-json\/wp\/v2\/categories?post=793166"},{"taxonomy":"post_tag","embeddable":true,"href":"https:\/\/dailynewshungary.com\/it\/wp-json\/wp\/v2\/tags?post=793166"}],"curies":[{"name":"wp","href":"https:\/\/api.w.org\/{rel}","templated":true}]}}