{"id":793170,"date":"2026-09-03T06:04:00","date_gmt":"2026-09-03T04:04:00","guid":{"rendered":"https:\/\/dailynewshungary.com\/it\/importanti-chiusure-stradali-a-budapest-a-partire-da-venerdi-quattro-ponti-interessati\/"},"modified":"2026-09-03T06:04:00","modified_gmt":"2026-09-03T04:04:00","slug":"importanti-chiusure-stradali-a-budapest-a-partire-da-venerdi-quattro-ponti-interessati","status":"publish","type":"post","link":"https:\/\/dailynewshungary.com\/it\/importanti-chiusure-stradali-a-budapest-a-partire-da-venerdi-quattro-ponti-interessati\/","title":{"rendered":"Importanti chiusure stradali a Budapest a partire da venerd\u00ec: quattro ponti interessati"},"content":{"rendered":"\n<p class=\"wp-block-paragraph\"><strong>Budapest dovr\u00e0 affrontare importanti limitazioni al traffico questo fine settimana in occasione della 41\u00aa edizione della Mezza Maratona Wizz Air di Budapest, che si terr\u00e0 domenica 6 settembre. Le chiusure temporanee interesseranno sette distretti e diverse strade principali, compresi tratti di quattro ponti: il ponte \u00c1rp\u00e1d, il ponte Margherita, il ponte della Libert\u00e0 e il ponte delle Catene.<\/strong><\/p>\n\n\n\n<p class=\"wp-block-paragraph\">Il <a href=\"https:\/\/www.police.hu\/hu\/hirek-es-informaciok\/legfrissebb-hireink\/kozlekedesrendeszet\/ideiglenes-forgalomkorlatozas-51\" target=\"_blank\" rel=\"noopener\">Quartier Generale della Polizia di Budapest<\/a> (BRFK) ha esortato gli automobilisti a prestare particolare attenzione e a prevedere tempi di percorrenza pi\u00f9 lunghi. Le restrizioni saranno in vigore da venerd\u00ec 4 settembre a domenica 6 settembre.<\/p>\n\n\n\n<h2 class=\"wp-block-heading\">Le prime chiusure avranno inizio sabato<\/h2>\n\n\n\n<p class=\"wp-block-paragraph\">La Passeggiata P\u00e1zm\u00e1ny P\u00e9ter nel Distretto XI sar\u00e0 chiusa tra l\u2019argine M\u0171egyetem e via Domb\u00f3v\u00e1ri dalle ore 8:00 di sabato alle ore 21:00 di domenica.<\/p>\n\n\n\n<p class=\"wp-block-paragraph\">Domenica mattina, ulteriori chiusure interesseranno il viale Magyar Tud\u00f3sok, gli argini inferiori di Buda e Pest, l\u2019argine M\u0171egyetem, il ponte Liberty e piazza Szent Gell\u00e9rt. Alcune strade saranno chiuse solo temporaneamente durante il passaggio dei corridori.<\/p>\n\n\n\n<h2 class=\"wp-block-heading\">I ponti \u00c1rp\u00e1d e Margaret saranno interessati dai lavori<\/h2>\n\n\n\n<p class=\"wp-block-paragraph\">Dalle 6:00 alle 11:30 di domenica, alcuni tratti del percorso di gara saranno chiusi a intermittenza. Il percorso interessato si snoda dalla P\u00e1zm\u00e1ny P\u00e9ter Promenade lungo l\u2019argine inferiore di Buda e la via \u00c1rp\u00e1d fejedelem, attraversa la carreggiata sud del ponte \u00c1rp\u00e1d, passa per l\u2019Isola di Margherita e attraversa il lato nord del ponte Margherita.<\/p>\n\n\n\n<p class=\"wp-block-paragraph\">Le limitazioni proseguiranno poi attraverso piazza J\u00e1szai Mari, l\u2019argine di \u00dajpest e l\u2019argine inferiore di Pest, prima di raggiungere piazza F\u0151v\u00e1m, il ponte Liberty, piazza Szent Gell\u00e9rt e l\u2019argine M\u0171egyetem. I due ponti interessati non saranno necessariamente chiusi per l\u2019intero periodo: la polizia imporr\u00e0 restrizioni temporanee man mano che la gara procede.<\/p>\n\n\n\n<h2 class=\"wp-block-heading\">Anche il Ponte delle Catene sar\u00e0 interessato nel corso della giornata<\/h2>\n\n\n\n<p class=\"wp-block-paragraph\">\u00c8 previsto un secondo periodo di chiusure intermittenti tra le ore 11:00 e le ore 14:00. Il percorso si snoder\u00e0 dalla Passeggiata P\u00e1zm\u00e1ny P\u00e9ter lungo l\u2019argine inferiore di Buda, l\u2019argine Bem e via F\u0151 fino a piazza Clark \u00c1d\u00e1m, prima di attraversare il Ponte delle Catene.<\/p>\n\n\n\n<p class=\"wp-block-paragraph\">I corridori proseguiranno quindi attraverso piazza Sz\u00e9chenyi Istv\u00e1n, piazza E\u00f6tv\u00f6s, l\u2019argine inferiore di Pest, piazza F\u0151v\u00e1m, il Ponte della Libert\u00e0, piazza Szent Gell\u00e9rt e l\u2019argine M\u0171egyetem.<\/p>\n\n\n\n<p class=\"has-text-align-center has-black-color has-electric-grass-gradient-background has-text-color has-background has-link-color wp-elements-1 wp-block-paragraph\"><strong>Rimanga aggiornato con il nostro \u00abHungary Weekly Briefing\u00bb:<\/strong> <strong><a href=\"https:\/\/substack.com\/@thehungaryinsider\" target=\"_blank\" rel=\"noopener\">si abboni su Substack<\/a>!<\/strong><\/p>\n\n\n\n<h2 class=\"wp-block-heading\">Orari esatti di chiusura<\/h2>\n\n\n\n<p class=\"wp-block-paragraph\">Secondo la BRFK, le principali chiusure totali previste per domenica sono le seguenti:<\/p>\n\n\n\n<ul class=\"wp-block-list\">\n<li><strong>Dalle 4:00 alle 16:00:<\/strong> viale Magyar Tud\u00f3sok nel Distretto XI<\/li>\n\n\n\n<li><strong>Dalle 6:00 alle 13:30:<\/strong> argine inferiore di Buda nei distretti I, II, III e XI<\/li>\n\n\n\n<li><strong>Dalle 6.30 alle 15.10:<\/strong> argine inferiore di Pest nei distretti V, IX e XIII<\/li>\n\n\n\n<li><strong>Dalle 8.20 alle 14.10:<\/strong> argine M\u0171egyetem nel Distretto XI<\/li>\n\n\n\n<li><strong>Dalle 8.55 alle 14:00:<\/strong> Ponte della Libert\u00e0 e piazza Szent Gell\u00e9rt nei distretti IX e XI<\/li>\n<\/ul>\n\n\n\n<p class=\"wp-block-paragraph\">Le limitazioni intermittenti lungo i percorsi di gara saranno applicate separatamente nella mattinata e nel primo pomeriggio.<\/p>\n\n\n\n<p class=\"has-black-color has-very-light-gray-to-cyan-bluish-gray-gradient-background has-text-color has-background has-link-color wp-elements-2 wp-block-paragraph\"><strong>Nel caso ve lo foste perso: <a href=\"https:\/\/dailynewshungary.com\/it\/importante-cambiamento-a-budapest-un-disegno-di-legge-del-governo-affiderebbe-gratuitamente-alla-capitale-alcuni-spazi-chiave-del-centro-citta\/\/\">Grande sconvolgimento a Budapest \u2014 Un disegno di legge del governo assegnerebbe gratuitamente alla capitale spazi chiave del centro citt\u00e0<\/a><\/strong><\/p>\n\n\n\n<h2 class=\"wp-block-heading\">Sono in vigore anche restrizioni di sosta<\/h2>\n\n\n\n<p class=\"wp-block-paragraph\">Si avvisano inoltre gli automobilisti che le restrizioni di sosta entreranno in vigore prima di alcune chiusure stradali. A partire da venerd\u00ec non sar\u00e0 consentito il parcheggio in diverse zone, tra cui alcune parti del viale Magyar Tud\u00f3sok. Ulteriori divieti di sosta saranno in vigore a partire dalla mezzanotte di sabato e domenica in vari punti lungo gli argini di Buda e Pest, in via \u00c1rp\u00e1d fejedelem, sull\u2019argine M\u0171egyetem, in via Hunyadi J\u00e1nos e in via J\u00e9gverem.<\/p>\n\n\n\n<p class=\"wp-block-paragraph\">La polizia ha consigliato agli automobilisti di verificare le modifiche alla viabilit\u00e0 prima di mettersi in viaggio e di attenersi alla segnaletica temporanea e alle istruzioni fornite. La BRFK ha pubblicato informazioni dettagliate sui luoghi e sugli orari interessati, insieme a una mappa interattiva che illustra le restrizioni sui singoli tratti stradali. La 41\u00aa Mezza Maratona di Budapest Wizz Air si svolger\u00e0 nella capitale ungherese domenica 6 settembre, portando i corridori attraverso diversi quartieri del centro di Budapest.<\/p>\n\n\n\n<p class=\"has-black-color has-very-light-gray-to-cyan-bluish-gray-gradient-background has-text-color has-background has-link-color wp-elements-3 wp-block-paragraph\"><strong>Leggi anche: <a href=\"https:\/\/dailynewshungary.com\/it\/budapest-revoca-le-restrizioni-energetiche-con-il-ritorno-alla-normalita-previsto-per-il-1-settembre\/\/\">Budapest revoca le restrizioni energetiche con il ritorno alla normalit\u00e0 a partire dal 1\u00b0 settembre<\/a><\/strong><\/p>\n","protected":false},"excerpt":{"rendered":"<p>Budapest dovr\u00e0 affrontare importanti limitazioni al traffico questo fine settimana in occasione della 41\u00aa edizione della Mezza Maratona Wizz Air di Budapest, che si terr\u00e0 domenica 6 settembre. Le chiusure temporanee interesseranno sette distretti e diverse strade principali, compresi tratti di quattro ponti: il ponte \u00c1rp\u00e1d, il ponte Margherita, il ponte della Libert\u00e0 e il [&hellip;]<\/p>\n","protected":false},"author":91,"featured_media":793171,"comment_status":"open","ping_status":"open","sticky":false,"template":"","format":"standard","meta":{"_display_image":"","footnotes":""},"categories":[2404],"tags":[1158,2779,2758,2883,2658,2700,2702,2268,1117,1069,1175],"class_list":["post-793170","post","type-post","status-publish","format-standard","has-post-thumbnail","hentry","category-budapest","tag-budapest","tag-categoria-sport-2","tag-categoria-traffico-2","tag-categoria-trasporti-pubblici-a-budapest","tag-categoria-trasporti-pubblici-in-ungheria","tag-categoria-viaggi-2","tag-categoria-vita-in-ungheria-2","tag-sport-allaria-aperta-2","tag-trasporti","tag-ungheria","tag-wizz-air"],"blocksy_meta":[],"author_username":"api","telegram_post":"","public_post_metadata":{"breaking_news":"yes","important":"no","csempe":"yes","center_tile":"no","disable_thumbnail":"no","target_lang":"","_featured_image_style":"","telegram_post":"","_xlat_group_id":"9f79bb3e-02ac-4a78-b6f0-5d531be7fdba"},"public_rank_math_data":{"title":"%title% %sep% %sitename%","description":"","focus_keyword":"budapest","canonical_url":"","robots":"","primary_category":"2404","breadcrumb_title":"","facebook_title":"","facebook_description":"","facebook_image":"","facebook_image_id":"","twitter_title":"","twitter_description":"","twitter_image":"","twitter_image_id":"","twitter_card_type":"","twitter_use_facebook":"","advanced_robots":"","pillar_content":"","seo_score":"79","contentai_score":"","rich_snippet":""},"_links":{"self":[{"href":"https:\/\/dailynewshungary.com\/it\/wp-json\/wp\/v2\/posts\/793170","targetHints":{"allow":["GET"]}}],"collection":[{"href":"https:\/\/dailynewshungary.com\/it\/wp-json\/wp\/v2\/posts"}],"about":[{"href":"https:\/\/dailynewshungary.com\/it\/wp-json\/wp\/v2\/types\/post"}],"author":[{"embeddable":true,"href":"https:\/\/dailynewshungary.com\/it\/wp-json\/wp\/v2\/users\/91"}],"replies":[{"embeddable":true,"href":"https:\/\/dailynewshungary.com\/it\/wp-json\/wp\/v2\/comments?post=793170"}],"version-history":[{"count":0,"href":"https:\/\/dailynewshungary.com\/it\/wp-json\/wp\/v2\/posts\/793170\/revisions"}],"wp:featuredmedia":[{"embeddable":true,"href":"https:\/\/dailynewshungary.com\/it\/wp-json\/wp\/v2\/media\/793171"}],"wp:attachment":[{"href":"https:\/\/dailynewshungary.com\/it\/wp-json\/wp\/v2\/media?parent=793170"}],"wp:term":[{"taxonomy":"category","embeddable":true,"href":"https:\/\/dailynewshungary.com\/it\/wp-json\/wp\/v2\/categories?post=793170"},{"taxonomy":"post_tag","embeddable":true,"href":"https:\/\/dailynewshungary.com\/it\/wp-json\/wp\/v2\/tags?post=793170"}],"curies":[{"name":"wp","href":"https:\/\/api.w.org\/{rel}","templated":true}]}}