{"id":793176,"date":"2026-09-03T10:14:00","date_gmt":"2026-09-03T08:14:00","guid":{"rendered":"https:\/\/dailynewshungary.com\/it\/il-figlio-di-orban-nominato-a-capo-della-missione-medica-in-ciad-in-una-delibera-governativa-non-resa-pubblica\/"},"modified":"2026-09-03T10:14:00","modified_gmt":"2026-09-03T08:14:00","slug":"il-figlio-di-orban-nominato-a-capo-della-missione-medica-in-ciad-in-una-delibera-governativa-non-resa-pubblica","status":"publish","type":"post","link":"https:\/\/dailynewshungary.com\/it\/il-figlio-di-orban-nominato-a-capo-della-missione-medica-in-ciad-in-una-delibera-governativa-non-resa-pubblica\/","title":{"rendered":"Il figlio di Orb\u00e1n nominato a capo della missione medica in Ciad in una delibera governativa non resa pubblica"},"content":{"rendered":"\n<p class=\"wp-block-paragraph\"><strong>Documenti recentemente acquisiti suggeriscono che G\u00e1sp\u00e1r Orb\u00e1n abbia ricoperto un ruolo ben pi\u00f9 rilevante nella controversa missione ungherese in Ciad di quanto precedentemente ammesso<\/strong>.<\/p>\n\n\n\n<p class=\"wp-block-paragraph\">Il figlio dell\u2019ex primo ministro ungherese Viktor Orb\u00e1n, G\u00e1sp\u00e1r Orb\u00e1n, \u00e8 stato indicato come responsabile della guida di una missione medica ungherese in Ciad in una risoluzione governativa non pubblica, secondo quanto emerge dai documenti ufficiali ottenuti dal sito di informazione ungherese <a href=\"https:\/\/444.hu\/2026\/09\/03\/csak-akkor-indulhat-el-barmilyen-folyamat-ha-a-projektvezeto-ur-is-jovahagyta-belso-dokumentumok-tanuskodnak-orban-gaspar-szerepvallalasarol-a-csadi-misszioban\" target=\"_blank\" rel=\"noopener\">444.hu<\/a>.<\/p>\n\n\n\n<p class=\"wp-block-paragraph\">I documenti gettano nuova luce sul ruolo svolto dal figlio dell\u2019ex primo ministro nella missione africana pianificata dall\u2019Ungheria, suggerendo che le sue responsabilit\u00e0 andassero ben oltre la semplice partecipazione ai preparativi.<\/p>\n\n\n\n<p class=\"wp-block-paragraph\">Secondo 444.hu, i documenti includono risoluzioni governative riservate e atti relativi alla missione. Essi dimostrerebbero che G\u00e1sp\u00e1r Orb\u00e1n \u00e8 stato posto in una posizione di autorit\u00e0 sia nei confronti del personale militare che del coordinatore della missione medica.<\/p>\n\n\n\n<blockquote class=\"wp-block-quote is-layout-flow wp-block-quote-is-layout-flow\">\n<p class=\"has-black-color has-pale-ocean-gradient-background has-text-color has-background has-link-color wp-elements-1 wp-block-paragraph\"><strong>Se ve lo siete perso: <a href=\"https:\/\/dailynewshungary.com\/it\/la-missione-militare-dellungheria-in-ciad-e-trapelata-operazioni-di-combattimento-dirette-erano-nei-piani\/\/\">trapelano dettagli sulla missione militare ungherese in Ciad: i piani prevedevano \u00aboperazioni di combattimento dirette\u00bb<\/a><\/strong><\/p>\n<\/blockquote>\n\n\n\n<h2 class=\"wp-block-heading\">G\u00e1sp\u00e1r Orb\u00e1n nominato a capo della missione medica<\/h2>\n\n\n\n<p class=\"wp-block-paragraph\">Una missione medica si \u00e8 recata in Ciad tra il 21 settembre e il 5 ottobre 2023. Secondo quanto riferito, una delibera governativa riservata relativa alla missione avrebbe identificato G\u00e1sp\u00e1r Orb\u00e1n come il responsabile della guida dell\u2019intera missione medica.<\/p>\n\n\n\n<p class=\"wp-block-paragraph\">Il documento poneva sia il comando militare che il coordinatore della missione medica sotto la sua autorit\u00e0. Secondo quanto riferito, il console ungherese era l\u2019unica persona allo stesso livello nella struttura organizzativa, sebbene nessun altro funzionario fosse stato assegnato alle dipendenze del console.<\/p>\n\n\n\n<p class=\"wp-block-paragraph\">I documenti indicano inoltre che G\u00e1sp\u00e1r Orb\u00e1n abbia svolto un ruolo di primo piano in una precedente missione in Niger.<\/p>\n\n\n\n<blockquote class=\"wp-block-quote is-layout-flow wp-block-quote-is-layout-flow\">\n<p class=\"wp-block-paragraph\">Secondo quanto riferito, un documento afferma che \u00abHungary Helps\u00bb e l\u2019Universit\u00e0 ungherese di Agricoltura e Scienze della Vita hanno agito in base alle istruzioni impartite dall\u2019Ufficio di coordinamento, guidato da \u00abG\u00e1sp\u00e1r O.\u00bb.<\/p>\n<\/blockquote>\n\n\n\n<iframe loading=\"lazy\" src=\"https:\/\/www.facebook.com\/plugins\/post.php?href=https%3A%2F%2Fwww.facebook.com%2F444.hu%2Fposts%2Fpfbid0W4iwKPakRgPE1JnFpr8bqvkGSkRhUYJ8trWxHnnUmHDTtXNamdQDLDCHwicKZ961l&#038;show_text=true&#038;width=500\" width=\"500\" height=\"730\" style=\"border:none;overflow:hidden\" scrolling=\"no\" frameborder=\"0\" allowfullscreen=\"true\" allow=\"autoplay; clipboard-write; encrypted-media; picture-in-picture; web-share\"><\/iframe>\n\n\n\n<h2 class=\"wp-block-heading\">La missione in Niger si \u00e8 successivamente trasformata in un\u2019operazione in Ciad<\/h2>\n\n\n\n<p class=\"wp-block-paragraph\">Secondo quanto riferito, i piani originali erano incentrati sul Niger, ma gli sviluppi politici in quel Paese dell\u2019Africa occidentale hanno indotto l\u2019Ungheria a modificare la destinazione.<\/p>\n\n\n\n<p class=\"wp-block-paragraph\">Il Ciad \u00e8 quindi diventato il fulcro del progetto, che andava oltre il semplice ambito militare. Secondo <a href=\"https:\/\/telex.hu\/belfold\/2026\/09\/03\/orban-gaspar-csad-iranyitas\" target=\"_blank\" rel=\"noopener\">Telex<\/a>, quando l\u2019allora ministro degli Esteri P\u00e9ter Szijj\u00e1rt\u00f3 annunci\u00f2 l\u2019iniziativa nel dicembre 2023, la descrisse come un\u2019iniziativa che prevedeva una cooperazione in materia di sicurezza, economia, assistenza umanitaria e istruzione.<\/p>\n\n\n\n<p class=\"wp-block-paragraph\">I documenti ottenuti da 444.hu dimostrerebbero che G\u00e1sp\u00e1r Orb\u00e1n era membro del Gruppo di lavoro sull\u2019Africa (MUCS) istituito in relazione alla missione in Ciad.<\/p>\n\n\n\n<p class=\"wp-block-paragraph\">Tuttavia, i documenti suggeriscono che il suo coinvolgimento andasse ben oltre la semplice appartenenza al gruppo. Secondo quanto riportato da 444.hu, diversi documenti interni indicano che le attivit\u00e0 connesse al progetto richiedessero la sua approvazione.<\/p>\n\n\n\n<p class=\"has-text-align-center has-black-color has-electric-grass-gradient-background has-text-color has-background has-link-color wp-elements-2 wp-block-paragraph\"><strong>Rimanga aggiornato con il nostro Hungary Weekly Briefing:<\/strong> <strong><a href=\"https:\/\/substack.com\/@thehungaryinsider\" target=\"_blank\" rel=\"noopener\">si abboni su Substack<\/a>!<\/strong><\/p>\n\n\n\n<h2 class=\"wp-block-heading\">I funzionari governativi hanno fornito versioni contrastanti<\/h2>\n\n\n\n<p class=\"wp-block-paragraph\">I documenti recentemente resi noti sembrano contraddire le precedenti dichiarazioni dei funzionari governativi e militari ungheresi riguardo al coinvolgimento di G\u00e1sp\u00e1r Orb\u00e1n.<\/p>\n\n\n\n<p class=\"wp-block-paragraph\">Ad aprile, l\u2019allora Capo di Stato Maggiore G\u00e1bor B\u00f6r\u00f6ndi aveva confermato che il figlio dell\u2019ex primo ministro aveva partecipato al gruppo di pianificazione governativo incaricato della missione in Ciad. Allo stesso tempo, tuttavia, B\u00f6r\u00f6ndi aveva definito \u00abuna grossolana esagerazione\u00bb le affermazioni secondo cui G\u00e1sp\u00e1r Orb\u00e1n avrebbe guidato il gruppo.<\/p>\n\n\n\n<p class=\"wp-block-paragraph\">\u00abDisponevamo di un gruppo di pianificazione dedicato, guidato dal mio vice, il tenente generale Ferenc Kaj\u00e1ri\u00bb, aveva dichiarato B\u00f6r\u00f6ndi all\u2019epoca.<\/p>\n\n\n\n<blockquote class=\"wp-block-quote is-layout-flow wp-block-quote-is-layout-flow\">\n<p class=\"wp-block-paragraph\">L\u2019ex ministro Gergely Guly\u00e1s aveva precedentemente affermato che G\u00e1sp\u00e1r Orb\u00e1n non avesse svolto alcun ruolo nella preparazione della missione in Ciad.<\/p>\n<\/blockquote>\n\n\n\n<p class=\"wp-block-paragraph\">Tuttavia, l\u2019ex ministro della Difesa Krist\u00f3f Szalay-Bobrovniczky aveva fornito una versione diversa. Sia in un\u2019intervista che in un\u2019audizione parlamentare del 2024, egli aveva affermato che G\u00e1sp\u00e1r Orb\u00e1n era stato coinvolto nella preparazione della missione dopo essere stato assegnato all\u2019ufficio di gabinetto ministeriale.<\/p>\n\n\n\n<h2 class=\"wp-block-heading\">Il figlio di Orb\u00e1n era gi\u00e0 stato collegato alla missione segreta<\/h2>\n\n\n\n<p class=\"wp-block-paragraph\"><a href=\"https:\/\/dailynewshungary.com\/it\/il-presidente-del-ciad-potrebbe-invitare-truppe-ungheresi-nel-suo-paese-durante-la-visita-a-budapest-la-prossima-settimana\/\/\">Il coinvolgimento<\/a> di G\u00e1sp\u00e1r Orb\u00e1n nell\u2019operazione africana aveva attirato per la prima volta l\u2019attenzione dell\u2019opinione pubblica all\u2019inizio del 2024, quando il sito di inchiesta <a href=\"https:\/\/telex.hu\/direkt36\/2024\/01\/26\/hiaba-alcazta-magat-orban-gaspar-igy-is-leleplezodott-titkos-afrikai-kuldetese\" target=\"_blank\" rel=\"noopener\">Direkt36 aveva riportato notizie<\/a> sul suo ruolo. Il sito aveva pubblicato fotografie e video che sembravano mostrarlo mentre partecipava personalmente alle trattative che coinvolgevano la delegazione ungherese in Ciad.<\/p>\n\n\n\n<p class=\"wp-block-paragraph\">Pi\u00f9 recentemente, il capitano dell\u2019esercito Szilveszter P\u00e1link\u00e1s <a href=\"https:\/\/telex.hu\/video\/2026\/04\/02\/palinkas-szilveszter-interju-honvedseg-katonasag-orban-gaspar-szalay-bobrovniczky-kristof-csad\" target=\"_blank\" rel=\"noopener\">ha dichiarato a Telex<\/a> che a G\u00e1sp\u00e1r Orb\u00e1n era stato assegnato un ufficio nel complesso Karmelita a Budapest dopo il conseguimento del diploma presso l\u2019Accademia Militare Reale nel Regno Unito, dove ricopriva il grado di primo tenente. Secondo P\u00e1link\u00e1s, in seguito avrebbe iniziato a lavorare alla pianificazione della missione in Africa.<\/p>\n\n\n\n<blockquote class=\"wp-block-quote is-layout-flow wp-block-quote-is-layout-flow\">\n<p class=\"has-black-color has-pale-ocean-gradient-background has-text-color has-background has-link-color wp-elements-3 wp-block-paragraph\"><strong>Se ve lo siete perso: <a href=\"https:\/\/dailynewshungary.com\/it\/sono-emerse-nuove-rivelazioni-sulle-iniziative-piu-opache-di-gaspar-orban-e-dellungheria-nella-regione-africana-del-sahel\/\/\">Emergono dettagli scioccanti sulla missione militare di G\u00e1sp\u00e1r Orb\u00e1n in Ciad: potrebbero esserci state molte vittime a un costo immenso?<\/a><\/strong><\/p>\n<\/blockquote>\n","protected":false},"excerpt":{"rendered":"<p>Documenti recentemente acquisiti suggeriscono che G\u00e1sp\u00e1r Orb\u00e1n abbia ricoperto un ruolo ben pi\u00f9 rilevante nella controversa missione ungherese in Ciad di quanto precedentemente ammesso. Il figlio dell\u2019ex primo ministro ungherese Viktor Orb\u00e1n, G\u00e1sp\u00e1r Orb\u00e1n, \u00e8 stato indicato come responsabile della guida di una missione medica ungherese in Ciad in una risoluzione governativa non pubblica, secondo [&hellip;]<\/p>\n","protected":false},"author":62,"featured_media":793177,"comment_status":"open","ping_status":"open","sticky":false,"template":"","format":"standard","meta":{"_display_image":"","footnotes":""},"categories":[1185],"tags":[1338,2431,2504,2619,2793,1069,1083],"class_list":["post-793176","post","type-post","status-publish","format-standard","has-post-thumbnail","hentry","category-politica-in-ungheria","tag-africa","tag-categoria-affari-esteri","tag-categoria-politica-ungherese","tag-governo-orban","tag-questioni-militari","tag-ungheria","tag-viktor-orban"],"blocksy_meta":[],"author_username":"hmercedesz","telegram_post":"","public_post_metadata":{"breaking_news":"yes","important":"no","csempe":"yes","center_tile":"no","disable_thumbnail":"no","target_lang":"","_featured_image_style":"","telegram_post":"","_xlat_group_id":"7c92a8d2-54f4-4dc3-81cd-074883e74922"},"public_rank_math_data":{"title":"%title% %sep% %sitename%","description":"","focus_keyword":"Orb\u00e1n","canonical_url":"","robots":"","primary_category":"1185","breadcrumb_title":"","facebook_title":"","facebook_description":"","facebook_image":"","facebook_image_id":"","twitter_title":"","twitter_description":"","twitter_image":"","twitter_image_id":"","twitter_card_type":"","twitter_use_facebook":"","advanced_robots":"","pillar_content":"","seo_score":"82","contentai_score":"","rich_snippet":""},"_links":{"self":[{"href":"https:\/\/dailynewshungary.com\/it\/wp-json\/wp\/v2\/posts\/793176","targetHints":{"allow":["GET"]}}],"collection":[{"href":"https:\/\/dailynewshungary.com\/it\/wp-json\/wp\/v2\/posts"}],"about":[{"href":"https:\/\/dailynewshungary.com\/it\/wp-json\/wp\/v2\/types\/post"}],"author":[{"embeddable":true,"href":"https:\/\/dailynewshungary.com\/it\/wp-json\/wp\/v2\/users\/62"}],"replies":[{"embeddable":true,"href":"https:\/\/dailynewshungary.com\/it\/wp-json\/wp\/v2\/comments?post=793176"}],"version-history":[{"count":0,"href":"https:\/\/dailynewshungary.com\/it\/wp-json\/wp\/v2\/posts\/793176\/revisions"}],"wp:featuredmedia":[{"embeddable":true,"href":"https:\/\/dailynewshungary.com\/it\/wp-json\/wp\/v2\/media\/793177"}],"wp:attachment":[{"href":"https:\/\/dailynewshungary.com\/it\/wp-json\/wp\/v2\/media?parent=793176"}],"wp:term":[{"taxonomy":"category","embeddable":true,"href":"https:\/\/dailynewshungary.com\/it\/wp-json\/wp\/v2\/categories?post=793176"},{"taxonomy":"post_tag","embeddable":true,"href":"https:\/\/dailynewshungary.com\/it\/wp-json\/wp\/v2\/tags?post=793176"}],"curies":[{"name":"wp","href":"https:\/\/api.w.org\/{rel}","templated":true}]}}