{"id":793178,"date":"2026-09-03T11:34:00","date_gmt":"2026-09-03T09:34:00","guid":{"rendered":"https:\/\/dailynewshungary.com\/it\/il-vantaggio-del-tisza-si-riduce-mentre-il-fidesz-guadagna-terreno-in-un-nuovo-sondaggio-calano-anche-i-consensi-di-magyar\/"},"modified":"2026-09-03T11:34:00","modified_gmt":"2026-09-03T09:34:00","slug":"il-vantaggio-del-tisza-si-riduce-mentre-il-fidesz-guadagna-terreno-in-un-nuovo-sondaggio-calano-anche-i-consensi-di-magyar","status":"publish","type":"post","link":"https:\/\/dailynewshungary.com\/it\/il-vantaggio-del-tisza-si-riduce-mentre-il-fidesz-guadagna-terreno-in-un-nuovo-sondaggio-calano-anche-i-consensi-di-magyar\/","title":{"rendered":"Il vantaggio del Tisza si riduce mentre il Fidesz guadagna terreno in un nuovo sondaggio \u2013 Calano anche i consensi di Magyar"},"content":{"rendered":"\n<p class=\"wp-block-paragraph\"><strong>Il sondaggio di Publicus mostra che il vantaggio di P\u00e9ter Magyar su Viktor Orb\u00e1n in termini di idoneit\u00e0 alla carica di primo ministro si sta riducendo, sebbene il leader di Tisza rimanga significativamente in testa<\/strong><\/p>\n\n\n\n<p class=\"wp-block-paragraph\">Secondo un <a href=\"https:\/\/publicus.hu\/blog\/partok-tamogatottsaga-2026-augusztus\/\" target=\"_blank\" rel=\"noopener\">nuovo sondaggio<\/a> dell\u2019Istituto Publicus commissionato dal quotidiano <a href=\"https:\/\/nepszava.hu\/\" target=\"_blank\" rel=\"noopener\">N\u00e9pszava<\/a>, ad agosto il sostegno al partito di governo ungherese Fidesz \u00e8 leggermente aumentato, mentre quello al Partito Tisza \u00e8 diminuito.<\/p>\n\n\n\n<p class=\"wp-block-paragraph\">L\u2019indagine ha inoltre rilevato che un numero minore di ungheresi ritiene ora P\u00e9ter Magyar idoneo a ricoprire la carica di primo ministro, mentre il gradimento di Viktor Orb\u00e1n sulla stessa questione \u00e8 migliorato. Nonostante questo cambiamento, Magyar rimane notevolmente pi\u00f9 popolare di Orb\u00e1n tra la popolazione complessiva.<\/p>\n\n\n\n<p class=\"wp-block-paragraph\">Il sondaggio \u00e8 stato condotto tra il 18 e il 25 agosto, con 1.006 persone intervistate per telefono. La raccolta dei dati \u00e8 stata completata prima che scoppiasse la controversia relativa alla nomina del capo dell\u2019Ufficio ungherese per il recupero dei beni.<\/p><figure class=\"wp-block-image aligncenter size-full\"><figcaption class=\"wp-element-caption\">\n<\/figcaption><\/figure>\n\n<figure class=\"wp-block-image aligncenter size-full\"><figcaption class=\"wp-element-caption\">\n<\/figcaption><img decoding=\"async\" src=\"https:\/\/dailynewshungary.b-cdn.net\/wp-content\/uploads\/2026\/08\/Former-PM-Viktor-Orban.webp\" alt=\"Former PM Viktor Orb\u00e1n\" class=\"wp-image-704621\"\/><figcaption class=\"wp-element-caption\">Foto: <a href=\"https:\/\/www.facebook.com\/orbanviktor\/posts\/pfbid02zZwFAyngBTKjFLqFChNNR8P2DSaeJw2DYgM1QptCkY34dXf9vDKegMBy5RV88GQyl\" target=\"_blank\" rel=\"noopener\">Facebook\/Viktor Orb\u00e1n<\/a><\/figcaption><\/figure>\n\n\n\n<h2 class=\"wp-block-heading\">Tisza mantiene ancora un netto vantaggio tra gli elettori gi\u00e0 decisi<\/h2>\n\n\n\n<p class=\"wp-block-paragraph\">Tra gli elettori che hanno gi\u00e0 deciso quale partito sostenere, il 65 per cento ha espresso il proprio sostegno a Tisza, mentre il 24 per cento ha sostenuto Fidesz. Il consenso di Tisza \u00e8 sceso di tre punti percentuali rispetto a luglio, mentre Fidesz ha guadagnato un punto. Nonostante questa variazione, il partito di opposizione mantiene comunque un sostanziale vantaggio di 41 punti percentuali tra gli elettori che hanno gi\u00e0 deciso per quale partito votare.<\/p>\n\n\n\n<p class=\"wp-block-paragraph\">I partiti minori sono rimasti ben distanziati dai due principali contendenti. Mi Haz\u00e1nk e il Partito Ungherese del Cane a Due Code si sono attestati entrambi intorno all\u20191% tra gli elettori che hanno gi\u00e0 deciso il proprio voto.<\/p>\n\n\n\n<p class=\"wp-block-paragraph\">Considerando l\u2019intero campione, Tisza \u00e8 stato sostenuto dal 48% degli intervistati, contro il 19% di Fidesz. Mi Haz\u00e1nk ha ottenuto il 5%, mentre la Coalizione Democratica e il Partito del Cane a Due Code hanno registrato entrambi l\u20191%. Nel frattempo, il 26 per cento degli intervistati era indeciso sul partito da sostenere, tre punti percentuali in pi\u00f9 rispetto a un mese prima.<\/p><figure class=\"wp-block-image aligncenter size-full\"><figcaption class=\"wp-element-caption\">\n<\/figcaption><\/figure>\n\n<figure class=\"wp-block-image aligncenter size-full\"><figcaption class=\"wp-element-caption\">\n<\/figcaption><img decoding=\"async\" src=\"https:\/\/dailynewshungary.b-cdn.net\/wp-content\/uploads\/2026\/08\/Radnai-Mark-es-Magyar-Peter-korrupcios-botranyszeruseg-a-Tisza-korul.webp\" alt=\"P\u00e9ter Magyar and M\u00e1rk Radnai - corruption around the Tisza Party?\" class=\"wp-image-705482\"\/><figcaption class=\"wp-element-caption\">M\u00e1rk Radnai e P\u00e9ter Magyar. Foto: <a href=\"https:\/\/www.facebook.com\/tisza.komaromesztergommegye.02oevk\/posts\/pfbid02yQzgjZp3AY5aSJm17ChfsmhnHPq586nPMkMBJLADcJKtJCmFrfLvYUKbaB9zmzmfl\" target=\"_blank\" rel=\"noopener\">Facebook\/Radnai M\u00e1rk<\/a><\/figcaption><\/figure>\n\n\n\n<blockquote class=\"wp-block-quote is-layout-flow wp-block-quote-is-layout-flow\">\n<p class=\"has-black-color has-pale-ocean-gradient-background has-text-color has-background has-link-color wp-elements-1 wp-block-paragraph\"><strong>Se ve lo siete perso: <a href=\"https:\/\/dailynewshungary.com\/it\/ultime-notizie-lungheria-blocca-nuovamente-ladesione-dellucraina-allue-ecco-cosa-chiede-budapest\/\/\">L\u2019Ungheria blocca nuovamente l\u2019adesione dell\u2019Ucraina all\u2019UE \u2013 Ecco cosa vuole Budapest<\/a><\/strong><\/p>\n<\/blockquote>\n\n\n\n<h2 class=\"wp-block-heading\">Gli ungheresi sono leggermente meno soddisfatti della direzione presa dal Paese<\/h2>\n\n\n\n<p class=\"wp-block-paragraph\">Il sondaggio ha inoltre rilevato un modesto peggioramento della soddisfazione dell\u2019opinione pubblica riguardo all\u2019andamento della situazione in Ungheria. Alla fine di agosto, il 61 per cento degli intervistati si \u00e8 dichiarato piuttosto soddisfatto della direzione presa dal Paese, con un calo di due punti percentuali rispetto a luglio. La percentuale di coloro che si sono dichiarati insoddisfatti \u00e8 aumentata di quattro punti.<\/p>\n\n\n\n<p class=\"wp-block-paragraph\">Si \u00e8 registrata una netta divisione partitica nelle risposte. Circa il 91% degli elettori di Tisza si \u00e8 dichiarato soddisfatto, rispetto a solo il 9% dei sostenitori di Fidesz. Tra gli elettori indecisi, il 49% si \u00e8 detto soddisfatto della direzione del Paese, mentre il 42% si \u00e8 dichiarato insoddisfatto.<\/p>\n\n\n\n<h2 class=\"wp-block-heading\">Magyar rimane in vantaggio su Orb\u00e1n, ma il divario si sta riducendo<\/h2>\n\n\n\n<p class=\"wp-block-paragraph\">Il sondaggio ha inoltre chiesto agli intervistati se ritenessero P\u00e9ter Magyar e Viktor Orb\u00e1n idonei a ricoprire la carica di primo ministro dell\u2019Ungheria.<\/p>\n\n\n\n<p class=\"wp-block-paragraph\">Magyar \u00e8 stato ritenuto piuttosto idoneo dal 57 per cento degli intervistati, mentre il 34 per cento lo ha ritenuto piuttosto non idoneo. Il suo indice di gradimento ha tuttavia subito un calo significativo: a luglio le percentuali erano rispettivamente del 62 per cento e del 30 per cento, mentre un precedente sondaggio di Publicus aveva registrato un rapporto di 72 a 21.<\/p>\n\n\n\n<p class=\"wp-block-paragraph\">Orb\u00e1n, dal canto suo, ha visto migliorare il proprio indice di gradimento. Il 33% degli intervistati ha ritenuto l\u2019ex primo ministro piuttosto idoneo a guidare il Paese, mentre il 61% lo ha ritenuto inadatto. A luglio, le percentuali erano rispettivamente del 29% e del 65%.<\/p>\n\n\n\n<p class=\"wp-block-paragraph\">Ci\u00f2 significa che il vantaggio di Magyar su Orb\u00e1n riguardo alla questione dell\u2019idoneit\u00e0 si \u00e8 ridotto da 33 punti percentuali a luglio a 24 punti ad agosto.<\/p>\n\n\n\n<p class=\"has-text-align-center has-black-color has-electric-grass-gradient-background has-text-color has-background has-link-color wp-elements-2 wp-block-paragraph\"><strong>Rimanga aggiornato con il nostro Hungary Weekly Briefing:<\/strong> <strong><a href=\"https:\/\/substack.com\/@thehungaryinsider\" target=\"_blank\" rel=\"noopener\">si abboni su Substack<\/a>!<\/strong><\/p>\n\n\n\n<h2 class=\"wp-block-heading\">Netta divisione tra i due schieramenti politici<\/h2>\n\n\n\n<p class=\"wp-block-paragraph\">Il divario tra le fazioni rimane particolarmente marcato. Tra i sostenitori di Tisza, il 97% ha ritenuto Magyar idoneo alla carica di primo ministro, mentre solo il 3% degli elettori di Fidesz si \u00e8 detto d\u2019accordo. Al contrario, il 93% degli elettori di Fidesz ha ritenuto Orb\u00e1n adatto a guidare il Paese, contro appena il 4% tra i sostenitori di Tisza.<\/p>\n\n\n\n<p class=\"wp-block-paragraph\">Tra gli elettori indecisi, Orb\u00e1n ha registrato un leggero vantaggio: il 41% lo ha ritenuto idoneo alla carica di primo ministro, contro il 33% a favore di Magyar.<\/p>\n\n\n\n<p class=\"wp-block-paragraph\">Il sondaggio Publicus \u00e8 stato condotto per conto di N\u00e9pszava tra il 18 e il 25 agosto su un campione rappresentativo di 1.006 persone tramite intervista telefonica. Poich\u00e9 il lavoro sul campo si \u00e8 concluso prima della nomina del capo dell\u2019Ufficio per il recupero dei beni, il sondaggio non rileva alcun potenziale impatto di quella <a href=\"https:\/\/dailynewshungary.com\/it\/qual-e-il-problema-dellopinione-pubblica-nei-confronti-della-signora-unger-il-primo-ministro-magyar-risponde-alle-critiche-rivolte-alla-nuova-responsabile-ungherese-per-il-recupero-dei-beni\/\/\">successiva controversia politica<\/a>.<\/p>\n","protected":false},"excerpt":{"rendered":"<p>Il sondaggio di Publicus mostra che il vantaggio di P\u00e9ter Magyar su Viktor Orb\u00e1n in termini di idoneit\u00e0 alla carica di primo ministro si sta riducendo, sebbene il leader di Tisza rimanga significativamente in testa Secondo un nuovo sondaggio dell\u2019Istituto Publicus commissionato dal quotidiano N\u00e9pszava, ad agosto il sostegno al partito di governo ungherese Fidesz [&hellip;]<\/p>\n","protected":false},"author":62,"featured_media":793179,"comment_status":"open","ping_status":"open","sticky":false,"template":"","format":"standard","meta":{"_display_image":"","footnotes":""},"categories":[1185],"tags":[2676,1078,2617,1079,2613,2612,1097,1069,1083],"class_list":["post-793178","post","type-post","status-publish","format-standard","has-post-thumbnail","hentry","category-politica-in-ungheria","tag-categoria-politica-ungherese-2","tag-fidesz","tag-governo-magyar","tag-governo-ungherese","tag-partito-tisza","tag-peter-magyar","tag-sondaggio","tag-ungheria","tag-viktor-orban"],"blocksy_meta":[],"author_username":"hmercedesz","telegram_post":"","public_post_metadata":{"breaking_news":"yes","important":"no","csempe":"yes","center_tile":"no","disable_thumbnail":"no","target_lang":"","_featured_image_style":"","telegram_post":"","_xlat_group_id":"6166753c-3c36-4f4d-a3a7-f9b4bf9ed9e5"},"public_rank_math_data":{"title":"%title% %sep% %sitename%","description":"","focus_keyword":"tisza","canonical_url":"","robots":"","primary_category":"1185","breadcrumb_title":"","facebook_title":"","facebook_description":"","facebook_image":"","facebook_image_id":"","twitter_title":"","twitter_description":"","twitter_image":"","twitter_image_id":"","twitter_card_type":"","twitter_use_facebook":"","advanced_robots":"","pillar_content":"","seo_score":"85","contentai_score":"","rich_snippet":""},"_links":{"self":[{"href":"https:\/\/dailynewshungary.com\/it\/wp-json\/wp\/v2\/posts\/793178","targetHints":{"allow":["GET"]}}],"collection":[{"href":"https:\/\/dailynewshungary.com\/it\/wp-json\/wp\/v2\/posts"}],"about":[{"href":"https:\/\/dailynewshungary.com\/it\/wp-json\/wp\/v2\/types\/post"}],"author":[{"embeddable":true,"href":"https:\/\/dailynewshungary.com\/it\/wp-json\/wp\/v2\/users\/62"}],"replies":[{"embeddable":true,"href":"https:\/\/dailynewshungary.com\/it\/wp-json\/wp\/v2\/comments?post=793178"}],"version-history":[{"count":0,"href":"https:\/\/dailynewshungary.com\/it\/wp-json\/wp\/v2\/posts\/793178\/revisions"}],"wp:featuredmedia":[{"embeddable":true,"href":"https:\/\/dailynewshungary.com\/it\/wp-json\/wp\/v2\/media\/793179"}],"wp:attachment":[{"href":"https:\/\/dailynewshungary.com\/it\/wp-json\/wp\/v2\/media?parent=793178"}],"wp:term":[{"taxonomy":"category","embeddable":true,"href":"https:\/\/dailynewshungary.com\/it\/wp-json\/wp\/v2\/categories?post=793178"},{"taxonomy":"post_tag","embeddable":true,"href":"https:\/\/dailynewshungary.com\/it\/wp-json\/wp\/v2\/tags?post=793178"}],"curies":[{"name":"wp","href":"https:\/\/api.w.org\/{rel}","templated":true}]}}