{"id":793180,"date":"2026-09-03T12:54:00","date_gmt":"2026-09-03T10:54:00","guid":{"rendered":"https:\/\/dailynewshungary.com\/it\/un-altro-distretto-di-budapest-potrebbe-inasprire-le-norme-su-airbnb-mentre-gli-affitti-a-breve-termine-devono-far-fronte-a-restrizioni-sempre-piu-severe\/"},"modified":"2026-09-03T12:54:00","modified_gmt":"2026-09-03T10:54:00","slug":"un-altro-distretto-di-budapest-potrebbe-inasprire-le-norme-su-airbnb-mentre-gli-affitti-a-breve-termine-devono-far-fronte-a-restrizioni-sempre-piu-severe","status":"publish","type":"post","link":"https:\/\/dailynewshungary.com\/it\/un-altro-distretto-di-budapest-potrebbe-inasprire-le-norme-su-airbnb-mentre-gli-affitti-a-breve-termine-devono-far-fronte-a-restrizioni-sempre-piu-severe\/","title":{"rendered":"Un altro distretto di Budapest potrebbe inasprire le norme su Airbnb, mentre gli affitti a breve termine devono far fronte a restrizioni sempre pi\u00f9 severe"},"content":{"rendered":"\n<p class=\"wp-block-paragraph\"><strong>Un altro distretto di Budapest potrebbe introdurre norme pi\u00f9 severe per Airbnb e altri affitti a breve termine, poich\u00e9 il 13\u00b0 Distretto si appresta a definire una propria normativa per il settore.<\/strong><\/p>\n\n\n\n<p class=\"wp-block-paragraph\">Secondo il sindaco J\u00f3zsef T\u00f3th, il distretto conta attualmente circa 1.100\u20131.200 immobili utilizzati come alloggi privati. Ci\u00f2 rappresenta meno del 5 per cento delle oltre 85.000 abitazioni del distretto, il che significa che gli affitti a breve termine non sono ancora sufficientemente diffusi da giustificare di per s\u00e9 l\u2019adozione di restrizioni.<\/p>\n\n\n\n<p class=\"wp-block-paragraph\">Tuttavia, il consiglio comunale teme che norme pi\u00f9 restrittive nei distretti limitrofi possano determinare un\u2019impennata degli affitti a breve termine nel 13\u00b0 Distretto. Intende pertanto definire un proprio quadro normativo prima che si verifichi tale cambiamento.<\/p>\n\n\n\n<h2 class=\"wp-block-heading\">Le restrizioni nei quartieri limitrofi potrebbero spingere Airbnb verso il 13\u00b0 distretto<\/h2>\n\n\n\n<p class=\"wp-block-paragraph\">In un\u2019intervista al canale televisivo locale TV13, <a href=\"https:\/\/hir13.hu\/hirek\/airbnb-a-xiii-keruletben-szabalyoznak-a-rovid-tavu-lakaskiadast\/\" target=\"_blank\" rel=\"noopener\">il sindaco J\u00f3zsef T\u00f3th ha affermato che<\/a> il distretto deve affrontare la questione poich\u00e9 la moratoria nazionale sulla creazione di nuovi alloggi a breve termine \u00e8 destinata a scadere alla fine del 2026. Diversi distretti di Budapest hanno gi\u00e0 introdotto restrizioni sugli affitti a breve termine, suscitando preoccupazioni riguardo a un possibile effetto a catena.<\/p>\n\n\n\n<p class=\"wp-block-paragraph\">\u00abDobbiamo affrontare la questione. Alla fine del 2026 scadr\u00e0 la moratoria sull\u2019apertura di nuove strutture ricettive a breve termine. Nel frattempo, diversi distretti limitrofi hanno gi\u00e0 regolamentato questo settore\u00bb, ha affermato T\u00f3th. \u00abNon vogliamo che ci\u00f2 abbia un effetto cumulativo e che l\u2019attivit\u00e0 si sposti nel 13\u00b0 distretto\u00bb, ha aggiunto.<\/p>\n\n\n\n<p class=\"wp-block-paragraph\">Il sindaco ha sottolineato che l\u2019attuale numero di affitti a breve termine non giustifica, di per s\u00e9, l\u2019introduzione di restrizioni nel distretto. Secondo le stime del consiglio comunale, circa 1.100\u20131.200 abitazioni sono attualmente utilizzate come alloggi privati. Anche tenendo conto degli immobili che potrebbero non essere stati individuati, la cifra rimane al di sotto della soglia del 5 per cento che gli esperti considerano spesso il punto a partire dal quale una regolamentazione diventa particolarmente giustificata.<\/p><figure class=\"wp-block-image aligncenter size-full\"><figcaption class=\"wp-element-caption\">\n<\/figcaption><\/figure>\n\n<figure class=\"wp-block-image aligncenter size-full\"><figcaption class=\"wp-element-caption\">\n<\/figcaption><img decoding=\"async\" src=\"https:\/\/dailynewshungary.b-cdn.net\/wp-content\/uploads\/2025\/08\/Budapest-Airbnb-Chain-Bridge-panoramic-view.jpg\" alt=\"Budapest Airbnb Chain Bridge panoramic view expats\" class=\"wp-image-666683\"\/><figcaption class=\"wp-element-caption\">Foto: <a href=\"https:\/\/depositphotos.com\/editorial\/may-2018-budapest-hungary-people-enjoy-sunset-danube-river-embankment-200097890.html\" target=\"_blank\" rel=\"noopener\">depositphotos.com<\/a><\/figcaption><\/figure>\n\n\n\n<h2 class=\"wp-block-heading\">I reclami riguardano principalmente il rumore e i disturbi<\/h2>\n\n\n\n<p class=\"wp-block-paragraph\">Il dibattito sugli affitti a breve termine non riguarda solo il numero di immobili su Airbnb, ma anche il loro impatto sui residenti e sui condomini. T\u00f3th ha affermato che il distretto ha ricevuto reclami relativi all\u2019utilizzo di singoli immobili, in particolare per quanto riguarda il rumore e i disturbi.<\/p>\n\n\n\n<p class=\"wp-block-paragraph\">\u00abSono state presentate segnalazioni relative a un uso inappropriato degli alloggi. Il rumore e i comportamenti chiassosi erano particolarmente frequenti, ma i residenti sono infastiditi anche dal fatto che lo stile di vita degli ospiti a breve termine spesso non si adatta alle normali abitudini di un condominio\u00bb, ha affermato il sindaco.<\/p>\n\n\n\n<p class=\"wp-block-paragraph\">Allo stesso tempo, i condomini e le cooperative edilizie dispongono gi\u00e0 di determinati poteri per regolamentare le modalit\u00e0 di utilizzo dei singoli alloggi. I loro atti costitutivi o i regolamenti organizzativi e operativi possono contenere disposizioni relative agli alloggi a breve termine. Il consiglio distrettuale ha inoltre esaminato come altre zone di Budapest \u2014 tra cui il 5\u00b0, 6\u00b0, 7\u00b0, 8\u00b0 e 9\u00b0 distretto \u2014 abbiano affrontato la questione.<\/p>\n\n\n\n<blockquote class=\"wp-block-quote is-layout-flow wp-block-quote-is-layout-flow\">\n<p class=\"has-black-color has-pale-ocean-gradient-background has-text-color has-background has-link-color wp-elements-1 wp-block-paragraph\"><strong>Ne avete sentito parlare? <a href=\"https:\/\/dailynewshungary.com\/it\/un-altro-quartiere-del-centro-di-budapest-potrebbe-vietare-airbnb-si-profila-un-referendum\/\/\">Un altro distretto del centro di Budapest potrebbe vietare Airbnb: un referendum all\u2019orizzonte<\/a><\/strong><\/p>\n<\/blockquote>\n\n\n\n<h2 class=\"wp-block-heading\">Non \u00e8 stato ancora deciso alcun divieto o restrizione definitiva<\/h2>\n\n\n\n<p class=\"wp-block-paragraph\">Il 13\u00b0 distretto non sta attualmente preparando l\u2019imposizione di un divieto totale su Airbnb. Le autorit\u00e0 intendono invece elaborare una proposta contenente diverse possibili opzioni normative. T\u00f3th ha sottolineato che i consigli distrettuali non rilasciano direttamente le autorizzazioni necessarie per gli alloggi a breve termine.<\/p>\n\n\n\n<p class=\"wp-block-paragraph\">\u00abNon siamo noi a rilasciare le autorizzazioni; ci\u00f2 non rientra nelle competenze del consiglio distrettuale. Per quanto riguarda l\u2019utilizzo, tuttavia, possiamo stabilire una serie di condizioni uniformi applicabili ai condomini e all\u2019intero distretto\u00bb, ha spiegato.<\/p>\n\n\n\n<p class=\"wp-block-paragraph\">Il consiglio sembra quindi valutare un quadro normativo che disciplini le modalit\u00e0 di funzionamento degli alloggi a breve termine, piuttosto che limitarsi a decidere se debbano essere consentiti o vietati.<\/p>\n\n\n\n<p class=\"has-text-align-center has-black-color has-electric-grass-gradient-background has-text-color has-background has-link-color wp-elements-2 wp-block-paragraph\"><strong>Rimanga aggiornato con il nostro Hungary Weekly Briefing: <a href=\"https:\/\/substack.com\/@thehungaryinsider\" target=\"_blank\" rel=\"noopener\">si abboni su Substack<\/a>!<\/strong><\/p>\n\n\n\n<h2 class=\"wp-block-heading\">I residenti avranno voce in capitolo<\/h2>\n\n\n\n<p class=\"wp-block-paragraph\">Una volta elaborata la proposta, questa sar\u00e0 sottoposta a consultazione pubblica. I residenti, i rappresentanti dei condomini e i professionisti del settore avranno tutti l\u2019opportunit\u00e0 di esprimere il proprio parere sulle norme previste prima che queste vengano presentate al consiglio distrettuale per la decisione finale.<\/p>\n\n\n\n<blockquote class=\"wp-block-quote is-layout-flow wp-block-quote-is-layout-flow\">\n<p class=\"wp-block-paragraph\">\u00abVogliamo che questo sia un processo pubblico. Metteremo a disposizione la proposta e la pubblicheremo sulle nostre piattaforme elettroniche, dove i cittadini potranno esprimere i propri commenti\u00bb, ha affermato T\u00f3th.<\/p>\n<\/blockquote>\n\n\n\n<p class=\"wp-block-paragraph\">Il sindaco ha aggiunto che il consiglio adotter\u00e0 lo stesso approccio utilizzato per altri progetti che interessano l\u2019intero distretto: i riscontri saranno presi in considerazione prima che la proposta definitiva venga presentata ai rappresentanti eletti.<\/p>\n","protected":false},"excerpt":{"rendered":"<p>Un altro distretto di Budapest potrebbe introdurre norme pi\u00f9 severe per Airbnb e altri affitti a breve termine, poich\u00e9 il 13\u00b0 Distretto si appresta a definire una propria normativa per il settore. Secondo il sindaco J\u00f3zsef T\u00f3th, il distretto conta attualmente circa 1.100\u20131.200 immobili utilizzati come alloggi privati. Ci\u00f2 rappresenta meno del 5 per cento [&hellip;]<\/p>\n","protected":false},"author":62,"featured_media":793181,"comment_status":"open","ping_status":"open","sticky":false,"template":"","format":"standard","meta":{"_display_image":"","footnotes":""},"categories":[2384],"tags":[2525,1158,2449,2497,2467,1266,1069],"class_list":["post-793180","post","type-post","status-publish","format-standard","has-post-thumbnail","hentry","category-affari","tag-airbnb","tag-budapest","tag-categoria-budapest","tag-categoria-immobili-in-ungheria","tag-categoria-viaggi","tag-immobili","tag-ungheria"],"blocksy_meta":[],"author_username":"hmercedesz","telegram_post":"","public_post_metadata":{"breaking_news":"yes","important":"no","csempe":"yes","center_tile":"no","disable_thumbnail":"no","target_lang":"","_featured_image_style":"","telegram_post":"","_xlat_group_id":"61d19f94-ab10-4574-bd79-7066c45a1f91"},"public_rank_math_data":{"title":"%title% %sep% %sitename%","description":"","focus_keyword":"airbnb","canonical_url":"","robots":"","primary_category":"2384","breadcrumb_title":"","facebook_title":"","facebook_description":"","facebook_image":"","facebook_image_id":"","twitter_title":"","twitter_description":"","twitter_image":"","twitter_image_id":"","twitter_card_type":"","twitter_use_facebook":"","advanced_robots":"","pillar_content":"","seo_score":"77","contentai_score":"","rich_snippet":""},"_links":{"self":[{"href":"https:\/\/dailynewshungary.com\/it\/wp-json\/wp\/v2\/posts\/793180","targetHints":{"allow":["GET"]}}],"collection":[{"href":"https:\/\/dailynewshungary.com\/it\/wp-json\/wp\/v2\/posts"}],"about":[{"href":"https:\/\/dailynewshungary.com\/it\/wp-json\/wp\/v2\/types\/post"}],"author":[{"embeddable":true,"href":"https:\/\/dailynewshungary.com\/it\/wp-json\/wp\/v2\/users\/62"}],"replies":[{"embeddable":true,"href":"https:\/\/dailynewshungary.com\/it\/wp-json\/wp\/v2\/comments?post=793180"}],"version-history":[{"count":0,"href":"https:\/\/dailynewshungary.com\/it\/wp-json\/wp\/v2\/posts\/793180\/revisions"}],"wp:featuredmedia":[{"embeddable":true,"href":"https:\/\/dailynewshungary.com\/it\/wp-json\/wp\/v2\/media\/793181"}],"wp:attachment":[{"href":"https:\/\/dailynewshungary.com\/it\/wp-json\/wp\/v2\/media?parent=793180"}],"wp:term":[{"taxonomy":"category","embeddable":true,"href":"https:\/\/dailynewshungary.com\/it\/wp-json\/wp\/v2\/categories?post=793180"},{"taxonomy":"post_tag","embeddable":true,"href":"https:\/\/dailynewshungary.com\/it\/wp-json\/wp\/v2\/tags?post=793180"}],"curies":[{"name":"wp","href":"https:\/\/api.w.org\/{rel}","templated":true}]}}