{"id":793182,"date":"2026-09-03T14:14:00","date_gmt":"2026-09-03T12:14:00","guid":{"rendered":"https:\/\/dailynewshungary.com\/it\/ultime-notizie-lerasmus-torna-in-ungheria-gli-studenti-universitari-ungheresi-possono-nuovamente-studiare-allestero\/"},"modified":"2026-09-03T14:14:00","modified_gmt":"2026-09-03T12:14:00","slug":"ultime-notizie-lerasmus-torna-in-ungheria-gli-studenti-universitari-ungheresi-possono-nuovamente-studiare-allestero","status":"publish","type":"post","link":"https:\/\/dailynewshungary.com\/it\/ultime-notizie-lerasmus-torna-in-ungheria-gli-studenti-universitari-ungheresi-possono-nuovamente-studiare-allestero\/","title":{"rendered":"ULTIME NOTIZIE: L\u2019Erasmus torna in Ungheria \u2013 Gli studenti universitari ungheresi possono nuovamente studiare all\u2019estero!"},"content":{"rendered":"\n<p class=\"wp-block-paragraph\"><strong>Gli studenti universitari ungheresi potranno nuovamente partecipare a pieno titolo al programma Erasmus+ dell\u2019UE a partire dall\u2019anno accademico 2026\/2027, come annunciato dal governo. La decisione arriva dopo anni di controversie tra Budapest e Bruxelles in merito alla gestione delle fondazioni universitarie ungheresi.<\/strong><\/p>\n\n\n\n<p class=\"wp-block-paragraph\">Gli studenti ungheresi potranno riottenere l\u2019accesso al programma di scambio Erasmus+ dell\u2019Unione europea a partire dall\u2019anno accademico 2026\/2027, secondo quanto <a href=\"https:\/\/www.facebook.com\/kormanyzat\/posts\/pfbid0uGC8uVZFn2JPvC5RBKH3z4deiqK72xxaNrEz2nFNqUYLKrcFkYeUvB8HaPV4spi5l\" target=\"_blank\" rel=\"noopener\">annunciato<\/a> gioved\u00ec <a href=\"https:\/\/www.facebook.com\/kormanyzat\/posts\/pfbid0uGC8uVZFn2JPvC5RBKH3z4deiqK72xxaNrEz2nFNqUYLKrcFkYeUvB8HaPV4spi5l\" target=\"_blank\" rel=\"noopener\">dal governo ungherese<\/a>. Allo stesso tempo, le universit\u00e0 e i ricercatori precedentemente soggetti alle restrizioni dovrebbero riottenere l\u2019accesso a \u00abHorizon Europe\u00bb, il programma faro dell\u2019Unione europea in materia di ricerca e innovazione.<\/p>\n\n\n\n<p class=\"wp-block-paragraph\">Il governo ha descritto questo sviluppo come un risultato di grande rilievo dei primi 100 giorni della nuova amministrazione, affermando che i negoziati con Bruxelles e la riorganizzazione del sistema delle fondazioni universitarie ungheresi hanno spianato la strada a tale ritorno.<\/p>\n\n\n\n<blockquote class=\"wp-block-quote is-layout-flow wp-block-quote-is-layout-flow\">\n<p class=\"wp-block-paragraph\">\u00abI primi 100 giorni del nuovo governo hanno portato al ripristino dell\u2019opportunit\u00e0 per gli studenti universitari ungheresi di studiare in Europa, acquisire esperienza e stringere legami\u00bb, ha affermato il governo.<\/p>\n<\/blockquote><figure class=\"wp-block-image aligncenter size-full\"><figcaption class=\"wp-element-caption\">\n<\/figcaption><\/figure>\n\n<figure class=\"wp-block-image aligncenter size-full\"><figcaption class=\"wp-element-caption\">\n<\/figcaption><img decoding=\"async\" src=\"https:\/\/dailynewshungary.b-cdn.net\/wp-content\/uploads\/2025\/09\/Hungarian-university-students-protest-at-Luxembourg-court-over-EU-Erasmus-ban-Copy.jpg\" alt=\"Hungarian university students protest at Luxembourg court over EU Erasmus ban (Copy)\" class=\"wp-image-670732\"\/><figcaption class=\"wp-element-caption\">Foto: <a href=\"https:\/\/www.facebook.com\/photo\/?fbid=1186801403471898&amp;set=pb.100064261496872.-2207520000\" target=\"_blank\" rel=\"noopener\">Facebook\/Universit\u00e0 di Debrecen<\/a><\/figcaption><\/figure>\n\n\n\n<h2 class=\"wp-block-heading\">Perch\u00e9 l\u2019Ungheria \u00e8 stata esclusa dal programma Erasmus?<\/h2>\n\n\n\n<p class=\"wp-block-paragraph\">La controversia risale alla riforma del sistema universitario ungherese avvenuta tra il 2019 e il 2021. Nel corso di tale processo, molte universit\u00e0 precedentemente gestite dallo Stato sono state trasferite a fondazioni di gestione del patrimonio di interesse pubblico, note come fondazioni KEKVA.<\/p>\n\n\n\n<p class=\"wp-block-paragraph\">Tali fondazioni hanno ricevuto ingenti beni statali e sono state poste sotto il controllo di consigli di amministrazione, molti dei cui membri erano politici, funzionari governativi o altre figure strettamente legate al potere esecutivo. La Commissione europea ha sollevato preoccupazioni in merito a potenziali conflitti di interesse, alla durata dei mandati dei membri dei consigli di amministrazione e alle norme che ne regolano la nomina e la revoca.<\/p>\n\n\n\n<p class=\"wp-block-paragraph\">Nel dicembre 2022, gli Stati membri dell\u2019UE hanno pertanto deciso, nell\u2019ambito del meccanismo di condizionalit\u00e0 dell\u2019Unione volto a tutelare il bilancio dell\u2019UE, che non potessero essere assunti nuovi impegni finanziari con le fondazioni ungheresi di gestione del patrimonio di interesse pubblico n\u00e9 con le istituzioni da esse gestite.<\/p>\n\n\n\n<p class=\"wp-block-paragraph\">Ci\u00f2 non significava che l\u2019Ungheria nel suo complesso fosse esclusa dal programma Erasmus+. Le restrizioni riguardavano invece le universit\u00e0 operanti nell\u2019ambito del sistema KEKVA. In totale, sono stati interessati 21 istituti di istruzione superiore, tra cui alcune delle pi\u00f9 grandi universit\u00e0 ungheresi. Circa 200.000 studenti ne hanno subito le conseguenze, poich\u00e9 le opportunit\u00e0 di mobilit\u00e0 finanziate dall\u2019UE sono diventate gradualmente inaccessibili per loro.<\/p>\n\n\n\n<h2 class=\"wp-block-heading\">L\u2019Ungheria ha lanciato una propria alternativa<\/h2>\n\n\n\n<p class=\"wp-block-paragraph\">Il precedente governo ha reagito lanciando nel 2024 il <a href=\"https:\/\/dailynewshungary.com\/it\/il-programma-pannonia-ungherese-invia-3-000-studenti-allestero-mira-a-5-000-il-prossimo-semestre\/\/\">Programma di borse di studio Pann\u00f3nia<\/a>, finanziato dal bilancio dello Stato ungherese. Con un bilancio annuale iniziale di circa 10 miliardi di HUF, il programma \u00e8 stato concepito per sostenere migliaia di studenti, docenti universitari e ricercatori ungheresi che intraprendono soggiorni di studio o di ricerca all\u2019estero.<\/p>\n\n\n\n<blockquote class=\"wp-block-quote is-layout-flow wp-block-quote-is-layout-flow\">\n<p class=\"wp-block-paragraph\">Pann\u00f3nia ha inoltre instaurato partnership al di fuori dell\u2019Europa, ma non \u00e8 riuscita a sostituire pienamente Erasmus+.<\/p>\n<\/blockquote>\n\n\n\n<p class=\"wp-block-paragraph\">Il programma dell\u2019UE offre molto pi\u00f9 che semplici borse di studio: mette a disposizione una rete consolidata di partnership istituzionali, norme comuni, accordi di riconoscimento dei crediti formativi e cooperazione tra migliaia di universit\u00e0 europee.<\/p>\n\n\n\n<h2 class=\"wp-block-heading\">Le riforme universitarie hanno spianato la strada al ritorno di Erasmus<\/h2>\n\n\n\n<p class=\"wp-block-paragraph\">Dopo l\u2019insediamento, il governo Tisza ha presentato una proposta di legge volta a ristrutturare il sistema delle fondazioni di gestione dei beni di interesse pubblico. Secondo il Ministero dell\u2019Istruzione e degli Affari dell\u2019Infanzia, le riforme mirano a risolvere i conflitti di interesse, migliorare la trasparenza e rafforzare l\u2019autonomia delle universit\u00e0.<\/p>\n\n\n\n<p class=\"wp-block-paragraph\">La ministra dell\u2019Istruzione e degli Affari dell\u2019Infanzia, Judit Lannert, ha successivamente tenuto colloqui con i rettori delle universit\u00e0 e altri esponenti di spicco del mondo dell\u2019istruzione superiore in merito alla modifica dell\u2019attuale struttura delle fondazioni e, in alcuni casi, alla graduale eliminazione del modello KEKVA. La questione centrale era come allineare il sistema ai requisiti dell\u2019UE in materia di conflitti di interesse, salvaguardando al contempo il funzionamento e i finanziamenti delle universit\u00e0.<\/p>\n\n\n\n<p class=\"wp-block-paragraph\">L\u2019ultimo annuncio del governo rappresenta il primo risultato tangibile di tale processo. Tuttavia, il ritorno concreto al programma Erasmus+ potrebbe non avvenire contemporaneamente in tutti gli atenei. Le universit\u00e0 devono ancora rinnovare o riattivare gli accordi di partenariato internazionale, avviare le procedure di candidatura degli studenti e organizzare l\u2019erogazione delle borse di studio.<\/p>\n","protected":false},"excerpt":{"rendered":"<p>Gli studenti universitari ungheresi potranno nuovamente partecipare a pieno titolo al programma Erasmus+ dell\u2019UE a partire dall\u2019anno accademico 2026\/2027, come annunciato dal governo. La decisione arriva dopo anni di controversie tra Budapest e Bruxelles in merito alla gestione delle fondazioni universitarie ungheresi. Gli studenti ungheresi potranno riottenere l\u2019accesso al programma di scambio Erasmus+ dell\u2019Unione europea [&hellip;]<\/p>\n","protected":false},"author":62,"featured_media":793183,"comment_status":"open","ping_status":"open","sticky":false,"template":"","format":"standard","meta":{"_display_image":"","footnotes":""},"categories":[2429],"tags":[2560,2557,2616,1079,1252,1886,1069],"class_list":["post-793182","post","type-post","status-publish","format-standard","has-post-thumbnail","hentry","category-viaggi","tag-categoria-istruzione","tag-categoria-vita-in-ungheria","tag-governo-magiaro","tag-governo-ungherese","tag-istruzione-superiore","tag-ungheresi-allestero-2","tag-ungheria"],"blocksy_meta":[],"author_username":"hmercedesz","telegram_post":"","public_post_metadata":{"breaking_news":"yes","important":"no","csempe":"yes","center_tile":"no","disable_thumbnail":"no","target_lang":"","_featured_image_style":"","telegram_post":"","_xlat_group_id":"70480d8b-5c44-4bd3-97a3-6a789bbd784c"},"public_rank_math_data":{"title":"%title% %sep% %sitename%","description":"","focus_keyword":"erasmus","canonical_url":"","robots":"","primary_category":"2429","breadcrumb_title":"","facebook_title":"","facebook_description":"","facebook_image":"","facebook_image_id":"","twitter_title":"","twitter_description":"","twitter_image":"","twitter_image_id":"","twitter_card_type":"","twitter_use_facebook":"","advanced_robots":"","pillar_content":"","seo_score":"81","contentai_score":"","rich_snippet":""},"_links":{"self":[{"href":"https:\/\/dailynewshungary.com\/it\/wp-json\/wp\/v2\/posts\/793182","targetHints":{"allow":["GET"]}}],"collection":[{"href":"https:\/\/dailynewshungary.com\/it\/wp-json\/wp\/v2\/posts"}],"about":[{"href":"https:\/\/dailynewshungary.com\/it\/wp-json\/wp\/v2\/types\/post"}],"author":[{"embeddable":true,"href":"https:\/\/dailynewshungary.com\/it\/wp-json\/wp\/v2\/users\/62"}],"replies":[{"embeddable":true,"href":"https:\/\/dailynewshungary.com\/it\/wp-json\/wp\/v2\/comments?post=793182"}],"version-history":[{"count":0,"href":"https:\/\/dailynewshungary.com\/it\/wp-json\/wp\/v2\/posts\/793182\/revisions"}],"wp:featuredmedia":[{"embeddable":true,"href":"https:\/\/dailynewshungary.com\/it\/wp-json\/wp\/v2\/media\/793183"}],"wp:attachment":[{"href":"https:\/\/dailynewshungary.com\/it\/wp-json\/wp\/v2\/media?parent=793182"}],"wp:term":[{"taxonomy":"category","embeddable":true,"href":"https:\/\/dailynewshungary.com\/it\/wp-json\/wp\/v2\/categories?post=793182"},{"taxonomy":"post_tag","embeddable":true,"href":"https:\/\/dailynewshungary.com\/it\/wp-json\/wp\/v2\/tags?post=793182"}],"curies":[{"name":"wp","href":"https:\/\/api.w.org\/{rel}","templated":true}]}}