{"id":793184,"date":"2026-09-03T15:34:00","date_gmt":"2026-09-03T13:34:00","guid":{"rendered":"https:\/\/dailynewshungary.com\/it\/la-ministra-degli-esteri-anita-orban-illustra-cio-che-lungheria-si-aspetta-dallucraina-affinche-il-governo-ritiri-il-proprio-veto\/"},"modified":"2026-09-03T15:34:00","modified_gmt":"2026-09-03T13:34:00","slug":"la-ministra-degli-esteri-anita-orban-illustra-cio-che-lungheria-si-aspetta-dallucraina-affinche-il-governo-ritiri-il-proprio-veto","status":"publish","type":"post","link":"https:\/\/dailynewshungary.com\/it\/la-ministra-degli-esteri-anita-orban-illustra-cio-che-lungheria-si-aspetta-dallucraina-affinche-il-governo-ritiri-il-proprio-veto\/","title":{"rendered":"La ministra degli Esteri Anita Orb\u00e1n illustra ci\u00f2 che l\u2019Ungheria si aspetta dall\u2019Ucraina affinch\u00e9 il governo ritiri il proprio veto"},"content":{"rendered":"\n<p class=\"wp-block-paragraph\"><strong>L\u2019Ungheria ha nuovamente bloccato l\u2019avanzamento dei negoziati di adesione dell\u2019Ucraina all\u2019UE, affermando di attendere che Kiev attui un accordo sui diritti della minoranza ungherese in Ucraina.<\/strong><\/p>\n\n\n\n<p class=\"wp-block-paragraph\"><a href=\"https:\/\/dailynewshungary.com\/it\/ultime-notizie-lungheria-blocca-nuovamente-ladesione-dellucraina-allue-ecco-cosa-chiede-budapest\/\/\">Budapest non ha approvato<\/a> le relazioni di valutazione relative al secondo e al terzo gruppo di negoziati, impedendo cos\u00ec al processo di adesione di procedere in tali ambiti.<\/p>\n\n\n\n<p class=\"wp-block-paragraph\">Secondo l\u2019Agenzia di stampa ungherese (MTI), il vice primo ministro e ministro degli Esteri ungherese Anita Orb\u00e1n ha dichiarato gioved\u00ec che la posizione del governo sull\u2019adesione dell\u2019Ucraina all\u2019UE rimane ferma e che l\u2019Ungheria non sosterr\u00e0 un processo di adesione accelerato \u00abin nessuna circostanza\u00bb.<\/p>\n\n\n\n<blockquote class=\"wp-block-quote is-layout-flow wp-block-quote-is-layout-flow\">\n<p class=\"wp-block-paragraph\">Se ve lo siete perso: <a href=\"https:\/\/dailynewshungary.com\/it\/ultime-notizie-lungheria-blocca-nuovamente-ladesione-dellucraina-allue-ecco-cosa-chiede-budapest\/\/\">L\u2019Ungheria blocca nuovamente l\u2019adesione dell\u2019Ucraina all\u2019UE \u2013 Ecco cosa vuole Budapest<\/a><\/p>\n<\/blockquote>\n\n\n\n<h2 class=\"wp-block-heading\">Budapest vuole che l\u2019Ucraina attui l\u2019accordo di giugno<\/h2>\n\n\n\n<p class=\"wp-block-paragraph\">Intervenendo in occasione dell\u2019apertura della Conferenza sulla diplomazia culturale, Orb\u00e1n ha affermato che le aspettative dell\u2019Ungheria sono chiaramente legate a un accordo raggiunto tra i due Paesi nel mese di giugno in merito ai diritti della minoranza ungherese in Transcarpazia.<\/p>\n\n\n\n<p class=\"wp-block-paragraph\">In base all\u2019accordo, il parlamento ucraino, la Verkhovna Rada, dovrebbe adottare emendamenti legislativi che garantiscano i diritti delle minoranze in settori quali l\u2019istruzione, la cultura e la rappresentanza politica.<\/p>\n\n\n\n<p class=\"wp-block-paragraph\">Il termine per l\u2019attuazione degli impegni relativi all\u2019istruzione \u00e8 fissato al 31 dicembre 2026, mentre le misure riguardanti altri settori, tra cui la partecipazione politica, dovrebbero essere adottate nel 2027.<\/p>\n\n\n\n<p class=\"wp-block-paragraph\">\u00abCi\u00f2 che ci aspettiamo \u00e8 l\u2019attuazione dell\u2019accordo sulle minoranze negoziato a giugno\u00bb, ha affermato Orb\u00e1n. Ci\u00f2 significa che la Rada dovr\u00e0 adottare gli emendamenti legislativi necessari a garantire i diritti concordati dai due paesi nei settori dell\u2019istruzione, della cultura e della rappresentanza politica.<\/p>\n\n\n\n<p class=\"wp-block-paragraph\">Secondo le informazioni fornite dal governo ungherese, il governo ucraino ha gi\u00e0 preparato i progetti di legge necessari. Le proposte sono attualmente all\u2019esame dei vari ministeri prima di essere eventualmente presentate al parlamento.<\/p><figure class=\"wp-block-image aligncenter size-full\"><figcaption class=\"wp-element-caption\">\n<\/figcaption><\/figure>\n\n<figure class=\"wp-block-image aligncenter size-full\"><figcaption class=\"wp-element-caption\">\n<\/figcaption><img decoding=\"async\" src=\"https:\/\/dailynewshungary.b-cdn.net\/wp-content\/uploads\/2026\/06\/peter-magyar-eu-leaders-summit-zelensky.webp\" alt=\"p\u00e9ter magyar tisza eu leaders summit volodimir zelensky ukraine news websites\" class=\"wp-image-699913\"\/><figcaption class=\"wp-element-caption\">P\u00e9ter Magyar e Volodimir Zelensky al vertice UE del 18 giugno 2026. Foto: <a href=\"https:\/\/www.facebook.com\/photo?fbid=27894230766851340&amp;set=pcb.27894372300170520&amp;locale=hu_HU\" target=\"_blank\" rel=\"noopener\">Facebook\/P\u00e9ter Magyar<\/a><\/figcaption><\/figure>\n\n\n\n<p class=\"has-text-align-center has-black-color has-electric-grass-gradient-background has-text-color has-background has-link-color wp-elements-1 wp-block-paragraph\"><strong>Rimanga aggiornato con il nostro Hungary Weekly Briefing: <a href=\"https:\/\/substack.com\/@thehungaryinsider\" target=\"_blank\" rel=\"noopener\">si abboni su Substack<\/a>!<\/strong><\/p>\n\n\n\n<h2 class=\"wp-block-heading\">L\u2019Ungheria afferma che la sua posizione sull\u2019adesione all\u2019UE rimane immutata<\/h2>\n\n\n\n<p class=\"wp-block-paragraph\">Orb\u00e1n ha sottolineato che l\u2019Ungheria non sostiene l\u2019accelerazione del processo di adesione dell\u2019Ucraina all\u2019UE. Ha inoltre ribadito il precedente impegno del governo a indire un referendum sull\u2019adesione dell\u2019Ucraina all\u2019UE una volta che Kiev avr\u00e0 completato i negoziati di adesione.<\/p>\n\n\n\n<p class=\"wp-block-paragraph\">Secondo il ministro, tale posizione \u00e8 stata chiarita anche durante una <a href=\"https:\/\/dailynewshungary.com\/it\/il-primo-ministro-magyar-incontra-costa-e-pone-le-condizioni-per-il-sostegno-al-prossimo-bilancio-settennale-dellue\/\/\">recente cena di lavoro<\/a> con il presidente del Consiglio europeo Ant\u00f3nio Costa. L\u2019ultima mossa dell\u2019Ungheria implica che i progressi nei negoziati di adesione dell\u2019Ucraina rimangano strettamente legati all\u2019attuazione dell\u2019accordo bilaterale sui diritti delle minoranze.<\/p>\n\n\n\n<h2 class=\"wp-block-heading\">Una fonte di tensione di lunga data<\/h2>\n\n\n\n<p class=\"wp-block-paragraph\">Le relazioni tra l\u2019Ungheria e l\u2019Ucraina si sono notevolmente deteriorate sotto il precedente governo ungherese, con la guerra tra l\u2019Ucraina e la Russia e la sua potenziale adesione all\u2019UE che sono diventate questioni politiche di primaria importanza in Ungheria.<\/p>\n\n\n\n<p class=\"wp-block-paragraph\">Il precedente governo ha ripetutamente sollevato preoccupazioni riguardo ai diritti della minoranza ungherese in Transcarpazia e, in alcune occasioni, ha sfruttato la propria posizione nel processo decisionale dell\u2019UE per rallentare o bloccare misure riguardanti l\u2019Ucraina.<\/p>\n\n\n\n<p class=\"wp-block-paragraph\">Dopo l\u2019insediamento del governo di P\u00e9ter Magyar, Budapest e Kiev hanno avviato negoziati volti a migliorare le relazioni bilaterali. A giugno, le due parti hanno raggiunto un accordo in base al quale l\u2019Ungheria ha acconsentito a ritirare la propria obiezione all\u2019apertura del primo capitolo negoziale dei colloqui di adesione dell\u2019Ucraina all\u2019UE, a condizione che l\u2019Ucraina affrontasse la questione dei diritti della minoranza ungherese.<\/p>\n\n\n\n<p class=\"wp-block-paragraph\">L\u2019ultima controversia riguarda il secondo e il terzo capitolo. L\u2019attuale posizione dell\u2019Ungheria \u00e8 che si attende che Kiev mantenga gli impegni assunti a giugno prima che Budapest acconsenta a ulteriori progressi.<\/p>\n\n\n\n<blockquote class=\"wp-block-quote is-layout-flow wp-block-quote-is-layout-flow\">\n<p class=\"has-black-color has-pale-ocean-gradient-background has-text-color has-background has-link-color wp-elements-2 wp-block-paragraph\"><strong>Se ve lo siete perso: <a href=\"https:\/\/dailynewshungary.com\/it\/il-vantaggio-del-tisza-si-riduce-mentre-il-fidesz-guadagna-terreno-in-un-nuovo-sondaggio-calano-anche-i-consensi-di-magyar\/\/\">il vantaggio di Tisza si riduce mentre il Fidesz guadagna terreno in un nuovo sondaggio \u2013 anche i consensi di Magyar registrano un calo<\/a><\/strong><\/p>\n<\/blockquote>\n\n\n\n<h2 class=\"wp-block-heading\">Le scadenze si avvicinano<\/h2>\n\n\n\n<p class=\"wp-block-paragraph\">La prima scadenza importante prevista dall\u2019accordo di minoranza \u00e8 ormai a pochi mesi di distanza: l\u2019Ucraina dovr\u00e0 infatti attuare le misure relative all\u2019istruzione entro la fine del 2026. Altri impegni, compresi quelli riguardanti la partecipazione politica, dovranno essere affrontati nel corso del 2027.<\/p>\n\n\n\n<p class=\"wp-block-paragraph\">Il governo ungherese afferma di essere ora in attesa che l\u2019Ucraina traduca gli impegni concordati in atti legislativi. Qualora le modifiche legislative necessarie non venissero adottate entro i termini concordati, l\u2019attuazione del primo gruppo di negoziati verrebbe automaticamente sospesa ai sensi dell\u2019accordo.<\/p>\n","protected":false},"excerpt":{"rendered":"<p>L\u2019Ungheria ha nuovamente bloccato l\u2019avanzamento dei negoziati di adesione dell\u2019Ucraina all\u2019UE, affermando di attendere che Kiev attui un accordo sui diritti della minoranza ungherese in Ucraina. Budapest non ha approvato le relazioni di valutazione relative al secondo e al terzo gruppo di negoziati, impedendo cos\u00ec al processo di adesione di procedere in tali ambiti. Secondo [&hellip;]<\/p>\n","protected":false},"author":62,"featured_media":793185,"comment_status":"open","ping_status":"open","sticky":false,"template":"","format":"standard","meta":{"_display_image":"","footnotes":""},"categories":[1185],"tags":[2710,2616,1079,2681,1081,1886,1069,1075],"class_list":["post-793184","post","type-post","status-publish","format-standard","has-post-thumbnail","hentry","category-politica-in-ungheria","tag-categoria-affari-esteri-2","tag-governo-magiaro","tag-governo-ungherese","tag-questioni-etniche","tag-ucraina","tag-ungheresi-allestero-2","tag-ungheria","tag-unione-europea"],"blocksy_meta":[],"author_username":"hmercedesz","telegram_post":"","public_post_metadata":{"breaking_news":"yes","important":"no","csempe":"yes","center_tile":"no","disable_thumbnail":"no","target_lang":"","_featured_image_style":"","telegram_post":"","_xlat_group_id":"b0957926-3f15-4166-aa36-e292314050a1"},"public_rank_math_data":{"title":"%title% %sep% %sitename%","description":"","focus_keyword":"ukraina","canonical_url":"","robots":"","primary_category":"1185","breadcrumb_title":"","facebook_title":"","facebook_description":"","facebook_image":"","facebook_image_id":"","twitter_title":"","twitter_description":"","twitter_image":"","twitter_image_id":"","twitter_card_type":"","twitter_use_facebook":"","advanced_robots":"","pillar_content":"","seo_score":"76","contentai_score":"","rich_snippet":""},"_links":{"self":[{"href":"https:\/\/dailynewshungary.com\/it\/wp-json\/wp\/v2\/posts\/793184","targetHints":{"allow":["GET"]}}],"collection":[{"href":"https:\/\/dailynewshungary.com\/it\/wp-json\/wp\/v2\/posts"}],"about":[{"href":"https:\/\/dailynewshungary.com\/it\/wp-json\/wp\/v2\/types\/post"}],"author":[{"embeddable":true,"href":"https:\/\/dailynewshungary.com\/it\/wp-json\/wp\/v2\/users\/62"}],"replies":[{"embeddable":true,"href":"https:\/\/dailynewshungary.com\/it\/wp-json\/wp\/v2\/comments?post=793184"}],"version-history":[{"count":0,"href":"https:\/\/dailynewshungary.com\/it\/wp-json\/wp\/v2\/posts\/793184\/revisions"}],"wp:featuredmedia":[{"embeddable":true,"href":"https:\/\/dailynewshungary.com\/it\/wp-json\/wp\/v2\/media\/793185"}],"wp:attachment":[{"href":"https:\/\/dailynewshungary.com\/it\/wp-json\/wp\/v2\/media?parent=793184"}],"wp:term":[{"taxonomy":"category","embeddable":true,"href":"https:\/\/dailynewshungary.com\/it\/wp-json\/wp\/v2\/categories?post=793184"},{"taxonomy":"post_tag","embeddable":true,"href":"https:\/\/dailynewshungary.com\/it\/wp-json\/wp\/v2\/tags?post=793184"}],"curies":[{"name":"wp","href":"https:\/\/api.w.org\/{rel}","templated":true}]}}