{"id":793188,"date":"2026-09-03T18:14:00","date_gmt":"2026-09-03T16:14:00","guid":{"rendered":"https:\/\/dailynewshungary.com\/it\/inquietante-una-coppia-ungherese-maltratta-e-fa-morire-di-fame-una-donna\/"},"modified":"2026-09-03T18:14:00","modified_gmt":"2026-09-03T16:14:00","slug":"inquietante-una-coppia-ungherese-maltratta-e-fa-morire-di-fame-una-donna","status":"publish","type":"post","link":"https:\/\/dailynewshungary.com\/it\/inquietante-una-coppia-ungherese-maltratta-e-fa-morire-di-fame-una-donna\/","title":{"rendered":"Inquietante: una coppia ungherese maltratta e fa morire di fame una donna"},"content":{"rendered":"\n<p class=\"wp-block-paragraph\"><strong>Una donna vulnerabile di 34 anni \u00e8 stata tenuta in condizioni di schiavit\u00f9, costretta a lavorare e ripetutamente maltrattata prima di morire per estrema negligenza, secondo quanto affermano i pubblici ministeri.<\/strong><\/p>\n\n\n\n<p class=\"wp-block-paragraph\">Una coppia ungherese condannata per aver maltrattato e ridotto alla fame una donna vulnerabile di 34 anni fino a causarne la morte potrebbe incorrere in pene notevolmente pi\u00f9 severe dopo che i pubblici ministeri hanno presentato ricorso contro la sentenza di primo grado.<\/p>\n\n\n\n<p class=\"wp-block-paragraph\">La coppia, condannata per omicidio colposo, tratta di esseri umani e lavoro forzato, \u00e8 stata condannata dal Tribunale regionale di Ny\u00edregyh\u00e1za rispettivamente a 14 e 10 anni di reclusione.<\/p>\n\n\n\n<p class=\"wp-block-paragraph\">L\u2019Ufficio del Procuratore Capo d\u2019Appello di Debrecen ha ora chiesto l\u2019aggravamento delle pene e la riclassificazione del caso come omicidio commesso con particolare crudelt\u00e0. I pubblici ministeri chiedono l\u2019ergastolo per l\u2019imputato di sesso maschile e una pena sostanzialmente pi\u00f9 lunga per sua moglie.<\/p>\n\n\n\n<h2 class=\"wp-block-heading\">Alla donna erano stati promessi alloggio e assistenza<\/h2>\n\n\n\n<p class=\"wp-block-paragraph\"><a href=\"https:\/\/ugyeszseg.hu\/rabszolgasorban-tartottak-es-halalra-eheztettek-aldozatukat\/\" target=\"_blank\" rel=\"noopener\">Secondo l\u2019accusa<\/a>, la coppia avrebbe accolto la donna di 34 anni nella propria abitazione nell\u2019estate del 2023. La donna si trovava in una situazione di vulnerabilit\u00e0 e, secondo quanto riferito, le erano stati promessi alloggio e assistenza in cambio del suo aiuto nelle faccende domestiche.<\/p>\n\n\n\n<blockquote class=\"wp-block-quote is-layout-flow wp-block-quote-is-layout-flow\">\n<p class=\"wp-block-paragraph\">Invece, sostengono i pubblici ministeri, la coppia l\u2019ha tenuta rinchiusa in casa, l\u2019ha costretta a lavorare e le ha fornito pochissimo cibo. Inoltre, sarebbe stata sottoposta a regolari abusi fisici, tra cui percosse con le mani e con un mattarello e ripetuti attacchi con un dispositivo stordente.<\/p>\n<\/blockquote>\n\n\n\n<p class=\"wp-block-paragraph\">Gli abusi prolungati e la privazione di cibo hanno lasciato la donna gravemente indebolita ed emaciata. La mattina del 28 aprile 2024, secondo quanto riferito, non \u00e8 riuscita ad alzarsi e non comunicava pi\u00f9.<\/p>\n\n\n\n<h2 class=\"wp-block-heading\">La coppia non ha provveduto a richiedere assistenza medica<\/h2>\n\n\n\n<p class=\"wp-block-paragraph\">Anzich\u00e9 chiamare i soccorsi, la coppia avrebbe deciso di trasportare la donna verso Budapest. Secondo l\u2019accusa, il figlio e la sua compagna hanno aiutato a sistemare la donna in auto prima dell\u2019inizio del viaggio.<\/p>\n\n\n\n<blockquote class=\"wp-block-quote is-layout-flow wp-block-quote-is-layout-flow\">\n<p class=\"wp-block-paragraph\">Durante il viaggio, la coppia si \u00e8 resa conto che la donna era deceduta. Successivamente hanno lasciato l\u2019autostrada e, secondo quanto riferito, hanno abbandonato il suo corpo, insieme alla carta d\u2019identit\u00e0 e alla carta di credito, nel parcheggio di un condominio.<\/p>\n<\/blockquote>\n\n\n\n<p class=\"wp-block-paragraph\">Il corpo della donna \u00e8 stato poi rinvenuto da alcuni bambini che si trovavano casualmente di passaggio.<\/p>\n\n\n\n<h2 class=\"wp-block-heading\">Il tribunale di primo grado ha emesso condanne detentive<\/h2>\n\n\n\n<p class=\"wp-block-paragraph\">Il Tribunale regionale di Ny\u00edregyh\u00e1za ha ritenuto entrambi gli imputati colpevoli di omicidio colposo, tratta di esseri umani e lavoro forzato. L\u2019uomo \u00e8 stato condannato a 14 anni di reclusione, mentre sua moglie ha ricevuto una condanna a 10 anni di reclusione.<\/p>\n\n\n\n<p class=\"wp-block-paragraph\">Sia gli imputati che i loro avvocati hanno presentato ricorso contro la sentenza. Chiedono in via prioritaria l\u2019assoluzione o, in subordine, una diversa qualificazione giuridica dei fatti e una riduzione delle pene. La Procura, dal canto suo, chiede pene significativamente pi\u00f9 severe.<\/p>\n\n\n\n<blockquote class=\"wp-block-quote is-layout-flow wp-block-quote-is-layout-flow\">\n<p class=\"has-black-color has-pale-ocean-gradient-background has-text-color has-background has-link-color wp-elements-1 wp-block-paragraph\"><strong>Ne avete sentito parlare? <a href=\"https:\/\/dailynewshungary.com\/it\/polizia-cinque-uomini-picchiati-e-tenuti-come-schiavi-moderni-in-ungheria-per-anni\/\/\">Polizia: cinque uomini picchiati e tenuti come schiavi moderni in Ungheria per anni<\/a><\/strong><\/p>\n<\/blockquote>\n\n\n\n<h2 class=\"wp-block-heading\">I pubblici ministeri chiedono l\u2019ergastolo<\/h2>\n\n\n\n<p class=\"wp-block-paragraph\">L\u2019Ufficio del Procuratore Capo d\u2019Appello di Debrecen sostiene che gli imputati, gi\u00e0 con precedenti penali, abbiano sottoposto la donna ad abusi e privazioni alimentari cos\u00ec prolungati e gravi da averne sicuramente compreso che le loro azioni avrebbero potuto causarne la morte. I pubblici ministeri ritengono pertanto che le circostanze costituiscano un caso di particolare crudelt\u00e0.<\/p>\n\n\n\n<p class=\"wp-block-paragraph\">Hanno chiesto alla Corte d\u2019appello di condannare l\u2019imputato di sesso maschile per omicidio commesso con particolare crudelt\u00e0 e di infliggergli la pena dell\u2019ergastolo. Chiedono inoltre una pena sostanzialmente pi\u00f9 severa per sua moglie.<\/p>\n\n\n\n<p class=\"wp-block-paragraph\">Il caso sar\u00e0 ora deciso dalla Corte d\u2019appello di Debrecen.<\/p>\n","protected":false},"excerpt":{"rendered":"<p>Una donna vulnerabile di 34 anni \u00e8 stata tenuta in condizioni di schiavit\u00f9, costretta a lavorare e ripetutamente maltrattata prima di morire per estrema negligenza, secondo quanto affermano i pubblici ministeri. Una coppia ungherese condannata per aver maltrattato e ridotto alla fame una donna vulnerabile di 34 anni fino a causarne la morte potrebbe incorrere [&hellip;]<\/p>\n","protected":false},"author":62,"featured_media":793189,"comment_status":"open","ping_status":"open","sticky":false,"template":"","format":"standard","meta":{"_display_image":"","footnotes":""},"categories":[2439],"tags":[2749,1389,1220,1468,1069],"class_list":["post-793188","post","type-post","status-publish","format-standard","has-post-thumbnail","hentry","category-vita","tag-categoria-crimine-2","tag-debrecen","tag-famiglia","tag-tribunale","tag-ungheria"],"blocksy_meta":[],"author_username":"hmercedesz","telegram_post":"","public_post_metadata":{"breaking_news":"yes","important":"no","csempe":"yes","center_tile":"no","disable_thumbnail":"no","target_lang":"","_featured_image_style":"","telegram_post":"","_xlat_group_id":"49160a26-7695-404f-bc23-ceade20997bc"},"public_rank_math_data":{"title":"%title% %sep% %sitename%","description":"","focus_keyword":"abuso","canonical_url":"","robots":"","primary_category":"2439","breadcrumb_title":"","facebook_title":"","facebook_description":"","facebook_image":"","facebook_image_id":"","twitter_title":"","twitter_description":"","twitter_image":"","twitter_image_id":"","twitter_card_type":"","twitter_use_facebook":"","advanced_robots":"","pillar_content":"","seo_score":"78","contentai_score":"","rich_snippet":""},"_links":{"self":[{"href":"https:\/\/dailynewshungary.com\/it\/wp-json\/wp\/v2\/posts\/793188","targetHints":{"allow":["GET"]}}],"collection":[{"href":"https:\/\/dailynewshungary.com\/it\/wp-json\/wp\/v2\/posts"}],"about":[{"href":"https:\/\/dailynewshungary.com\/it\/wp-json\/wp\/v2\/types\/post"}],"author":[{"embeddable":true,"href":"https:\/\/dailynewshungary.com\/it\/wp-json\/wp\/v2\/users\/62"}],"replies":[{"embeddable":true,"href":"https:\/\/dailynewshungary.com\/it\/wp-json\/wp\/v2\/comments?post=793188"}],"version-history":[{"count":0,"href":"https:\/\/dailynewshungary.com\/it\/wp-json\/wp\/v2\/posts\/793188\/revisions"}],"wp:featuredmedia":[{"embeddable":true,"href":"https:\/\/dailynewshungary.com\/it\/wp-json\/wp\/v2\/media\/793189"}],"wp:attachment":[{"href":"https:\/\/dailynewshungary.com\/it\/wp-json\/wp\/v2\/media?parent=793188"}],"wp:term":[{"taxonomy":"category","embeddable":true,"href":"https:\/\/dailynewshungary.com\/it\/wp-json\/wp\/v2\/categories?post=793188"},{"taxonomy":"post_tag","embeddable":true,"href":"https:\/\/dailynewshungary.com\/it\/wp-json\/wp\/v2\/tags?post=793188"}],"curies":[{"name":"wp","href":"https:\/\/api.w.org\/{rel}","templated":true}]}}