{"id":793192,"date":"2026-09-04T04:34:00","date_gmt":"2026-09-04T02:34:00","guid":{"rendered":"https:\/\/dailynewshungary.com\/it\/ecco-il-colpo-di-scena-fidesz-e-mi-hazank-potrebbero-essere-in-procinto-di-fondersi\/"},"modified":"2026-09-04T04:34:00","modified_gmt":"2026-09-04T02:34:00","slug":"ecco-il-colpo-di-scena-fidesz-e-mi-hazank-potrebbero-essere-in-procinto-di-fondersi","status":"publish","type":"post","link":"https:\/\/dailynewshungary.com\/it\/ecco-il-colpo-di-scena-fidesz-e-mi-hazank-potrebbero-essere-in-procinto-di-fondersi\/","title":{"rendered":"Ecco il colpo di scena: Fidesz e Mi Haz\u00e1nk potrebbero essere in procinto di fondersi?"},"content":{"rendered":"\n<p class=\"wp-block-paragraph\"><strong>Le manovre politiche di Tibor Navracsics e Orsolya Ferencz potrebbero in realt\u00e0 essere un segnale della loro volont\u00e0 di non voler prendere parte all\u2019improbabile alleanza tra Fidesz e Mi Haz\u00e1nk?<\/strong><\/p>\n\n\n\n<p class=\"wp-block-paragraph\">Il rapporto tra Fidesz e Mi Haz\u00e1nk \u00e8 stato a lungo determinato principalmente da considerazioni tattiche. Chiunque abbia seguito la politica ungherese con occhi e orecchie ben aperti negli ultimi anni avr\u00e0 notato lo spostamento di Fidesz verso destra. In diverse occasioni, il partito di governo \u00e8 persino riuscito a aggirare Jobbik sulla destra, quando Jobbik era ancora una forza parlamentare.<\/p>\n\n\n\n<p class=\"wp-block-paragraph\">Allo stesso tempo, Mi Haz\u00e1nk ha cercato con cautela di prendere le distanze da alcuni dei suoi temi pi\u00f9 radicali e di presentarsi come una forza politica pi\u00f9 consolidata.<\/p>\n\n\n\n<p class=\"wp-block-paragraph\">Poi \u00e8 arrivata la catastrofica sconfitta elettorale subita dagli ex partiti di governo il 12 aprile, che ha completamente ridisegnato la mappa politica dell\u2019Ungheria.<\/p>\n\n\n\n<p class=\"wp-block-paragraph\">Mi Haz\u00e1nk \u00e8 rimasto tranquillamente in Parlamento, mentre i due ex partiti di governo sono passati all\u2019opposizione e Tisza \u00e8 riuscito a formare un governo monopartitico.<\/p>\n\n\n\n<p class=\"wp-block-paragraph\">E sebbene L\u00e1szl\u00f3 Toroczkai abbia ripetutamente insistito negli ultimi mesi sul fatto che il suo partito intenda operare come forza politica indipendente, un\u2019altra sua dichiarazione ha sicuramente attirato l\u2019attenzione. Egli ha affermato di percepire una richiesta sociale di una qualche forma di coordinamento all\u2019interno dell\u2019opposizione di destra al fine di rovesciare il governo di Tisza.<\/p>\n\n\n\n<p class=\"wp-block-paragraph\">I due partiti rimangono quindi rivali. Tuttavia, sempre pi\u00f9 spesso potrebbero trovarsi dalla stessa parte su un numero crescente di questioni politiche.<\/p>\n\n\n\n<h2 class=\"wp-block-heading\">A quel punto Navracsics e Ferencz si sono fatti avanti<\/h2>\n\n\n\n<p class=\"wp-block-paragraph\">Come a rendere la situazione ancora pi\u00f9 intrigante, sono improvvisamente saliti alla ribalta due politici da tempo associati al volto pi\u00f9 moderato e civico di Fidesz: Tibor Navracsics e Orsolya Ferencz.<\/p>\n\n\n\n<p class=\"wp-block-paragraph\">Il 20 agosto, i due hanno annunciato congiuntamente quella che hanno definito l\u2019iniziativa <em>dei Democratici Civici<\/em>.<\/p>\n\n\n\n<p class=\"wp-block-paragraph\">Navracsics ha sostenuto che l\u2019estremo scontro tra i due schieramenti politici ungheresi stesse danneggiando l\u2019unit\u00e0 del Paese e che il dialogo fosse necessario. Ha inoltre sottolineato che l\u2019iniziativa non mirava alla fondazione di un nuovo partito politico.<\/p>\n\n\n\n<p class=\"wp-block-paragraph\">Tale chiarimento \u00e8 importante.<\/p>\n\n\n\n<p class=\"wp-block-paragraph\">Tuttavia, \u00e8 difficile non notare che, se il futuro di Fidesz dovesse orientarsi sempre pi\u00f9 verso un\u2019alleanza di destra pi\u00f9 dura e radicale, i politici che continuano a porre l\u2019accento su un\u2019identit\u00e0 conservatrice pi\u00f9 tradizionale e moderata potrebbero trovarsi in una posizione sempre pi\u00f9 scomoda.<\/p>\n\n\n\n<p class=\"wp-block-paragraph\">\u00c8 possibile, quindi, che Navracsics e i suoi alleati stiano cercando non di distaccarsi dal Fidesz, ma dalla direzione verso cui, a loro avviso, il partito si sta dirigendo?<\/p>\n\n\n\n<p class=\"wp-block-paragraph\">Sarebbe un\u2019interpretazione piuttosto diversa della vicenda.<\/p>\n\n\n\n<h2 class=\"wp-block-heading\">Perch\u00e9 Mi Haz\u00e1nk dovrebbe essere utile a Fidesz?<\/h2>\n\n\n\n<p class=\"wp-block-paragraph\">C\u2019\u00e8 certamente una logica politica alla base di una cooperazione pi\u00f9 stretta.<\/p>\n\n\n\n<p class=\"wp-block-paragraph\">L\u2019ex partito di governo potrebbe mantenere la propria posizione di forza politica pi\u00f9 grande e meglio organizzata all\u2019interno della destra, mentre Mi Haz\u00e1nk potrebbe continuare ad attrarre gli elettori che si sono disillusi nei confronti di Orb\u00e1n ma non hanno alcuna intenzione di aderire a Tisza.<\/p>\n\n\n\n<p class=\"wp-block-paragraph\">Per Mi Haz\u00e1nk, dal canto suo, la cooperazione potrebbe comportare un maggiore peso in Parlamento, una maggiore influenza politica e, potenzialmente, una posizione negoziale pi\u00f9 forte.<\/p>\n\n\n\n<p class=\"wp-block-paragraph\">In altre parole, potrebbe emergere il classico modello di due partiti, un unico blocco politico.<\/p>\n\n\n\n<p class=\"wp-block-paragraph\">Il vantaggio di un simile accordo sarebbe evidente.<\/p>\n\n\n\n<p class=\"wp-block-paragraph\">Il Fidesz non dovrebbe necessariamente assorbire Mi Haz\u00e1nk, n\u00e9 Mi Haz\u00e1nk dovrebbe rinunciare alla propria identit\u00e0. Ciascun partito potrebbe mantenere la propria identit\u00e0, coordinandosi al contempo laddove i loro interessi coincidono.<\/p>\n\n\n\n<p class=\"wp-block-paragraph\">E vi sarebbe un ulteriore potenziale vantaggio.<\/p>\n\n\n\n<p class=\"wp-block-paragraph\">Un rapporto pi\u00f9 solido con Mi Haz\u00e1nk potrebbe consentire a Fidesz di mantenere aperto un canale politico verso gli elettori che si collocano pi\u00f9 a destra rispetto all\u2019elettorato conservatore tradizionale, senza necessariamente costringere ogni politico di Fidesz ad adottare lo stesso tono.<\/p>\n\n\n\n<p class=\"wp-block-paragraph\">Ma questo ci porta alla questione pi\u00f9 interessante.<\/p>\n\n\n\n<p class=\"wp-block-paragraph\">E se la cooperazione non fosse sufficiente?<\/p>\n\n\n\n<h2 class=\"wp-block-heading\">Fusione o alleanza informale?<\/h2>\n\n\n\n<p class=\"wp-block-paragraph\">Lo scenario pi\u00f9 probabile, almeno per ora, non \u00e8 una fusione formale.<\/p>\n\n\n\n<p class=\"wp-block-paragraph\">Un\u2019alleanza di destra pi\u00f9 flessibile sembra decisamente pi\u00f9 plausibile. Fidesz e Mi Haz\u00e1nk potrebbero mantenere le proprie identit\u00e0 distinte, pur avvicinandosi sempre pi\u00f9 su determinate questioni e, forse, coordinandosi contro il governo Tisza.<\/p>\n\n\n\n<p class=\"wp-block-paragraph\">Ci\u00f2 non sarebbe certo un caso senza precedenti in politica.<\/p>\n\n\n\n<p class=\"wp-block-paragraph\">N\u00e9 significherebbe necessariamente che i due partiti siano improvvisamente diventati gemelli ideologici. Le alleanze politiche si basano spesso su interessi condivisi piuttosto che su un accordo totale.<\/p>\n\n\n\n<p class=\"wp-block-paragraph\">Ma una fusione totale tra Fidesz e Mi Haz\u00e1nk sarebbe tutta un\u2019altra storia.<\/p>\n\n\n\n<p class=\"wp-block-paragraph\">Affinch\u00e9 ci\u00f2 avvenga, probabilmente dovrebbe cambiare qualcosa di molto pi\u00f9 fondamentale all\u2019interno dello stesso Fidesz.<\/p>\n\n\n\n<p class=\"wp-block-paragraph\">Ed \u00e8 proprio qui che l\u2019iniziativa di Navracsics e Ferencz assume particolare rilevanza.<\/p>\n\n\n\n<h2 class=\"wp-block-heading\">Il Fidesz si sta avviando verso una scissione?<\/h2>\n\n\n\n<p class=\"wp-block-paragraph\">E se la vera lotta politica non fosse affatto tra Fidesz e Mi Haz\u00e1nk?<\/p>\n\n\n\n<p class=\"wp-block-paragraph\">E se invece si stesse svolgendo all\u2019interno della pi\u00f9 ampia destra ungherese?<\/p>\n\n\n\n<p class=\"wp-block-paragraph\">Dopotutto, Fidesz ha trascorso anni a riunire correnti politiche che non hanno necessariamente molto in comune al di l\u00e0 della loro fedelt\u00e0 a Viktor Orb\u00e1n e della loro opposizione alla sinistra ungherese e all\u2019opposizione liberale.<\/p>\n\n\n\n<p class=\"wp-block-paragraph\">Tale modello ha funzionato straordinariamente bene mentre il Fidesz era al governo.<\/p>\n\n\n\n<p class=\"wp-block-paragraph\">Ma cosa succede dopo una sconfitta elettorale?<\/p>\n\n\n\n<p class=\"wp-block-paragraph\">Gli incentivi cambiano.<\/p>\n\n\n\n<p class=\"wp-block-paragraph\">Un partito che non controlla pi\u00f9 il governo deve decidere che tipo di forza di opposizione intende diventare. Difender\u00e0 la propria identit\u00e0 conservatrice tradizionale? Si sposter\u00e0 ulteriormente a destra nel tentativo di riconquistare gli elettori persi a favore di Mi Haz\u00e1nk? Oppure cercher\u00e0 di ricostruirsi come un movimento conservatore pi\u00f9 ampio e moderato?<\/p>\n\n\n\n<p class=\"wp-block-paragraph\">Non si tratta semplicemente di questioni relative alla comunicazione politica. Potrebbero determinare chi abbia effettivamente un futuro all\u2019interno della destra post-Orb\u00e1n.<\/p>\n\n\n\n<p class=\"wp-block-paragraph\">E ci\u00f2 potrebbe mettere politici come Navracsics e Ferencz in una posizione particolarmente delicata.<\/p>\n\n\n\n<h2 class=\"wp-block-heading\">La strana possibilit\u00e0 di due destre<\/h2>\n\n\n\n<p class=\"wp-block-paragraph\">\u00c8 quindi possibile immaginare una riorganizzazione politica piuttosto inaspettata.<\/p>\n\n\n\n<p class=\"wp-block-paragraph\">Una possibilit\u00e0 sarebbe quella di una forza di estrema destra costruita attorno all\u2019ala pi\u00f9 nazionalista e intransigente del Fidesz, insieme a Mi Haz\u00e1nk.<\/p>\n\n\n\n<p class=\"wp-block-paragraph\">Dall\u2019altra parte potrebbe emergere un partito conservatore pi\u00f9 tradizionale, incentrato su figure che intendono preservare il carattere civico, moderato e orientato alle istituzioni che un tempo costituiva una parte importante dell\u2019identit\u00e0 politica di Fidesz.<\/p>\n\n\n\n<p class=\"wp-block-paragraph\">In tale scenario, la questione non sarebbe pi\u00f9 se Mi Haz\u00e1nk si unisca a Fidesz.<\/p>\n\n\n\n<p class=\"wp-block-paragraph\">La vera domanda sarebbe: quale parte del Fidesz si unirebbe a Mi Haz\u00e1nk?<\/p>\n\n\n\n<p class=\"wp-block-paragraph\">Si tratta di una prospettiva decisamente pi\u00f9 dirompente.<\/p>\n\n\n\n<p class=\"wp-block-paragraph\">Spiegherebbe inoltre perch\u00e9 l\u2019iniziativa apparentemente modesta dei Democratici Civici meriti attenzione. Navracsics e Ferencz potrebbero essere sinceramente interessati al dialogo e alla riconciliazione politica. Potrebbero semplicemente cercare di creare uno spazio per una forma di conservatorismo meno conflittuale.<\/p>\n\n\n\n<p class=\"wp-block-paragraph\">Oppure potrebbero avere in mente qualcosa di pi\u00f9 ampio.<\/p>\n\n\n\n<h2 class=\"wp-block-heading\">Tutto \u00e8 ancora possibile<\/h2>\n\n\n\n<p class=\"wp-block-paragraph\">Naturalmente, nulla di tutto ci\u00f2 significa che una fusione tra Fidesz e Mi Haz\u00e1nk sia imminente.<\/p>\n\n\n\n<p class=\"wp-block-paragraph\">Non vi sono prove che i due partiti stiano per fondersi formalmente in un\u2019unica organizzazione. Per il momento, rimangono forze politiche distinte, con una propria leadership, propri interessi e proprie basi elettorali.<\/p>\n\n\n\n<p class=\"wp-block-paragraph\">Ma la politica raramente riguarda ci\u00f2 che \u00e8 gi\u00e0 accaduto. Riguarda anche ci\u00f2 che diventa possibile dopo che il panorama politico \u00e8 cambiato. E <a href=\"https:\/\/dailynewshungary.com\/it\/alzare-il-sipario-il-12-aprile-ha-davvero-segnato-un-cambio-di-regime\/\/\">il 12 aprile<\/a> ha cambiato radicalmente quel panorama.<\/p>\n\n\n\n<p class=\"wp-block-paragraph\">Il vecchio partito di governo \u00e8 ora all\u2019opposizione. Tisza domina la fazione di governo della politica ungherese. Mi Haz\u00e1nk rimane in Parlamento e ha tutte le ragioni per ritenere di avere un ruolo da svolgere all\u2019interno della destra.<\/p>\n\n\n\n<p class=\"wp-block-paragraph\">Nel frattempo, figure legate alla tradizione conservatrice pi\u00f9 moderata di Fidesz stanno iniziando a parlare pi\u00f9 apertamente di dialogo, divisione politica e futuro della destra.<\/p>\n\n\n\n<p class=\"wp-block-paragraph\">Forse si tratta semplicemente di sviluppi isolati, o forse i pezzi stanno cominciando a muoversi. La prossima battaglia politica ungherese potrebbe quindi non riguardare affatto la contrapposizione tra sinistra e destra. Potrebbe invece vertere su quale ala della destra sopravviver\u00e0.<\/p>\n","protected":false},"excerpt":{"rendered":"<p>Le manovre politiche di Tibor Navracsics e Orsolya Ferencz potrebbero in realt\u00e0 essere un segnale della loro volont\u00e0 di non voler prendere parte all\u2019improbabile alleanza tra Fidesz e Mi Haz\u00e1nk? Il rapporto tra Fidesz e Mi Haz\u00e1nk \u00e8 stato a lungo determinato principalmente da considerazioni tattiche. Chiunque abbia seguito la politica ungherese con occhi e [&hellip;]<\/p>\n","protected":false},"author":91,"featured_media":793193,"comment_status":"open","ping_status":"open","sticky":false,"template":"","format":"standard","meta":{"_display_image":"","footnotes":""},"categories":[2392],"tags":[2654,1078,1079,2613,2612,1069,1083],"class_list":["post-793192","post","type-post","status-publish","format-standard","has-post-thumbnail","hentry","category-ungherese","tag-categoria-politica-2","tag-fidesz","tag-governo-ungherese","tag-partito-tisza","tag-peter-magyar","tag-ungheria","tag-viktor-orban"],"blocksy_meta":[],"author_username":"api","telegram_post":"","public_post_metadata":{"breaking_news":"yes","important":"no","csempe":"yes","center_tile":"no","disable_thumbnail":"no","target_lang":"","_featured_image_style":"","telegram_post":"","_xlat_group_id":"8a46b4bb-d5b6-43a8-83a8-c60680f817cf"},"public_rank_math_data":{"title":"%title% %sep% %sitename%","description":"","focus_keyword":"Fidesz","canonical_url":"","robots":"","primary_category":"2392","breadcrumb_title":"","facebook_title":"","facebook_description":"","facebook_image":"","facebook_image_id":"","twitter_title":"","twitter_description":"","twitter_image":"","twitter_image_id":"","twitter_card_type":"","twitter_use_facebook":"","advanced_robots":"","pillar_content":"","seo_score":"77","contentai_score":"","rich_snippet":""},"_links":{"self":[{"href":"https:\/\/dailynewshungary.com\/it\/wp-json\/wp\/v2\/posts\/793192","targetHints":{"allow":["GET"]}}],"collection":[{"href":"https:\/\/dailynewshungary.com\/it\/wp-json\/wp\/v2\/posts"}],"about":[{"href":"https:\/\/dailynewshungary.com\/it\/wp-json\/wp\/v2\/types\/post"}],"author":[{"embeddable":true,"href":"https:\/\/dailynewshungary.com\/it\/wp-json\/wp\/v2\/users\/91"}],"replies":[{"embeddable":true,"href":"https:\/\/dailynewshungary.com\/it\/wp-json\/wp\/v2\/comments?post=793192"}],"version-history":[{"count":0,"href":"https:\/\/dailynewshungary.com\/it\/wp-json\/wp\/v2\/posts\/793192\/revisions"}],"wp:featuredmedia":[{"embeddable":true,"href":"https:\/\/dailynewshungary.com\/it\/wp-json\/wp\/v2\/media\/793193"}],"wp:attachment":[{"href":"https:\/\/dailynewshungary.com\/it\/wp-json\/wp\/v2\/media?parent=793192"}],"wp:term":[{"taxonomy":"category","embeddable":true,"href":"https:\/\/dailynewshungary.com\/it\/wp-json\/wp\/v2\/categories?post=793192"},{"taxonomy":"post_tag","embeddable":true,"href":"https:\/\/dailynewshungary.com\/it\/wp-json\/wp\/v2\/tags?post=793192"}],"curies":[{"name":"wp","href":"https:\/\/api.w.org\/{rel}","templated":true}]}}