{"id":793194,"date":"2026-09-04T06:14:00","date_gmt":"2026-09-04T04:14:00","guid":{"rendered":"https:\/\/dailynewshungary.com\/it\/il-primo-ministro-magyar-annuncia-importanti-cambiamenti-ingenti-aumenti-salariali-multe-ambientali-piu-severe-e-modifiche-radicali-alle-concessioni\/"},"modified":"2026-09-04T06:14:00","modified_gmt":"2026-09-04T04:14:00","slug":"il-primo-ministro-magyar-annuncia-importanti-cambiamenti-ingenti-aumenti-salariali-multe-ambientali-piu-severe-e-modifiche-radicali-alle-concessioni","status":"publish","type":"post","link":"https:\/\/dailynewshungary.com\/it\/il-primo-ministro-magyar-annuncia-importanti-cambiamenti-ingenti-aumenti-salariali-multe-ambientali-piu-severe-e-modifiche-radicali-alle-concessioni\/","title":{"rendered":"Il primo ministro Magyar annuncia importanti cambiamenti: ingenti aumenti salariali, multe ambientali pi\u00f9 severe e modifiche radicali alle concessioni"},"content":{"rendered":"\n<p class=\"wp-block-paragraph\"><strong>Il governo ungherese guidato da Magyar ha annunciato un ampio pacchetto di misure sociali, ambientali e istituzionali, tra cui un aumento salariale in due fasi per gli assistenti sociali, prestazioni pi\u00f9 elevate per le persone con capacit\u00e0 lavorativa ridotta, importanti cambiamenti al sistema di tutela dei minori e la creazione di una nuova autorit\u00e0 nazionale per l\u2019ambiente.<\/strong><\/p>\n\n\n\n<p class=\"wp-block-paragraph\">Il primo ministro P\u00e9ter Magyar ha illustrato le decisioni nel corso di una conferenza stampa tenutasi a Budapest, affermando che il governo ha ereditato un bilancio e un sistema sociale gravemente depauperati, ma che intende comunque onorare le promesse elettorali.<\/p>\n\n\n\n<h2 class=\"wp-block-heading\">Prestazioni sociali e salari pi\u00f9 elevati<\/h2>\n\n\n\n<p class=\"wp-block-paragraph\">Gli operatori sociali, compresi gli addetti alla tutela dei minori e il personale che opera nel settore dell\u2019istruzione, riceveranno un aumento salariale del 25% in due fasi. Il primo aumento \u00e8 previsto per met\u00e0 ottobre, seguito da un secondo a partire dal 1\u00b0 gennaio 2027.<\/p>\n\n\n\n<p class=\"wp-block-paragraph\">Le prestazioni per le persone con capacit\u00e0 lavorativa ridotta aumenteranno del 10%, mentre coloro che superano i 65 anni e rientrano in questa categoria riceveranno almeno 120.000 HUF al mese. Si prevede che la misura vada a beneficio di circa 238.000 persone.<\/p>\n\n\n\n<p class=\"wp-block-paragraph\">Il governo prevede inoltre di aumentare la pensione minima da 28.500 HUF a 120.000 HUF a partire da gennaio 2027. Ulteriori misure comprendono la riduzione del prezzo della legna da ardere, il raddoppio dei finanziamenti per il programma sociale di distribuzione della legna da ardere e l\u2019esenzione dall\u2019IVA sui farmaci soggetti a prescrizione medica.<\/p><figure class=\"wp-block-image aligncenter size-full\"><figcaption class=\"wp-element-caption\">\n<\/figcaption><\/figure>\n\n<figure class=\"wp-block-image aligncenter size-full\"><figcaption class=\"wp-element-caption\">\n<\/figcaption><img decoding=\"async\" src=\"https:\/\/dailynewshungary.b-cdn.net\/wp-content\/uploads\/2026\/09\/Peter-Magyar-press-briefing4.webp\" alt=\"P\u00e9ter Magyar press briefing\" class=\"wp-image-705904\"\/><figcaption class=\"wp-element-caption\">P\u00e9ter Magyar e la portavoce del governo Anita K\u00f6b\u00f6l. Foto: MTI<\/figcaption><\/figure>\n\n\n\n<blockquote class=\"wp-block-quote is-layout-flow wp-block-quote-is-layout-flow\">\n<p class=\"has-black-color has-pale-ocean-gradient-background has-text-color has-background has-link-color wp-elements-1 wp-block-paragraph\"><strong>Se ve lo siete perso: <a href=\"https:\/\/dailynewshungary.com\/it\/ultime-notizie-lerasmus-torna-in-ungheria-gli-studenti-universitari-ungheresi-possono-nuovamente-studiare-allestero\/\/\">l\u2019Erasmus torna in Ungheria \u2013 Gli studenti universitari ungheresi possono nuovamente studiare all\u2019estero!<\/a><\/strong><\/p>\n<\/blockquote>\n\n\n\n<h2 class=\"wp-block-heading\">Il sistema di tutela dei minori ricever\u00e0 miliardi<\/h2>\n\n\n\n<p class=\"wp-block-paragraph\">A partire dal 1\u00b0 ottobre, quattro istituti di correzione minorile situati ad Asz\u00f3d, Debrecen, R\u00e1kospalota e Nagykanizsa torneranno a far parte del sistema di tutela dei minori. Il governo stanzier\u00e0 immediatamente 3 miliardi di HUF per il loro potenziamento, con ulteriori 2,5 miliardi di HUF previsti fino al 2028.<\/p>\n\n\n\n<p class=\"wp-block-paragraph\">Il governo non riaprir\u00e0 l\u2019ex istituto di via Sz\u0151l\u0151 a Budapest, che era stato venduto dal governo precedente.<\/p>\n\n\n\n<p class=\"wp-block-paragraph\">\u00c8 inoltre in corso una revisione separata del sistema di tutela dei minori ungherese. Magyar ha affermato che il governo pubblicher\u00e0 relazioni relative a problemi di lunga data, mentre potrebbero essere stanziati ulteriori 10 miliardi di HUF per far fronte alle esigenze pi\u00f9 urgenti del sistema.<\/p><figure class=\"wp-block-image aligncenter size-full\"><figcaption class=\"wp-element-caption\">\n<\/figcaption><\/figure>\n\n<figure class=\"wp-block-image aligncenter size-full\"><figcaption class=\"wp-element-caption\">\n<\/figcaption><img decoding=\"async\" src=\"https:\/\/dailynewshungary.b-cdn.net\/wp-content\/uploads\/2026\/09\/Peter-Magyar-press-briefing2.webp\" alt=\"P\u00e9ter Magyar press briefing\" class=\"wp-image-705902\"\/><figcaption class=\"wp-element-caption\">Foto: MTI<\/figcaption><\/figure>\n\n\n\n<p class=\"has-text-align-center has-black-color has-electric-grass-gradient-background has-text-color has-background has-link-color wp-elements-2 wp-block-paragraph\"><strong>Rimanga aggiornato con il nostro Hungary Weekly Briefing:<\/strong> <strong><a href=\"https:\/\/substack.com\/@thehungaryinsider\" target=\"_blank\" rel=\"noopener\">si abboni su Substack<\/a>!<\/strong><\/p>\n\n\n\n<h2 class=\"wp-block-heading\">In programma una nuova \u201csuper-autorit\u00e0\u201d ambientale<\/h2>\n\n\n\n<p class=\"wp-block-paragraph\">\u00c8 prevista la creazione, a partire dal 1\u00b0 gennaio 2027, di una nuova autorit\u00e0 nazionale indipendente in materia ambientale, che riunir\u00e0 le competenze relative alle questioni ambientali, naturalistiche, climatiche, idriche, di tutela degli animali e forestali.<\/p>\n\n\n\n<p class=\"wp-block-paragraph\">L\u2019autorit\u00e0 eserciterebbe un controllo particolarmente rigoroso sulla produzione, il riciclaggio e lo smaltimento delle batterie. Anche le sanzioni ambientali diventerebbero notevolmente pi\u00f9 severe: la pena massima per le violazioni pi\u00f9 gravi potrebbe salire a 5 miliardi di HUF.<\/p>\n\n\n\n<p class=\"wp-block-paragraph\">\u00c8 previsto inoltre l\u2019applicazione del principio del \u00abtre strike\u00bb per le grandi imprese. Le aziende che violino ripetutamente le norme ambientali potrebbero incorrere in una sanzione minima pari allo 0,5% del proprio fatturato netto annuo, con un minimo di 5 milioni di HUF.<\/p>\n\n\n\n<p class=\"wp-block-paragraph\">Il governo prevede inoltre una profonda riorganizzazione del sistema di gestione dei rifiuti ungherese e ha annunciato finanziamenti per decine di miliardi di fiorini destinati alla piantumazione di milioni di alberi e all\u2019espansione delle foreste entro il 2030.<\/p><figure class=\"wp-block-image aligncenter size-full\"><figcaption class=\"wp-element-caption\">\n<\/figcaption><\/figure>\n\n<figure class=\"wp-block-image aligncenter size-full\"><figcaption class=\"wp-element-caption\">\n<\/figcaption><img decoding=\"async\" src=\"https:\/\/dailynewshungary.b-cdn.net\/wp-content\/uploads\/2026\/09\/Peter-Magyar-press-briefing.webp\" alt=\"P\u00e9ter Magyar press briefing\" class=\"wp-image-705901\"\/><figcaption class=\"wp-element-caption\">Foto: MTI<\/figcaption><\/figure>\n\n\n\n<h2 class=\"wp-block-heading\">Concessioni per casin\u00f2 e tabacchi sotto esame<\/h2>\n\n\n\n<p class=\"wp-block-paragraph\">Il governo sta preparando una radicale ristrutturazione delle concessioni relative al tabacco e ai casin\u00f2 e intende abolire il ruolo di regolamentazione dell\u2019Autorit\u00e0 di vigilanza sulle attivit\u00e0 regolamentate (SZTFH). Magyar ha suggerito che si potrebbe prendere in considerazione la risoluzione degli attuali accordi di concessione, sebbene le decisioni definitive debbano ancora essere prese.<\/p>\n\n\n\n<p class=\"wp-block-paragraph\">Il governo intende inoltre ripristinare l\u2019iscrizione obbligatoria all\u2019Ordine dei medici ungherese per i medici, avviando al contempo un nuovo servizio di consulenza sulla gestione del debito per le famiglie in difficolt\u00e0 finanziaria.<\/p>\n\n\n\n<blockquote class=\"wp-block-quote is-layout-flow wp-block-quote-is-layout-flow\">\n<p class=\"has-black-color has-pale-ocean-gradient-background has-text-color has-background has-link-color wp-elements-3 wp-block-paragraph\"><a href=\"https:\/\/dailynewshungary.com\/it\/la-ministra-degli-esteri-anita-orban-illustra-cio-che-lungheria-si-aspetta-dallucraina-affinche-il-governo-ritiri-il-proprio-veto\/\/\"><strong>La ministra degli Esteri Anita Orb\u00e1n illustra ci\u00f2 che l\u2019Ungheria si aspetta dall\u2019Ucraina affinch\u00e9 il governo revochi il proprio veto<\/strong><\/a><\/p>\n<\/blockquote>\n\n\n\n<h2 class=\"wp-block-heading\">Altre decisioni di rilievo<\/h2>\n\n\n\n<p class=\"wp-block-paragraph\">Il governo continuer\u00e0 a garantire protezione temporanea in Ungheria agli uomini in et\u00e0 militare in fuga dalla guerra tra Russia e Ucraina, nonostante la recente decisione dell\u2019UE in merito. Intende inoltre riesaminare i procedimenti penali di lunga durata, prepararsi alla completa nazionalizzazione del sistema di esecuzione delle sentenze e ampliare il contributo ungherese in termini di riserve alla missione di mantenimento della pace EUFOR Althea in Bosnia-Erzegovina.<\/p>\n\n\n\n<p class=\"wp-block-paragraph\">Nel frattempo, Magyar ha affermato che la diga di recente costruzione presso la centrale nucleare di Paks sta mantenendo livelli idrici sufficienti, consentendo all\u2019impianto di funzionare quasi a piena capacit\u00e0. Il governo sta inoltre chiedendo un risarcimento all\u2019Austria per la pietra contaminata da amianto trasportata in Ungheria e prosegue i negoziati con Bruxelles in merito alla sanzione di 1 milione di euro al giorno inflitta dall\u2019UE in materia di migrazione.<\/p>\n","protected":false},"excerpt":{"rendered":"<p>Il governo ungherese guidato da Magyar ha annunciato un ampio pacchetto di misure sociali, ambientali e istituzionali, tra cui un aumento salariale in due fasi per gli assistenti sociali, prestazioni pi\u00f9 elevate per le persone con capacit\u00e0 lavorativa ridotta, importanti cambiamenti al sistema di tutela dei minori e la creazione di una nuova autorit\u00e0 nazionale [&hellip;]<\/p>\n","protected":false},"author":62,"featured_media":793195,"comment_status":"open","ping_status":"open","sticky":false,"template":"","format":"standard","meta":{"_display_image":"","footnotes":""},"categories":[1185],"tags":[1290,1385,1158,2676,2617,1079,2612,2639,1069],"class_list":["post-793194","post","type-post","status-publish","format-standard","has-post-thumbnail","hentry","category-politica-in-ungheria","tag-ambiente","tag-bambini","tag-budapest","tag-categoria-politica-ungherese-2","tag-governo-magyar","tag-governo-ungherese","tag-peter-magyar","tag-stipendio","tag-ungheria"],"blocksy_meta":[],"author_username":"hmercedesz","telegram_post":"","public_post_metadata":{"breaking_news":"yes","important":"no","csempe":"yes","center_tile":"no","disable_thumbnail":"no","target_lang":"","_featured_image_style":"","telegram_post":"","_xlat_group_id":"9e3149cf-f292-43c1-abe2-fd1c188aa321"},"public_rank_math_data":{"title":"%title% %sep% %sitename%","description":"","focus_keyword":"Magyar","canonical_url":"","robots":"","primary_category":"1185","breadcrumb_title":"","facebook_title":"","facebook_description":"","facebook_image":"","facebook_image_id":"","twitter_title":"","twitter_description":"","twitter_image":"","twitter_image_id":"","twitter_card_type":"","twitter_use_facebook":"","advanced_robots":"","pillar_content":"","seo_score":"84","contentai_score":"","rich_snippet":""},"_links":{"self":[{"href":"https:\/\/dailynewshungary.com\/it\/wp-json\/wp\/v2\/posts\/793194","targetHints":{"allow":["GET"]}}],"collection":[{"href":"https:\/\/dailynewshungary.com\/it\/wp-json\/wp\/v2\/posts"}],"about":[{"href":"https:\/\/dailynewshungary.com\/it\/wp-json\/wp\/v2\/types\/post"}],"author":[{"embeddable":true,"href":"https:\/\/dailynewshungary.com\/it\/wp-json\/wp\/v2\/users\/62"}],"replies":[{"embeddable":true,"href":"https:\/\/dailynewshungary.com\/it\/wp-json\/wp\/v2\/comments?post=793194"}],"version-history":[{"count":0,"href":"https:\/\/dailynewshungary.com\/it\/wp-json\/wp\/v2\/posts\/793194\/revisions"}],"wp:featuredmedia":[{"embeddable":true,"href":"https:\/\/dailynewshungary.com\/it\/wp-json\/wp\/v2\/media\/793195"}],"wp:attachment":[{"href":"https:\/\/dailynewshungary.com\/it\/wp-json\/wp\/v2\/media?parent=793194"}],"wp:term":[{"taxonomy":"category","embeddable":true,"href":"https:\/\/dailynewshungary.com\/it\/wp-json\/wp\/v2\/categories?post=793194"},{"taxonomy":"post_tag","embeddable":true,"href":"https:\/\/dailynewshungary.com\/it\/wp-json\/wp\/v2\/tags?post=793194"}],"curies":[{"name":"wp","href":"https:\/\/api.w.org\/{rel}","templated":true}]}}