{"id":793200,"date":"2026-09-04T09:54:00","date_gmt":"2026-09-04T07:54:00","guid":{"rendered":"https:\/\/dailynewshungary.com\/it\/tragedia-presso-la-sede-centrale-del-servizio-ambulanze-ungherese-un-dipendente-muore-dopo-una-caduta-dal-settimo-piano\/"},"modified":"2026-09-04T09:54:00","modified_gmt":"2026-09-04T07:54:00","slug":"tragedia-presso-la-sede-centrale-del-servizio-ambulanze-ungherese-un-dipendente-muore-dopo-una-caduta-dal-settimo-piano","status":"publish","type":"post","link":"https:\/\/dailynewshungary.com\/it\/tragedia-presso-la-sede-centrale-del-servizio-ambulanze-ungherese-un-dipendente-muore-dopo-una-caduta-dal-settimo-piano\/","title":{"rendered":"Tragedia presso la sede centrale del Servizio Ambulanze ungherese: un dipendente muore dopo una caduta dal settimo piano"},"content":{"rendered":"\n<p class=\"wp-block-paragraph\"><strong>Un dipendente della sede centrale del Servizio Nazionale di Ambulanza ungherese \u00e8 deceduto in seguito a una caduta dal settimo piano dell\u2019edificio a Budapest. La polizia afferma che al momento non sussistono sospetti di reato, mentre sono in corso indagini sulle circostanze dell\u2019incidente mortale.<\/strong><\/p>\n\n\n\n<p class=\"wp-block-paragraph\">Gioved\u00ec si \u00e8 verificato un tragico incidente presso la sede centrale del Servizio Nazionale di Ambulanza ungherese (OMSZ), quando uno dei dipendenti dell\u2019organizzazione \u00e8 caduto dal settimo piano dell\u2019edificio ed \u00e8 deceduto.<\/p>\n\n\n\n<p class=\"wp-block-paragraph\">La notizia \u00e8 stata riportata per prima da <a href=\"https:\/\/www.atv.hu\/belfold\/20260903\/kizuhant-mentoszekhaz-dolgozo\/\" target=\"_blank\" rel=\"noopener\">ATV<\/a>, che ha contattato il Servizio Nazionale di Ambulanza per ottenere informazioni. L\u2019organizzazione ha confermato il decesso, ma ha precisato che le circostanze esatte sono ancora oggetto di indagine.<\/p>\n\n\n\n<blockquote class=\"wp-block-quote is-layout-flow wp-block-quote-is-layout-flow\">\n<p class=\"wp-block-paragraph\">\u00abLe circostanze dell\u2019incidente sono attualmente oggetto di accertamento. Il Servizio Nazionale di Ambulanza \u00e8 al fianco della famiglia del nostro collega deceduto e della comunit\u00e0 del servizio di ambulanza, e fornir\u00e0 loro tutto il sostegno necessario\u00bb.<\/p>\n<\/blockquote>\n\n\n\n<p class=\"wp-block-paragraph\">L\u2019organizzazione non ha fornito ulteriori dettagli su quanto accaduto prima della caduta mortale.<\/p>\n\n\n\n<h2 class=\"wp-block-heading\">La polizia esclude per il momento l\u2019ipotesi di un atto doloso<\/h2>\n\n\n\n<p class=\"wp-block-paragraph\">Il Quartier Generale della Polizia di Budapest (BRFK) ha dichiarato <a href=\"https:\/\/telex.hu\/belfold\/2026\/09\/04\/mentoszekhaz-hetedik-emelet-baleset\" target=\"_blank\" rel=\"noopener\">a Telex<\/a> che al momento non sussistono sospetti di reato in relazione al decesso. La polizia sta indagando sulle circostanze dell\u2019incidente nell\u2019ambito di un procedimento amministrativo. In questa fase non sono stati resi noti ulteriori dettagli.<\/p>\n\n\n\n<p class=\"wp-block-paragraph\">Non \u00e8 quindi ancora noto se il decesso sia stato causato da un incidente o se altre circostanze abbiano contribuito alla caduta mortale. Il Servizio Nazionale di Ambulanza ha nel frattempo espresso il proprio sostegno alla famiglia e ai colleghi del dipendente deceduto a seguito della tragedia.<\/p>\n\n\n\n<blockquote class=\"wp-block-quote is-layout-flow wp-block-quote-is-layout-flow\">\n<p class=\"has-black-color has-pale-ocean-gradient-background has-text-color has-background has-link-color wp-elements-1 wp-block-paragraph\"><a href=\"https:\/\/dailynewshungary.com\/it\/un-scalatore-industriale-muore-dopo-essere-caduto-dal-tetto-di-un-edificio-governativo-ungherese\/\/\"><strong>Un alpinista industriale muore dopo essere caduto dal tetto di un edificio governativo ungherese<\/strong><\/a><\/p>\n<\/blockquote>\n\n\n\n<h2 class=\"wp-block-heading\">Le indagini proseguono<\/h2>\n\n\n\n<p class=\"wp-block-paragraph\">Si prevede che le autorit\u00e0 chiariscano le circostanze esatte dell\u2019incidente man mano che le indagini procedono. Per il momento, i funzionari non hanno fornito alcuna informazione su quanto accaduto immediatamente prima che il dipendente cadesse dal settimo piano.<\/p>\n\n\n\n<p class=\"wp-block-paragraph\">Purtroppo, questo non \u00e8 stato il primo incidente mortale verificatosi di recente. La scorsa settimana, un <a href=\"https:\/\/dailynewshungary.com\/it\/tragedia-in-ungheria-un-bambino-di-sette-anni-muore-dopo-essere-caduto-da-un-appartamento-al-decimo-piano\/\/\">bambino di sette anni \u00e8 deceduto<\/a> in seguito a una caduta dal decimo piano di un condominio a Szeged. Anche in quel caso la polizia sta indagando sulle circostanze dell\u2019incidente. Le indagini relative al decesso avvenuto presso la sede centrale del Servizio Nazionale di Ambulanza sono tuttora in corso.<\/p>\n","protected":false},"excerpt":{"rendered":"<p>Un dipendente della sede centrale del Servizio Nazionale di Ambulanza ungherese \u00e8 deceduto in seguito a una caduta dal settimo piano dell\u2019edificio a Budapest. La polizia afferma che al momento non sussistono sospetti di reato, mentre sono in corso indagini sulle circostanze dell\u2019incidente mortale. Gioved\u00ec si \u00e8 verificato un tragico incidente presso la sede centrale [&hellip;]<\/p>\n","protected":false},"author":62,"featured_media":793201,"comment_status":"open","ping_status":"open","sticky":false,"template":"","format":"standard","meta":{"_display_image":"","footnotes":""},"categories":[2443],"tags":[1158,2872,1115,1123,1069],"class_list":["post-793200","post","type-post","status-publish","format-standard","has-post-thumbnail","hentry","category-life","tag-budapest","tag-categoria-incidente-2","tag-polizia","tag-polizia-ungherese","tag-ungheria"],"blocksy_meta":[],"author_username":"hmercedesz","telegram_post":"","public_post_metadata":{"breaking_news":"yes","important":"no","csempe":"yes","center_tile":"no","disable_thumbnail":"no","target_lang":"","_featured_image_style":"","telegram_post":"","_xlat_group_id":"199afcf1-1702-40f7-ad95-14e8aa283ab0"},"public_rank_math_data":{"title":"%title% %sep% %sitename%","description":"","focus_keyword":"ambulanza","canonical_url":"","robots":"","primary_category":"2443","breadcrumb_title":"","facebook_title":"","facebook_description":"","facebook_image":"","facebook_image_id":"","twitter_title":"","twitter_description":"","twitter_image":"","twitter_image_id":"","twitter_card_type":"","twitter_use_facebook":"","advanced_robots":"","pillar_content":"","seo_score":"81","contentai_score":"","rich_snippet":""},"_links":{"self":[{"href":"https:\/\/dailynewshungary.com\/it\/wp-json\/wp\/v2\/posts\/793200","targetHints":{"allow":["GET"]}}],"collection":[{"href":"https:\/\/dailynewshungary.com\/it\/wp-json\/wp\/v2\/posts"}],"about":[{"href":"https:\/\/dailynewshungary.com\/it\/wp-json\/wp\/v2\/types\/post"}],"author":[{"embeddable":true,"href":"https:\/\/dailynewshungary.com\/it\/wp-json\/wp\/v2\/users\/62"}],"replies":[{"embeddable":true,"href":"https:\/\/dailynewshungary.com\/it\/wp-json\/wp\/v2\/comments?post=793200"}],"version-history":[{"count":0,"href":"https:\/\/dailynewshungary.com\/it\/wp-json\/wp\/v2\/posts\/793200\/revisions"}],"wp:featuredmedia":[{"embeddable":true,"href":"https:\/\/dailynewshungary.com\/it\/wp-json\/wp\/v2\/media\/793201"}],"wp:attachment":[{"href":"https:\/\/dailynewshungary.com\/it\/wp-json\/wp\/v2\/media?parent=793200"}],"wp:term":[{"taxonomy":"category","embeddable":true,"href":"https:\/\/dailynewshungary.com\/it\/wp-json\/wp\/v2\/categories?post=793200"},{"taxonomy":"post_tag","embeddable":true,"href":"https:\/\/dailynewshungary.com\/it\/wp-json\/wp\/v2\/tags?post=793200"}],"curies":[{"name":"wp","href":"https:\/\/api.w.org\/{rel}","templated":true}]}}