{"id":793210,"date":"2026-09-04T16:34:00","date_gmt":"2026-09-04T14:34:00","guid":{"rendered":"https:\/\/dailynewshungary.com\/it\/questo-e-inaccettabile-il-primo-ministro-magyar-sfida-la-decisione-dellue-sugli-uomini-ucraini-in-eta-di-leva-in-fuga-dalla-guerra\/"},"modified":"2026-09-04T16:34:00","modified_gmt":"2026-09-04T14:34:00","slug":"questo-e-inaccettabile-il-primo-ministro-magyar-sfida-la-decisione-dellue-sugli-uomini-ucraini-in-eta-di-leva-in-fuga-dalla-guerra","status":"publish","type":"post","link":"https:\/\/dailynewshungary.com\/it\/questo-e-inaccettabile-il-primo-ministro-magyar-sfida-la-decisione-dellue-sugli-uomini-ucraini-in-eta-di-leva-in-fuga-dalla-guerra\/","title":{"rendered":"\u00abQuesto \u00e8 inaccettabile\u00bb: il primo ministro Magyar sfida la decisione dell\u2019UE sugli uomini ucraini in et\u00e0 di leva in fuga dalla guerra"},"content":{"rendered":"\n<p class=\"wp-block-paragraph\"><strong>Il primo ministro P\u00e9ter Magyar afferma che l\u2019Ungheria continuer\u00e0 a concedere protezione temporanea agli uomini in et\u00e0 di leva in fuga dalla guerra tra Russia e Ucraina, nonostante la recente decisione dell\u2019UE di porre fine a tale protezione.<\/strong><\/p>\n\n\n\n<h2 class=\"wp-block-heading\">L\u2019Ungheria continuer\u00e0 a offrire protezione<\/h2>\n\n\n\n<p class=\"wp-block-paragraph\">L\u2019Ungheria continuer\u00e0 a concedere protezione temporanea agli uomini in et\u00e0 di leva in fuga dalla guerra tra Russia e Ucraina, ha annunciato gioved\u00ec a Budapest il primo ministro P\u00e9ter Magyar.<\/p>\n\n\n\n<p class=\"wp-block-paragraph\">Intervenendo in occasione di una <a href=\"https:\/\/dailynewshungary.com\/it\/il-primo-ministro-magyar-annuncia-importanti-cambiamenti-ingenti-aumenti-salariali-multe-ambientali-piu-severe-e-modifiche-radicali-alle-concessioni\/\/\">conferenza stampa del governo<\/a>, Magyar ha ricordato che l\u2019Unione Europea ha recentemente deciso \u2013 con l\u2019Ungheria che ha votato contro la misura \u2013 che gli uomini in et\u00e0 di leva in fuga dalla guerra non dovrebbero pi\u00f9 avere diritto alla protezione temporanea.<\/p>\n\n\n\n<p class=\"wp-block-paragraph\">Tuttavia, mercoled\u00ec il governo ungherese ha deciso che l\u2019Ungheria continuer\u00e0 a riservarsi il diritto di concedere protezione temporanea a tali persone che arrivano nel Paese.<\/p>\n\n\n\n<p class=\"wp-block-paragraph\">Magyar ha affermato che la decisione \u00e8 particolarmente importante, dato che un numero crescente di persone appartenenti a questa categoria sta arrivando dalla Transcarpazia, dove \u00e8 concentrata la comunit\u00e0 ungherese di etnia ungherese.<\/p>\n\n\n\n<blockquote class=\"wp-block-quote is-layout-flow wp-block-quote-is-layout-flow\">\n<p class=\"wp-block-paragraph\">\u00abL\u2019Ungheria agir\u00e0 in modo diverso e fornir\u00e0 assistenza a chi ne ha bisogno\u00bb, ha affermato Magyar.<\/p>\n<\/blockquote>\n\n\n\n<p class=\"wp-block-paragraph\"><strong>Ne avete sentito parlare? <a href=\"https:\/\/dailynewshungary.com\/it\/lucraina-compie-un-gesto-di-grande-rilievo-nei-confronti-dellungheria-condannando-ufficialmente-le-atrocita-sovietiche-contro-gli-ungheresi-della-transcarpazia\/\/\">L\u2019Ucraina ha compiuto un gesto significativo nei confronti dell\u2019Ungheria, condannando ufficialmente le atrocit\u00e0 sovietiche commesse contro gli ungheresi della Transcarpazia<\/a><\/strong><\/p>\n\n\n\n<h2 class=\"wp-block-heading\">Magyar definisce \u00abinaccettabile\u00bb la decisione dell\u2019UE<\/h2>\n\n\n\n<p class=\"wp-block-paragraph\">Il primo ministro ungherese ha affermato di aver sollevato la questione con diversi leader dell\u2019UE e di averne discusso anche <a href=\"https:\/\/dailynewshungary.com\/it\/il-primo-ministro-magyar-incontra-costa-e-pone-le-condizioni-per-il-sostegno-al-prossimo-bilancio-settennale-dellue\/\/\">mercoled\u00ec<\/a> con il presidente del Consiglio europeo <a href=\"https:\/\/dailynewshungary.com\/it\/il-primo-ministro-magyar-incontra-costa-e-pone-le-condizioni-per-il-sostegno-al-prossimo-bilancio-settennale-dellue\/\/\">Ant\u00f3nio Costa<\/a>. Magyar ha definito la decisione dell\u2019UE \u00abindegna e inaccettabile\u00bb, sostenendo che di fatto non lascia agli uomini in fuga dalla guerra altra alternativa se non quella di rimanere in un paese in guerra.<\/p>\n\n\n\n<blockquote class=\"wp-block-quote is-layout-flow wp-block-quote-is-layout-flow\">\n<p class=\"wp-block-paragraph\">L\u2019Ungheria intende pertanto mantenere la propria linea di condotta e continuare a fornire protezione agli uomini in et\u00e0 di leva che soddisfano i requisiti e che fuggono dall\u2019Ucraina.<\/p>\n<\/blockquote>\n\n\n\n<p class=\"wp-block-paragraph\"><strong>Se ve lo siete perso: <a href=\"https:\/\/dailynewshungary.com\/it\/lungheria-rischia-una-multa-di-1-milione-di-euro-al-giorno-per-la-migrazione-bruxelles-risponde-allappello-del-primo-ministro-magyar\/\/\">L\u2019Ungheria rischia una multa di 1 milione di euro al giorno in materia di migrazione: Bruxelles risponde all\u2019appello del primo ministro Magyar<\/a><\/strong><\/p>\n\n\n\n<h2 class=\"wp-block-heading\">La decisione potrebbe avere ripercussioni in particolare sugli ungheresi della Transcarpazia<\/h2>\n\n\n\n<p class=\"wp-block-paragraph\">Il governo ungherese ha ripetutamente sottolineato la situazione della comunit\u00e0 di etnia ungherese in Transcarpazia, nell\u2019Ucraina occidentale, nel corso delle discussioni sulla guerra e sui rapporti dell\u2019Ucraina con l\u2019UE.<\/p>\n\n\n\n<p class=\"wp-block-paragraph\">Secondo <a href=\"https:\/\/www.facebook.com\/peter.magyar.102?locale=hu_HU\" target=\"_blank\" rel=\"noopener\">Magyar<\/a>, la decisione di mantenere la facolt\u00e0 dell\u2019Ungheria di concedere protezione temporanea \u00e8 in parte volta a garantire che gli ungheresi della Transcarpazia in fuga dal conflitto possano continuare a ricevere assistenza e protezione in Ungheria.<\/p>\n\n\n\n<p class=\"wp-block-paragraph\">La mossa giunge in un momento di disaccordo tra Budapest e Bruxelles in materia di migrazione, Ucraina e futuro dell\u2019approccio dell\u2019UE alla guerra. Per il momento, l\u2019Ungheria ha chiarito che non seguir\u00e0 automaticamente l\u2019ultimo orientamento dell\u2019UE per quanto riguarda gli uomini in et\u00e0 di leva in fuga dal conflitto.<\/p>\n","protected":false},"excerpt":{"rendered":"<p>Il primo ministro P\u00e9ter Magyar afferma che l\u2019Ungheria continuer\u00e0 a concedere protezione temporanea agli uomini in et\u00e0 di leva in fuga dalla guerra tra Russia e Ucraina, nonostante la recente decisione dell\u2019UE di porre fine a tale protezione. L\u2019Ungheria continuer\u00e0 a offrire protezione L\u2019Ungheria continuer\u00e0 a concedere protezione temporanea agli uomini in et\u00e0 di leva [&hellip;]<\/p>\n","protected":false},"author":62,"featured_media":793211,"comment_status":"open","ping_status":"open","sticky":false,"template":"","format":"standard","meta":{"_display_image":"","footnotes":""},"categories":[1185],"tags":[2759,2731,2617,1079,1077,2612,1081,1069,1075],"class_list":["post-793210","post","type-post","status-publish","format-standard","has-post-thumbnail","hentry","category-politica-in-ungheria","tag-categoria-relazioni-con-lue-3","tag-forze-armate","tag-governo-magyar","tag-governo-ungherese","tag-guerra-in-ucraina","tag-peter-magyar","tag-ucraina","tag-ungheria","tag-unione-europea"],"blocksy_meta":[],"author_username":"hmercedesz","telegram_post":"","public_post_metadata":{"breaking_news":"yes","important":"no","csempe":"yes","center_tile":"no","disable_thumbnail":"no","target_lang":"","_featured_image_style":"","telegram_post":"","_xlat_group_id":"8f4ec48c-a8bf-4337-9345-23921939fe81"},"public_rank_math_data":{"title":"%title% %sep% %sitename%","description":"","focus_keyword":"magyar","canonical_url":"","robots":"","primary_category":"1185","breadcrumb_title":"","facebook_title":"","facebook_description":"","facebook_image":"","facebook_image_id":"","twitter_title":"","twitter_description":"","twitter_image":"","twitter_image_id":"","twitter_card_type":"","twitter_use_facebook":"","advanced_robots":"","pillar_content":"","seo_score":"75","contentai_score":"","rich_snippet":""},"_links":{"self":[{"href":"https:\/\/dailynewshungary.com\/it\/wp-json\/wp\/v2\/posts\/793210","targetHints":{"allow":["GET"]}}],"collection":[{"href":"https:\/\/dailynewshungary.com\/it\/wp-json\/wp\/v2\/posts"}],"about":[{"href":"https:\/\/dailynewshungary.com\/it\/wp-json\/wp\/v2\/types\/post"}],"author":[{"embeddable":true,"href":"https:\/\/dailynewshungary.com\/it\/wp-json\/wp\/v2\/users\/62"}],"replies":[{"embeddable":true,"href":"https:\/\/dailynewshungary.com\/it\/wp-json\/wp\/v2\/comments?post=793210"}],"version-history":[{"count":0,"href":"https:\/\/dailynewshungary.com\/it\/wp-json\/wp\/v2\/posts\/793210\/revisions"}],"wp:featuredmedia":[{"embeddable":true,"href":"https:\/\/dailynewshungary.com\/it\/wp-json\/wp\/v2\/media\/793211"}],"wp:attachment":[{"href":"https:\/\/dailynewshungary.com\/it\/wp-json\/wp\/v2\/media?parent=793210"}],"wp:term":[{"taxonomy":"category","embeddable":true,"href":"https:\/\/dailynewshungary.com\/it\/wp-json\/wp\/v2\/categories?post=793210"},{"taxonomy":"post_tag","embeddable":true,"href":"https:\/\/dailynewshungary.com\/it\/wp-json\/wp\/v2\/tags?post=793210"}],"curies":[{"name":"wp","href":"https:\/\/api.w.org\/{rel}","templated":true}]}}