{"id":793212,"date":"2026-09-04T17:54:00","date_gmt":"2026-09-04T15:54:00","guid":{"rendered":"https:\/\/dailynewshungary.com\/it\/non-stiamo-spendendo-denaro-pubblico-per-la-propaganda-il-governo-magiaro-taglia-i-finanziamenti-a-mandiner-testata-vicina-al-governo-orban\/"},"modified":"2026-09-04T17:54:00","modified_gmt":"2026-09-04T15:54:00","slug":"non-stiamo-spendendo-denaro-pubblico-per-la-propaganda-il-governo-magiaro-taglia-i-finanziamenti-a-mandiner-testata-vicina-al-governo-orban","status":"publish","type":"post","link":"https:\/\/dailynewshungary.com\/it\/non-stiamo-spendendo-denaro-pubblico-per-la-propaganda-il-governo-magiaro-taglia-i-finanziamenti-a-mandiner-testata-vicina-al-governo-orban\/","title":{"rendered":"\u00abNon stiamo spendendo denaro pubblico per la propaganda\u00bb: il governo magiaro taglia i finanziamenti a Mandiner, testata vicina al governo Orb\u00e1n"},"content":{"rendered":"\n<p class=\"wp-block-paragraph\"><strong>L\u2019amministratore delegato della societ\u00e0 editrice del quotidiano Mandiner \u00e8 stato destituito su ordine del ministro delle Finanze, ha dichiarato venerd\u00ec su Facebook il primo ministro P\u00e9ter Magyar.<\/strong><\/p>\n\n\n\n<p class=\"wp-block-paragraph\">\u00abA partire da oggi, tutti i finanziamenti destinati a questo giornale di propaganda menzognero saranno interrotti\u00bb, ha aggiunto Magyar. Il ministro delle Finanze <a href=\"https:\/\/www.facebook.com\/karmanandras\/posts\/pfbid0ZYSEEBrgoUwGTLwzUumWn526hUkefRrimWZ6z3VVpJGMr7uPJaymwwqxvoW6W2L7l?locale=hu_HU\" target=\"_blank\" rel=\"noopener\">Andr\u00e1s K\u00e1rm\u00e1n ha dichiarato<\/a> su Facebook, in seguito <a href=\"https:\/\/www.facebook.com\/peter.magyar.102\/posts\/pfbid0kf6vvY4Jy9Srm7aJZC1uZB3se8GsPyFe9F9Es1sYwXiAbVHFbx9juivQDnVY3iQVl?locale=hu_HU\" target=\"_blank\" rel=\"noopener\">al post di Magyar<\/a>, che \u00abnon stiamo spendendo il denaro del popolo ungherese per la propaganda\u00bb.<\/p>\n\n\n\n<p class=\"wp-block-paragraph\">\u00abC\u2019\u00e8 un posto e una ragione per l\u2019esistenza del giornalismo di qualit\u00e0, ma non ce n\u2019\u00e8 alcuna per la propaganda finanziata con denaro pubblico\u00bb, ha aggiunto.<\/p>\n\n\n\n<p class=\"wp-block-paragraph\">K\u00e1rm\u00e1n ha inoltre affermato che il governo ha completamente riorganizzato i media pubblici, il cui ruolo \u00e8 quello di fornire una copertura credibile e informativa \u2014 anche qualora questa contenga informazioni scomode per il governo in carica \u2014, piuttosto che soddisfare le esigenze dell\u2019attuale leadership politica.<\/p>\n\n\n\n<blockquote class=\"wp-block-quote is-layout-flow wp-block-quote-is-layout-flow\">\n<p class=\"wp-block-paragraph\"><strong>Se ve lo siete perso: <a href=\"https:\/\/dailynewshungary.com\/it\/lungheria-rende-pubblici-i-dati-sulle-infezioni-ospedaliere-scopra-quali-ospedali-registrano-il-maggior-numero-di-casi\/\/\">L\u2019Ungheria rende pubblici i dati sulle infezioni ospedaliere: scoprite quali ospedali registrano il maggior numero di casi<\/a><\/strong><\/p>\n<\/blockquote>\n\n\n\n<p class=\"wp-block-paragraph\">Il periodo successivo al cambio di governo ha dimostrato che alcuni operatori di mercato erano riusciti a operare esclusivamente perch\u00e9 l\u2019allora partito al governo, in modo sofisticato, li ricompensava con fondi pubblici per diffondere i messaggi a esso graditi, ha affermato il ministro.<\/p>\n\n\n\n<p class=\"wp-block-paragraph\">Nel giro di sei mesi lo scorso anno, <a href=\"https:\/\/mandiner.hu\/\" target=\"_blank\" rel=\"noopener\">Mandiner<\/a> si \u00e8 assicurata quasi 400 milioni di forint (1,1 milioni di euro) in pubblicit\u00e0 statale, cifra che, proiettata su un intero anno, ammonta a quasi 800 milioni di forint, ha dichiarato Karman. Hanno ricevuto ulteriori 1,1 miliardi di fiorini in finanziamenti dalla Fondazione Mathias Corvinus Collegium (MCC), \u00abma nonostante tutto questo denaro gratuito, sono comunque riusciti ad accumulare un deficit di 1,1 miliardi di fiorini lo scorso anno\u00bb, ha aggiunto.<\/p>\n\n\n\n<p class=\"wp-block-paragraph\">\u00abStiamo destinando i fondi pubblici risparmiati sulla propaganda a beneficio del popolo ungherese e dell\u2019economia\u00bb, ha affermato. \u00abCi\u00f2 si tradurr\u00e0 in una riduzione dell\u2019IVA, in sussidi per il rientro a scuola, in un aumento delle pensioni e, in ultima analisi, in un\u2019Ungheria funzionante e a misura d\u2019uomo\u00bb.<\/p>\n\n\n\n<p class=\"has-text-align-center has-black-color has-electric-grass-gradient-background has-text-color has-background has-link-color wp-elements-1 wp-block-paragraph\"><strong>Rimanga aggiornato con il nostro Hungary Weekly Briefing: <a href=\"https:\/\/substack.com\/@thehungaryinsider\" target=\"_blank\" rel=\"noopener\">si abboni su Substack<\/a>!<\/strong><\/p>\n","protected":false},"excerpt":{"rendered":"<p>L\u2019amministratore delegato della societ\u00e0 editrice del quotidiano Mandiner \u00e8 stato destituito su ordine del ministro delle Finanze, ha dichiarato venerd\u00ec su Facebook il primo ministro P\u00e9ter Magyar. \u00abA partire da oggi, tutti i finanziamenti destinati a questo giornale di propaganda menzognero saranno interrotti\u00bb, ha aggiunto Magyar. Il ministro delle Finanze Andr\u00e1s K\u00e1rm\u00e1n ha dichiarato su [&hellip;]<\/p>\n","protected":false},"author":33,"featured_media":793213,"comment_status":"open","ping_status":"open","sticky":false,"template":"","format":"standard","meta":{"_display_image":"","footnotes":""},"categories":[1185],"tags":[2676,2616,2619,1079,1069],"class_list":["post-793212","post","type-post","status-publish","format-standard","has-post-thumbnail","hentry","category-politica-in-ungheria","tag-categoria-politica-ungherese-2","tag-governo-magiaro","tag-governo-orban","tag-governo-ungherese","tag-ungheria"],"blocksy_meta":[],"author_username":"ugyelet","telegram_post":"","public_post_metadata":{"breaking_news":"yes","important":"no","csempe":"yes","center_tile":"no","disable_thumbnail":"no","target_lang":"","_featured_image_style":"","telegram_post":"","_xlat_group_id":"5994d674-4859-41d2-997f-4b099e44129c"},"public_rank_math_data":{"title":"%title% %sep% %sitename%","description":"","focus_keyword":"magyar","canonical_url":"","robots":"","primary_category":"1185","breadcrumb_title":"","facebook_title":"","facebook_description":"","facebook_image":"","facebook_image_id":"","twitter_title":"","twitter_description":"","twitter_image":"","twitter_image_id":"","twitter_card_type":"","twitter_use_facebook":"","advanced_robots":"","pillar_content":"","seo_score":"72","contentai_score":"","rich_snippet":""},"_links":{"self":[{"href":"https:\/\/dailynewshungary.com\/it\/wp-json\/wp\/v2\/posts\/793212","targetHints":{"allow":["GET"]}}],"collection":[{"href":"https:\/\/dailynewshungary.com\/it\/wp-json\/wp\/v2\/posts"}],"about":[{"href":"https:\/\/dailynewshungary.com\/it\/wp-json\/wp\/v2\/types\/post"}],"author":[{"embeddable":true,"href":"https:\/\/dailynewshungary.com\/it\/wp-json\/wp\/v2\/users\/33"}],"replies":[{"embeddable":true,"href":"https:\/\/dailynewshungary.com\/it\/wp-json\/wp\/v2\/comments?post=793212"}],"version-history":[{"count":0,"href":"https:\/\/dailynewshungary.com\/it\/wp-json\/wp\/v2\/posts\/793212\/revisions"}],"wp:featuredmedia":[{"embeddable":true,"href":"https:\/\/dailynewshungary.com\/it\/wp-json\/wp\/v2\/media\/793213"}],"wp:attachment":[{"href":"https:\/\/dailynewshungary.com\/it\/wp-json\/wp\/v2\/media?parent=793212"}],"wp:term":[{"taxonomy":"category","embeddable":true,"href":"https:\/\/dailynewshungary.com\/it\/wp-json\/wp\/v2\/categories?post=793212"},{"taxonomy":"post_tag","embeddable":true,"href":"https:\/\/dailynewshungary.com\/it\/wp-json\/wp\/v2\/tags?post=793212"}],"curies":[{"name":"wp","href":"https:\/\/api.w.org\/{rel}","templated":true}]}}