{"id":793214,"date":"2026-09-04T19:04:00","date_gmt":"2026-09-04T17:04:00","guid":{"rendered":"https:\/\/dailynewshungary.com\/it\/uomo-straniero-di-25-anni-disperso-dopo-aver-lasciato-un-locale-notturno-di-budapest\/"},"modified":"2026-09-04T19:04:00","modified_gmt":"2026-09-04T17:04:00","slug":"uomo-straniero-di-25-anni-disperso-dopo-aver-lasciato-un-locale-notturno-di-budapest","status":"publish","type":"post","link":"https:\/\/dailynewshungary.com\/it\/uomo-straniero-di-25-anni-disperso-dopo-aver-lasciato-un-locale-notturno-di-budapest\/","title":{"rendered":"Uomo straniero di 25 anni disperso dopo aver lasciato un locale notturno di Budapest"},"content":{"rendered":"\n<p class=\"wp-block-paragraph\"><strong>La polizia di Budapest sta cercando con urgenza il venticinquenne Jorgensen Felix Svane, scomparso dopo aver lasciato un locale notturno nel 7\u00b0 distretto della citt\u00e0 nelle prime ore di gioved\u00ec 3 settembre.<\/strong><\/p>\n\n\n\n<h2 class=\"wp-block-heading\">La polizia diffonde la descrizione dell\u2019uomo scomparso<\/h2>\n\n\n\n<p class=\"wp-block-paragraph\">Secondo le informazioni in possesso della polizia, il giovane ha lasciato il locale intorno all\u2019una di notte e si \u00e8 recato in una destinazione sconosciuta. Da allora non si hanno pi\u00f9 sue notizie. Il caso \u00e8 oggetto di indagine da parte del Dipartimento di Polizia del 7\u00b0 Distretto del Quartier Generale della Polizia di Budapest, che si rivolge alla popolazione per ottenere qualsiasi informazione che possa aiutare a stabilirne l\u2019ubicazione.<\/p>\n\n\n\n<p class=\"wp-block-paragraph\">Jorgensen Felix Svane \u00e8 alto circa 182 centimetri e di corporatura media. Ha capelli castani corti e mossi, occhi azzurri e i baffi. La polizia riferisce che presenta un segno distintivo: una cicatrice chirurgica sulla nuca.<\/p>\n\n\n\n<p class=\"wp-block-paragraph\">Al momento della scomparsa indossava una maglietta blu con una scritta gialla sul davanti e la dicitura \u00abSVANE 12\u00bb sul retro. Indossava inoltre pantaloni neri e scarpe bianche. La polizia ha diffuso la descrizione nella speranza che qualcuno possa averlo visto dopo che ha lasciato il locale del 7\u00b0 Distretto.<\/p>\n\n\n\n<h2 class=\"wp-block-heading\">Si esorta il pubblico a farsi avanti<\/h2>\n\n\n\n<p class=\"wp-block-paragraph\">Il Quartier Generale della Polizia di Budapest invita chiunque disponga di informazioni sulla sorte di Svane a contattare le autorit\u00e0. Anche informazioni apparentemente insignificanti potrebbero aiutare gli investigatori a stabilire dove si sia recato dopo aver lasciato il locale, oppure a determinare se qualcuno lo abbia visto nelle prime ore di gioved\u00ec mattina.<\/p>\n\n\n\n<p class=\"wp-block-paragraph\">\u00c8 possibile fornire informazioni in forma anonima tramite la linea diretta Telefontan\u00fa, attiva 24 ore su 24 al numero 06-80-555-111. Chiunque disponga di informazioni che richiedano un intervento immediato pu\u00f2 inoltre contattare i servizi di emergenza ungheresi chiamando il 112. Le <a href=\"https:\/\/www.police.hu\/hu\/hirek-es-informaciok\/legfrissebb-hireink\/felhivasok\/eltunt-jorgensen-felix-svane-erzsebetvarosbol\" target=\"_blank\" rel=\"noopener\">indagini di polizia<\/a> sono in corso con il numero di fascicolo 01070-157\/246\/2026.<\/p>\n\n\n\n<p class=\"wp-block-paragraph\">Le autorit\u00e0 continuano a cercare il venticinquenne scomparso e chiedono ai cittadini di segnalare qualsiasi informazione che possa aiutare a rintracciarlo. Se avete visto a Budapest un uomo corrispondente alla descrizione di Svane a partire dalle prime ore del 3 settembre, la polizia vi esorta a contattarla il prima possibile.<\/p>\n\n\n\n<p class=\"has-black-color has-very-light-gray-to-cyan-bluish-gray-gradient-background has-text-color has-background has-link-color wp-elements-1 wp-block-paragraph\"><strong>Legga le notizie pi\u00f9 importanti dall\u2019Ungheria sulla <a href=\"https:\/\/dailynewshungary.com\/\">nostra homepage<\/a>.<\/strong><\/p>\n","protected":false},"excerpt":{"rendered":"<p>La polizia di Budapest sta cercando con urgenza il venticinquenne Jorgensen Felix Svane, scomparso dopo aver lasciato un locale notturno nel 7\u00b0 distretto della citt\u00e0 nelle prime ore di gioved\u00ec 3 settembre. La polizia diffonde la descrizione dell\u2019uomo scomparso Secondo le informazioni in possesso della polizia, il giovane ha lasciato il locale intorno all\u2019una di [&hellip;]<\/p>\n","protected":false},"author":91,"featured_media":793215,"comment_status":"open","ping_status":"open","sticky":false,"template":"","format":"standard","meta":{"_display_image":"","footnotes":""},"categories":[2871],"tags":[1158,2449,2467,2557,2693,1123,1069],"class_list":["post-793214","post","type-post","status-publish","format-standard","has-post-thumbnail","hentry","category-incidente","tag-budapest","tag-categoria-budapest","tag-categoria-viaggi","tag-categoria-vita-in-ungheria","tag-informazioni-utili-dnh","tag-polizia-ungherese","tag-ungheria"],"blocksy_meta":[],"author_username":"api","telegram_post":"","public_post_metadata":{"breaking_news":"yes","important":"no","csempe":"yes","center_tile":"no","disable_thumbnail":"no","target_lang":"","_featured_image_style":"","telegram_post":"","_xlat_group_id":"0f55147e-4ef8-4410-afc4-eecb04c1fb8c"},"public_rank_math_data":{"title":"%title% %sep% %sitename%","description":"","focus_keyword":"budapest","canonical_url":"","robots":"","primary_category":"2871","breadcrumb_title":"","facebook_title":"","facebook_description":"","facebook_image":"","facebook_image_id":"","twitter_title":"","twitter_description":"","twitter_image":"","twitter_image_id":"","twitter_card_type":"","twitter_use_facebook":"","advanced_robots":"","pillar_content":"","seo_score":"77","contentai_score":"","rich_snippet":""},"_links":{"self":[{"href":"https:\/\/dailynewshungary.com\/it\/wp-json\/wp\/v2\/posts\/793214","targetHints":{"allow":["GET"]}}],"collection":[{"href":"https:\/\/dailynewshungary.com\/it\/wp-json\/wp\/v2\/posts"}],"about":[{"href":"https:\/\/dailynewshungary.com\/it\/wp-json\/wp\/v2\/types\/post"}],"author":[{"embeddable":true,"href":"https:\/\/dailynewshungary.com\/it\/wp-json\/wp\/v2\/users\/91"}],"replies":[{"embeddable":true,"href":"https:\/\/dailynewshungary.com\/it\/wp-json\/wp\/v2\/comments?post=793214"}],"version-history":[{"count":0,"href":"https:\/\/dailynewshungary.com\/it\/wp-json\/wp\/v2\/posts\/793214\/revisions"}],"wp:featuredmedia":[{"embeddable":true,"href":"https:\/\/dailynewshungary.com\/it\/wp-json\/wp\/v2\/media\/793215"}],"wp:attachment":[{"href":"https:\/\/dailynewshungary.com\/it\/wp-json\/wp\/v2\/media?parent=793214"}],"wp:term":[{"taxonomy":"category","embeddable":true,"href":"https:\/\/dailynewshungary.com\/it\/wp-json\/wp\/v2\/categories?post=793214"},{"taxonomy":"post_tag","embeddable":true,"href":"https:\/\/dailynewshungary.com\/it\/wp-json\/wp\/v2\/tags?post=793214"}],"curies":[{"name":"wp","href":"https:\/\/api.w.org\/{rel}","templated":true}]}}