{"id":793218,"date":"2026-09-04T19:41:34","date_gmt":"2026-09-04T17:41:34","guid":{"rendered":"https:\/\/dailynewshungary.com\/it\/ultime-notizie-lungheria-proroga-la-crisi-migratoria-di-massa-fino-alla-fine-del-2026-il-primo-ministro-magyar-promette-che-non-vi-sara-alcun-allentamento-delle-norme-di-frontie\/"},"modified":"2026-09-04T19:41:34","modified_gmt":"2026-09-04T17:41:34","slug":"ultime-notizie-lungheria-proroga-la-crisi-migratoria-di-massa-fino-alla-fine-del-2026-il-primo-ministro-magyar-promette-che-non-vi-sara-alcun-allentamento-delle-norme-di-frontie","status":"publish","type":"post","link":"https:\/\/dailynewshungary.com\/it\/ultime-notizie-lungheria-proroga-la-crisi-migratoria-di-massa-fino-alla-fine-del-2026-il-primo-ministro-magyar-promette-che-non-vi-sara-alcun-allentamento-delle-norme-di-frontie\/","title":{"rendered":"ULTIME NOTIZIE: L\u2019Ungheria proroga la \u00abcrisi migratoria di massa\u00bb fino alla fine del 2026; il primo ministro Magyar promette che non vi sar\u00e0 alcun allentamento delle norme di frontiera"},"content":{"rendered":"\n<p class=\"wp-block-paragraph\"><strong>L\u2019Ungheria prorogher\u00e0 lo stato di crisi causato dalla migrazione di massa fino alla fine del 2026, ha annunciato il primo ministro P\u00e9ter Magyar, ribadendo che il suo governo non allenter\u00e0 il quadro normativo nazionale contro l\u2019immigrazione clandestina.<\/strong><\/p>\n\n\n\n<p class=\"wp-block-paragraph\">Il governo Tisza ha deciso di prorogare la misura, che avrebbe dovuto scadere il 7 settembre, fino al 31 dicembre 2026. <a href=\"https:\/\/www.facebook.com\/reel\/1797255891409451?locale=hu_HU\" target=\"_blank\" rel=\"noopener\">Magyar ha affermato che<\/a> la decisione \u00e8 stata presa dopo aver valutato i rischi derivanti anche da modifiche minime alla protezione delle frontiere esterne dell\u2019Europa.<\/p>\n\n\n\n<p class=\"wp-block-paragraph\">\u00abLe ultime settimane hanno dimostrato che anche la pi\u00f9 piccola modifica normativa pu\u00f2 creare lacune nella protezione delle frontiere esterne dell\u2019Europa\u00bb, ha affermato il primo ministro.<\/p>\n\n\n\n<h2 class=\"wp-block-heading\">Magyar indica Ceuta come un monito per l\u2019Europa<\/h2>\n\n\n\n<p class=\"wp-block-paragraph\">Magyar ha citato i recenti avvenimenti a Ceuta, l\u2019enclave spagnola nel Nord Africa, come prova di quanto rapidamente possano mutare le rotte migratorie.<\/p>\n\n\n\n<p class=\"wp-block-paragraph\">Secondo il primo ministro, in soli due giorni si \u00e8 verificata in quella localit\u00e0 una grave crisi alle frontiere, con decine di migliaia di persone che hanno tentato di entrare in Spagna dal Marocco nel corso di un solo giorno. Ha affermato che alcune persone hanno perso la vita in mare e che le autorit\u00e0 spagnole hanno dovuto mobilitare risorse straordinarie.<\/p>\n\n\n\n<p class=\"wp-block-paragraph\">Magyar ha collegato la situazione a una decisione della Corte Suprema spagnola, sostenendo che le reti di trafficanti di esseri umani abbiano rapidamente individuato il mutamento delle circostanze e abbiano cercato di trarne vantaggio.<\/p>\n\n\n\n<blockquote class=\"wp-block-quote is-layout-flow wp-block-quote-is-layout-flow\">\n<p class=\"wp-block-paragraph\">\u00abCeuta \u00e8 un monito per l\u2019intera Europa\u00bb, ha affermato.<\/p>\n<\/blockquote>\n\n\n\n<p class=\"wp-block-paragraph\">Il primo ministro ungherese ha sostenuto che le rotte migratorie possono essere reindirizzate nel giro di pochi giorni, mentre le reti di trafficanti di esseri umani sono costantemente alla ricerca di punti deboli. \u00abUna singola lacuna giuridica o un cambiamento preparato in modo inadeguato pu\u00f2 creare una situazione ingestibile in pochissimo tempo. Il governo ungherese non pu\u00f2 correre un rischio del genere\u00bb, ha dichiarato Magyar.<\/p>\n\n\n\n<iframe loading=\"lazy\" src=\"https:\/\/www.facebook.com\/plugins\/video.php?height=476&#038;href=https%3A%2F%2Fwww.facebook.com%2Freel%2F1797255891409451%2F&#038;show_text=true&#038;width=267&#038;t=0\" width=\"267\" height=\"591\" style=\"border:none;overflow:hidden\" scrolling=\"no\" frameborder=\"0\" allowfullscreen=\"true\" allow=\"autoplay; clipboard-write; encrypted-media; picture-in-picture; web-share\" allowFullScreen=\"true\"><\/iframe>\n\n\n\n<blockquote class=\"wp-block-quote is-layout-flow wp-block-quote-is-layout-flow\">\n<p class=\"has-black-color has-pale-ocean-gradient-background has-text-color has-background has-link-color wp-elements-1 wp-block-paragraph\"><strong>Se ve lo siete perso: <a href=\"https:\/\/dailynewshungary.com\/it\/lungheria-rischia-una-multa-di-1-milione-di-euro-al-giorno-per-la-migrazione-bruxelles-risponde-allappello-del-primo-ministro-magyar\/\/\">L\u2019Ungheria rischia una sanzione giornaliera di 1 milione di euro in materia di migrazione: Bruxelles risponde all\u2019appello del primo ministro Magyar<\/a><\/strong><\/p>\n<\/blockquote>\n\n\n\n<h2 class=\"wp-block-heading\">L\u2019Ungheria continua a rischiare una sanzione giornaliera dell\u2019UE pari a 1 milione di euro<\/h2>\n\n\n\n<p class=\"wp-block-paragraph\">La decisione giunge mentre l\u2019Ungheria continua a subire una <a href=\"https:\/\/dailynewshungary.com\/it\/lungheria-rischia-una-multa-di-1-milione-di-euro-al-giorno-per-la-migrazione-bruxelles-risponde-allappello-del-primo-ministro-magyar\/\/\">sanzione giornaliera di 1 milione di euro<\/a> imposta dall\u2019Unione europea a causa delle sue politiche in materia di immigrazione. Magyar ha definito la situazione ingiusta, sostenendo che l\u2019Ungheria sta contribuendo a proteggere non solo i propri confini, ma anche le frontiere esterne dell\u2019UE, pur venendo multata per averlo fatto.<\/p>\n\n\n\n<p class=\"wp-block-paragraph\">Ha affermato che il suo governo sta negoziando da mesi con le istituzioni dell\u2019UE in merito a un nuovo quadro normativo ungherese che possa sia proteggere efficacemente i confini esterni dell\u2019Ungheria e dell\u2019UE, sia rispettare il diritto comunitario. Tuttavia, secondo il primo ministro, non \u00e8 stata ancora trovata una soluzione che garantisca alle autorit\u00e0 ungheresi di poter continuare ad agire con sufficiente fermezza ed efficacia.<\/p>\n\n\n\n<p class=\"has-text-align-center has-black-color has-electric-grass-gradient-background has-text-color has-background has-link-color wp-elements-2 wp-block-paragraph\"><strong>Rimanga aggiornato con il nostro \u00abHungary Weekly Briefing\u00bb: <a href=\"https:\/\/substack.com\/@thehungaryinsider\" target=\"_blank\" rel=\"noopener\">si abboni su Substack<\/a>!<\/strong><\/p>\n\n\n\n<h2 class=\"wp-block-heading\">Il governo promette un nuovo sistema entro dicembre<\/h2>\n\n\n\n<p class=\"wp-block-paragraph\">Magyar ha inoltre sostenuto che la situazione migratoria sia cambiata in modo significativo dal 2016, anno in cui l\u2019Ungheria ha introdotto per la prima volta la misura di emergenza. Ha affermato che circa 20 Stati membri dell\u2019UE sostengono ora una protezione pi\u00f9 rigorosa delle frontiere, rendendo a suo avviso ingiusto penalizzare l\u2019Ungheria nel 2026 per norme adottate in un contesto politico e giuridico molto diverso.<\/p>\n\n\n\n<p class=\"wp-block-paragraph\">Per il momento, il governo manterr\u00e0 quindi in vigore lo stato di crisi fino alla fine di dicembre. Magyar ha affermato che le settimane rimanenti dell\u2019anno saranno impiegate per istituire \u00abun sistema legittimo e funzionante\u00bb che protegga i confini dell\u2019Ungheria, salvaguardando al contempo il denaro dei contribuenti. \u00abIl nostro compito sar\u00e0 portato a termine\u00bb, ha dichiarato il primo ministro.<\/p>\n","protected":false},"excerpt":{"rendered":"<p>L\u2019Ungheria prorogher\u00e0 lo stato di crisi causato dalla migrazione di massa fino alla fine del 2026, ha annunciato il primo ministro P\u00e9ter Magyar, ribadendo che il suo governo non allenter\u00e0 il quadro normativo nazionale contro l\u2019immigrazione clandestina. Il governo Tisza ha deciso di prorogare la misura, che avrebbe dovuto scadere il 7 settembre, fino al [&hellip;]<\/p>\n","protected":false},"author":62,"featured_media":793219,"comment_status":"open","ping_status":"open","sticky":false,"template":"","format":"standard","meta":{"_display_image":"","footnotes":""},"categories":[1185],"tags":[2778,2676,2617,1079,2612,1069,1075],"class_list":["post-793218","post","type-post","status-publish","format-standard","has-post-thumbnail","hentry","category-politica-in-ungheria","tag-categoria-migrazione-2","tag-categoria-politica-ungherese-2","tag-governo-magyar","tag-governo-ungherese","tag-peter-magyar","tag-ungheria","tag-unione-europea"],"blocksy_meta":[],"author_username":"hmercedesz","telegram_post":"","public_post_metadata":{"breaking_news":"yes","important":"yes","csempe":"yes","center_tile":"no","disable_thumbnail":"no","target_lang":"","_featured_image_style":"","telegram_post":"","_xlat_group_id":"2d95364b-8ec8-4bff-a91e-12e167243b1c"},"public_rank_math_data":{"title":"%title% %sep% %sitename%","description":"","focus_keyword":"migrazione","canonical_url":"","robots":"","primary_category":"1185","breadcrumb_title":"","facebook_title":"","facebook_description":"","facebook_image":"","facebook_image_id":"","twitter_title":"","twitter_description":"","twitter_image":"","twitter_image_id":"","twitter_card_type":"","twitter_use_facebook":"","advanced_robots":"","pillar_content":"","seo_score":"80","contentai_score":"","rich_snippet":""},"_links":{"self":[{"href":"https:\/\/dailynewshungary.com\/it\/wp-json\/wp\/v2\/posts\/793218","targetHints":{"allow":["GET"]}}],"collection":[{"href":"https:\/\/dailynewshungary.com\/it\/wp-json\/wp\/v2\/posts"}],"about":[{"href":"https:\/\/dailynewshungary.com\/it\/wp-json\/wp\/v2\/types\/post"}],"author":[{"embeddable":true,"href":"https:\/\/dailynewshungary.com\/it\/wp-json\/wp\/v2\/users\/62"}],"replies":[{"embeddable":true,"href":"https:\/\/dailynewshungary.com\/it\/wp-json\/wp\/v2\/comments?post=793218"}],"version-history":[{"count":0,"href":"https:\/\/dailynewshungary.com\/it\/wp-json\/wp\/v2\/posts\/793218\/revisions"}],"wp:featuredmedia":[{"embeddable":true,"href":"https:\/\/dailynewshungary.com\/it\/wp-json\/wp\/v2\/media\/793219"}],"wp:attachment":[{"href":"https:\/\/dailynewshungary.com\/it\/wp-json\/wp\/v2\/media?parent=793218"}],"wp:term":[{"taxonomy":"category","embeddable":true,"href":"https:\/\/dailynewshungary.com\/it\/wp-json\/wp\/v2\/categories?post=793218"},{"taxonomy":"post_tag","embeddable":true,"href":"https:\/\/dailynewshungary.com\/it\/wp-json\/wp\/v2\/tags?post=793218"}],"curies":[{"name":"wp","href":"https:\/\/api.w.org\/{rel}","templated":true}]}}