{"id":793222,"date":"2026-09-05T06:14:00","date_gmt":"2026-09-05T04:14:00","guid":{"rendered":"https:\/\/dailynewshungary.com\/it\/un-consigliere-di-putin-sostiene-che-lucraina-potrebbe-perdere-la-transcarpazia-e-definisce-lucraina-occidentale-un-covo-del-male\/"},"modified":"2026-09-05T06:14:00","modified_gmt":"2026-09-05T04:14:00","slug":"un-consigliere-di-putin-sostiene-che-lucraina-potrebbe-perdere-la-transcarpazia-e-definisce-lucraina-occidentale-un-covo-del-male","status":"publish","type":"post","link":"https:\/\/dailynewshungary.com\/it\/un-consigliere-di-putin-sostiene-che-lucraina-potrebbe-perdere-la-transcarpazia-e-definisce-lucraina-occidentale-un-covo-del-male\/","title":{"rendered":"Un consigliere di Putin sostiene che l\u2019Ucraina potrebbe perdere la Transcarpazia e definisce l\u2019Ucraina occidentale un \u00abcovo del male\u00bb"},"content":{"rendered":"\n<p class=\"wp-block-paragraph\"><strong>Un consigliere di alto livello del presidente russo Vladimir Putin ha avanzato un\u2019affermazione interessante sul futuro dei territori occidentali dell\u2019Ucraina, compresa la Transcarpazia, sostenendo che l\u2019Ucraina finir\u00e0 per perdere le regioni che un tempo appartenevano all\u2019Ungheria, alla Polonia e alla Romania.<\/strong><\/p>\n\n\n\n<p class=\"wp-block-paragraph\">Anton Kobyakov, consigliere di Putin e segretario esecutivo del comitato organizzativo del Forum economico orientale, ha rilasciato queste dichiarazioni mentre parlava con i giornalisti in merito ai risultati del forum.<\/p>\n\n\n\n<p class=\"wp-block-paragraph\">Le sue osservazioni fanno eco alle dichiarazioni sempre pi\u00f9 frequenti da parte di alti funzionari russi sul possibile futuro delle regioni occidentali dell\u2019Ucraina \u2014 compresi i territori che storicamente facevano parte del Regno d\u2019Ungheria. Secondo <a href=\"http:\/\/en.kremlin.ru\/catalog\/persons\/373\/biography\" target=\"_blank\" rel=\"noopener\">Kobyakov<\/a>, queste aree sono ormai un \u00abcovo del male\u00bb in cui viene alimentato il nazionalismo ucraino.<\/p>\n\n\n\n<h2 class=\"wp-block-heading\">\u00abL\u2019Ucraina finir\u00e0 per perdere i propri territori occidentali\u00bb<\/h2>\n\n\n\n<p class=\"wp-block-paragraph\">Kobyakov ha fatto riferimento a dichiarazioni precedentemente rilasciate da Putin, il quale ha sostenuto che l\u2019Ucraina, prima o poi, perder\u00e0 i propri territori occidentali.<\/p>\n\n\n\n<blockquote class=\"wp-block-quote is-layout-flow wp-block-quote-is-layout-flow\">\n<p class=\"wp-block-paragraph\">\u00abL\u2019Ucraina, prima o poi, perder\u00e0 i propri territori occidentali che prima della Seconda guerra mondiale appartenevano alla Polonia, alla Romania e all\u2019Ungheria\u00bb, <a href=\"https:\/\/news.rambler.ru\/politics\/57012241-obitel-zla-gde-vskarmlivaetsya-natsionalizm-kobyakov-o-zapadnyh-zemlyah-ukrainy\/\" target=\"_blank\" rel=\"noopener\">ha affermato Kobyakov<\/a>, riferendosi alla posizione del presidente russo.<\/p>\n<\/blockquote>\n\n\n\n<p class=\"wp-block-paragraph\">Egli ha descritto questi territori come il luogo in cui si starebbe presumibilmente alimentando il nazionalismo ucraino. Kobyakov ha poi tracciato un parallelo estremamente controverso tra l\u2019Ucraina moderna e il fascismo, sostenendo che la Russia e l\u2019Ucraina un tempo avessero combattuto insieme contro la Germania nazista.<\/p>\n\n\n\n<p class=\"wp-block-paragraph\">\u00abAbbiamo combattuto insieme contro i fascisti. Come \u00e8 potuto accadere che ora siano alla guida del \u201cReich ucraino\u201d?\u00bb, ha affermato. Ha inoltre sostenuto che l\u2019Ucraina fosse diventata \u00abl\u2019avanguardia del fascismo europeo\u00bb.<\/p>\n\n\n\n<blockquote class=\"wp-block-quote is-layout-flow wp-block-quote-is-layout-flow\">\n<p class=\"has-black-color has-pale-ocean-gradient-background has-text-color has-background has-link-color wp-elements-1 wp-block-paragraph\"><strong>Se ve lo foste perso: <a href=\"https:\/\/dailynewshungary.com\/it\/lucraina-compie-un-gesto-di-grande-rilievo-nei-confronti-dellungheria-condannando-ufficialmente-le-atrocita-sovietiche-contro-gli-ungheresi-della-transcarpazia\/\/\">l\u2019Ucraina compie un gesto significativo nei confronti dell\u2019Ungheria, condannando ufficialmente le atrocit\u00e0 sovietiche contro gli ungheresi della Transcarpazia<\/a><\/strong><\/p>\n<\/blockquote>\n\n\n\n<h2 class=\"wp-block-heading\">Putin aveva gi\u00e0 menzionato in precedenza l\u2019Ungheria e la Transcarpazia<\/h2>\n\n\n\n<p class=\"wp-block-paragraph\">Kobyakov non \u00e8 la prima personalit\u00e0 di spicco russa a sollevare la possibilit\u00e0 che l\u2019Ucraina perda i propri territori occidentali. Lo stesso Putin ha affrontato la questione in occasione di un incontro con il personale della Marina russa a San Pietroburgo all\u2019inizio di quest\u2019anno. Ha affermato di ritenere che l\u2019Ucraina finir\u00e0 per perdere i territori che in passato erano appartenuti a Polonia, Ungheria e Romania.<\/p>\n\n\n\n<p class=\"wp-block-paragraph\">Putin ha suggerito che un simile sviluppo potrebbe verificarsi tra anni o addirittura decenni, affermando che \u00abstoricamente, tutto andr\u00e0 al suo posto\u00bb. Ha inoltre sostenuto che la Russia fosse stata l\u2019unica garante dell\u2019integrit\u00e0 territoriale dell\u2019Ucraina, una dichiarazione rilasciata sullo sfondo della guerra in corso tra Russia e Ucraina.<\/p>\n\n\n\n<p class=\"wp-block-paragraph\">Anche l\u2019ex presidente russo Dmitrij Medvedev ha pi\u00f9 volte accennato alla possibile spartizione dell\u2019Ucraina. In un\u2019occasione, ha pubblicato una mappa fittizia che raffigurava un\u2019Ucraina divisa, in cui i paesi confinanti, tra cui l\u2019Ungheria, avrebbero ricevuto parti dei territori occidentali del paese.<\/p>\n\n\n\n<p class=\"has-text-align-center has-black-color has-electric-grass-gradient-background has-text-color has-background has-link-color wp-elements-2 wp-block-paragraph\"><strong>Rimanga aggiornato con il nostro \u00abHungary Weekly Briefing\u00bb: <a href=\"https:\/\/substack.com\/@thehungaryinsider\" target=\"_blank\" rel=\"noopener\">si abboni su Substack<\/a>!<\/strong><\/p>\n\n\n\n<h2 class=\"wp-block-heading\">Kobyakov ha inoltre avanzato un&#8217;affermazione riguardo a Kiev<\/h2>\n\n\n\n<p class=\"wp-block-paragraph\">Kobyakov ha concluso le sue ultime dichiarazioni con un\u2019altra affermazione che riflette la narrativa storica del Cremlino, affermando che Kiev \u00ab\u00e8 stata e rimarr\u00e0 la madre delle citt\u00e0 russe\u00bb.<\/p>\n\n\n\n<p class=\"wp-block-paragraph\">Tali commenti giungono mentre la Russia prosegue la sua guerra su vasta scala contro l\u2019Ucraina, e le questioni relative al futuro dei territori occupati o rivendicati dalla Russia rimangono al centro dei negoziati internazionali e degli sforzi diplomatici.<\/p>\n\n\n\n<blockquote class=\"wp-block-quote is-layout-flow wp-block-quote-is-layout-flow\">\n<p class=\"has-black-color has-pale-ocean-gradient-background has-text-color has-background has-link-color wp-elements-3 wp-block-paragraph\"><strong>Ne avete sentito parlare? <a href=\"https:\/\/dailynewshungary.com\/it\/la-ministra-degli-esteri-anita-orban-illustra-cio-che-lungheria-si-aspetta-dallucraina-affinche-il-governo-ritiri-il-proprio-veto\/\/\">La ministra degli Esteri Anita Orb\u00e1n spiega cosa si aspetta l\u2019Ungheria dall\u2019Ucraina affinch\u00e9 il governo ritiri il proprio veto<\/a><\/strong><\/p>\n<\/blockquote>\n","protected":false},"excerpt":{"rendered":"<p>Un consigliere di alto livello del presidente russo Vladimir Putin ha avanzato un\u2019affermazione interessante sul futuro dei territori occidentali dell\u2019Ucraina, compresa la Transcarpazia, sostenendo che l\u2019Ucraina finir\u00e0 per perdere le regioni che un tempo appartenevano all\u2019Ungheria, alla Polonia e alla Romania. Anton Kobyakov, consigliere di Putin e segretario esecutivo del comitato organizzativo del Forum economico [&hellip;]<\/p>\n","protected":false},"author":62,"featured_media":793223,"comment_status":"open","ping_status":"open","sticky":false,"template":"","format":"standard","meta":{"_display_image":"","footnotes":""},"categories":[1185],"tags":[2789,1144,1171,1178,1332,1081,1069],"class_list":["post-793222","post","type-post","status-publish","format-standard","has-post-thumbnail","hentry","category-politica-in-ungheria","tag-categoria-mondo-2","tag-polonia","tag-romania","tag-russia","tag-transcarpazia","tag-ucraina","tag-ungheria"],"blocksy_meta":[],"author_username":"hmercedesz","telegram_post":"","public_post_metadata":{"breaking_news":"yes","important":"no","csempe":"yes","center_tile":"no","disable_thumbnail":"no","target_lang":"","_featured_image_style":"","telegram_post":"","_xlat_group_id":"d4971971-6723-4c68-bbe8-8949e3cf5c39"},"public_rank_math_data":{"title":"%title% %sep% %sitename%","description":"","focus_keyword":"putin","canonical_url":"","robots":"","primary_category":"1185","breadcrumb_title":"","facebook_title":"","facebook_description":"","facebook_image":"","facebook_image_id":"","twitter_title":"","twitter_description":"","twitter_image":"","twitter_image_id":"","twitter_card_type":"","twitter_use_facebook":"","advanced_robots":"","pillar_content":"","seo_score":"80","contentai_score":"","rich_snippet":""},"_links":{"self":[{"href":"https:\/\/dailynewshungary.com\/it\/wp-json\/wp\/v2\/posts\/793222","targetHints":{"allow":["GET"]}}],"collection":[{"href":"https:\/\/dailynewshungary.com\/it\/wp-json\/wp\/v2\/posts"}],"about":[{"href":"https:\/\/dailynewshungary.com\/it\/wp-json\/wp\/v2\/types\/post"}],"author":[{"embeddable":true,"href":"https:\/\/dailynewshungary.com\/it\/wp-json\/wp\/v2\/users\/62"}],"replies":[{"embeddable":true,"href":"https:\/\/dailynewshungary.com\/it\/wp-json\/wp\/v2\/comments?post=793222"}],"version-history":[{"count":0,"href":"https:\/\/dailynewshungary.com\/it\/wp-json\/wp\/v2\/posts\/793222\/revisions"}],"wp:featuredmedia":[{"embeddable":true,"href":"https:\/\/dailynewshungary.com\/it\/wp-json\/wp\/v2\/media\/793223"}],"wp:attachment":[{"href":"https:\/\/dailynewshungary.com\/it\/wp-json\/wp\/v2\/media?parent=793222"}],"wp:term":[{"taxonomy":"category","embeddable":true,"href":"https:\/\/dailynewshungary.com\/it\/wp-json\/wp\/v2\/categories?post=793222"},{"taxonomy":"post_tag","embeddable":true,"href":"https:\/\/dailynewshungary.com\/it\/wp-json\/wp\/v2\/tags?post=793222"}],"curies":[{"name":"wp","href":"https:\/\/api.w.org\/{rel}","templated":true}]}}