{"id":793234,"date":"2026-09-05T15:25:40","date_gmt":"2026-09-05T13:25:40","guid":{"rendered":"https:\/\/dailynewshungary.com\/it\/meteo-in-ungheria-fronte-freddo-questo-fine-settimana-poi-caldo-piogge-intense-e-un-brusco-abbassamento-delle-temperature-la-prossima-settimana\/"},"modified":"2026-09-05T15:25:40","modified_gmt":"2026-09-05T13:25:40","slug":"meteo-in-ungheria-fronte-freddo-questo-fine-settimana-poi-caldo-piogge-intense-e-un-brusco-abbassamento-delle-temperature-la-prossima-settimana","status":"publish","type":"post","link":"https:\/\/dailynewshungary.com\/it\/meteo-in-ungheria-fronte-freddo-questo-fine-settimana-poi-caldo-piogge-intense-e-un-brusco-abbassamento-delle-temperature-la-prossima-settimana\/","title":{"rendered":"Meteo in Ungheria: fronte freddo questo fine settimana, poi caldo, piogge intense e un brusco abbassamento delle temperature la prossima settimana"},"content":{"rendered":"\n<p class=\"wp-block-paragraph\"><strong>Il tempo in Ungheria sta per cambiare pi\u00f9 volte nel giro di poco pi\u00f9 di una settimana. Un fronte freddo che attraverser\u00e0 il Paese sabato porter\u00e0 un temporaneo calo delle temperature per domenica, prima che il caldo estivo torni rapidamente. A partire dalla met\u00e0 della prossima settimana, tuttavia, potrebbe verificarsi un cambiamento molto pi\u00f9 significativo, che porter\u00e0 piogge abbondanti e, alla fine, temperature davvero autunnali.<\/strong><\/p>\n\n\n\n<p class=\"wp-block-paragraph\"><strong>Sabato 5 settembre<\/strong> un fronte freddo si sta spostando sull\u2019Ungheria proveniente da nord e nord-ovest. Nonostante l\u2019aumento della copertura nuvolosa, non sono previste piogge significative e diffuse, anche se potrebbero svilupparsi rovesci sparsi e temporali.<\/p>\n\n\n\n<p class=\"wp-block-paragraph\">HungaroMet ha segnalato la possibilit\u00e0 di temporali in diverse contee, in particolare nel nord-est e nel sud, con temporali possibili anche nel sud-ovest nel corso della giornata. Raffiche di vento di <strong>60\u201370 km\/h<\/strong>, che localmente potrebbero superare i 70 km\/h, potrebbero accompagnare i temporali pi\u00f9 intensi, e non si pu\u00f2 escludere la presenza di grandine isolata. Le temperature rimarranno comunque estive, con massime pomeridiane comprese tra <strong>i 25 e i 34 \u00b0C<\/strong>.<\/p>\n\n\n\n<h3 class=\"wp-block-heading\">Domenica: pi\u00f9 fresco, soleggiato e prevalentemente asciutto<\/h3>\n\n\n\n<p class=\"wp-block-paragraph\">Il fronte freddo sar\u00e0 pi\u00f9 evidente <strong>domenica 6 settembre,<\/strong> quando le temperature scenderanno di diversi gradi.<\/p>\n\n\n\n<p class=\"wp-block-paragraph\">In tutta l\u2019Ungheria \u00e8 previsto tempo prevalentemente sereno o leggermente nuvoloso, senza precipitazioni significative. Nel nord-est potrebbero formarsi ulteriori cumuli, mentre i venti da nord-ovest e da nord potrebbero occasionalmente intensificarsi.<\/p>\n\n\n\n<p class=\"wp-block-paragraph\">Le temperature mattutine oscilleranno generalmente tra <strong>i 10 e i 18 \u00b0C<\/strong>, anche se nelle zone riparate potrebbero scendere leggermente al di sotto dei 10 \u00b0C. Le massime pomeridiane sono previste tra <strong>i 24 e i 29 \u00b0C<\/strong>.<\/p>\n\n\n\n<p class=\"wp-block-paragraph\">Il clima pi\u00f9 fresco non durer\u00e0 a lungo, tuttavia. Le temperature ricominceranno a salire quasi immediatamente, mentre l\u2019Ungheria si appresta ad affrontare un\u2019altra breve ondata di caldo di fine estate.<\/p>\n\n\n\n<h2 class=\"wp-block-heading\">Il tempo in Ungheria la prossima settimana: previsioni giorno per giorno<\/h2>\n\n\n\n<h3 class=\"wp-block-heading\">Luned\u00ec 7 settembre: Ritorno dell\u2019estate<\/h3>\n\n\n\n<p class=\"wp-block-paragraph\">Le temperature ricominceranno a salire luned\u00ec, con condizioni prevalentemente asciutte e calde. Le previsioni indicano attualmente massime pomeridiane comprese tra <strong>i 27 e i 32 \u00b0C<\/strong> circa, il che significa che il breve raffreddamento del fine settimana sar\u00e0 gi\u00e0 in via di esaurimento.<\/p>\n\n\n\n<h3 class=\"wp-block-heading\">Marted\u00ec 8 settembre: temperature nuovamente superiori ai 30 \u00b0C<\/h3>\n\n\n\n<p class=\"wp-block-paragraph\">Marted\u00ec potrebbe essere una delle giornate pi\u00f9 calde della settimana. Si prevedono temperature massime intorno <strong>ai 28\u201333 \u00b0C<\/strong>, che riporteranno un caldo estivo in gran parte dell\u2019Ungheria.<\/p>\n\n\n\n<p class=\"wp-block-paragraph\">Per chiunque sperasse che il fronte freddo di sabato segnasse l\u2019inizio dell\u2019autunno, la risposta sar\u00e0 quindi un chiaro no \u2013 almeno per il momento.<\/p>\n\n\n\n<p class=\"has-pale-ocean-gradient-background has-background wp-block-paragraph\">Se ve lo siete perso:<a href=\"https:\/\/dailynewshungary.com\/it\/foto-un-altro-famoso-lago-ungherese-si-prosciuga-il-belvedere-di-bolombika-mostra-condizioni-critiche\/\/\">un altro famoso lago ungherese si sta prosciugando, il belvedere di B\u00f6l\u00f6mbika mostra condizioni critiche<\/a><\/p>\n\n\n\n<h3 class=\"wp-block-heading\">Mercoled\u00ec 9 settembre: ha inizio un cambiamento significativo<\/h3>\n\n\n\n<p class=\"wp-block-paragraph\">Secondo le previsioni attuali, la prima ondata di un cambiamento meteorologico pi\u00f9 significativo dovrebbe arrivare a partire da <strong>mercoled\u00ec<\/strong>, quando un altro fronte freddo raggiunger\u00e0 l\u2019Ungheria.<\/p>\n\n\n\n<p class=\"wp-block-paragraph\">Uno degli effetti pi\u00f9 evidenti potrebbe essere un notevole dislivello termico tra le diverse regioni del Paese. L\u2019Ungheria occidentale potrebbe gi\u00e0 registrare condizioni climatiche molto pi\u00f9 fresche, mentre la parte orientale rimarr\u00e0 calda, con un potenziale <strong>dislivello termico di 10\u201315 \u00b0C<\/strong> tra le due zone del Paese.<\/p>\n\n\n\n<p class=\"wp-block-paragraph\">A differenza del fronte di sabato, si prevede che questo sistema porti anche precipitazioni pi\u00f9 abbondanti.<\/p>\n\n\n\n<h3 class=\"wp-block-heading\">Gioved\u00ec 10 settembre: un fronte freddo si estende su tutta l\u2019Ungheria<\/h3>\n\n\n\n<p class=\"wp-block-paragraph\">Si prevede che gli effetti del fronte si estendano in modo molto pi\u00f9 capillare entro gioved\u00ec.<\/p>\n\n\n\n<p class=\"wp-block-paragraph\">Le temperature dovrebbero diminuire in gran parte del Paese, mentre le piogge potrebbero interessare numerose regioni. Le previsioni attuali indicano che questo sar\u00e0 il momento in cui si stabilir\u00e0 la prima fase di raffreddamento significativo.<\/p>\n\n\n\n<p class=\"wp-block-paragraph\">La localizzazione esatta e l\u2019entit\u00e0 delle precipitazioni rimangono incerte con diversi giorni di anticipo, pertanto le previsioni potrebbero ancora subire variazioni significative.<\/p>\n\n\n\n<h3 class=\"wp-block-heading\">Venerd\u00ec 11 settembre: possibile brusco abbassamento delle temperature nell\u2019Ungheria occidentale<\/h3>\n\n\n\n<p class=\"wp-block-paragraph\">Entro venerd\u00ec, alcune zone occidentali dell\u2019Ungheria potrebbero registrare un drastico cambiamento rispetto al caldo registrato all\u2019inizio della settimana.<\/p>\n\n\n\n<p class=\"wp-block-paragraph\">Le previsioni attuali indicano che le temperature in alcune zone occidentali potrebbero raggiungere solo circa <strong>15 \u00b0C<\/strong> \u2013 potenzialmente quasi 20 gradi in meno rispetto ai valori massimi registrati marted\u00ec.<\/p>\n\n\n\n<p class=\"wp-block-paragraph\">Le zone orientali del Paese potrebbero rimanere leggermente pi\u00f9 calde, ma la tendenza generale sar\u00e0 decisamente verso un clima pi\u00f9 fresco.<\/p>\n\n\n\n<p class=\"has-very-light-gray-to-cyan-bluish-gray-gradient-background has-background wp-block-paragraph\">Rimani aggiornato sulle notizie pi\u00f9 importanti della settimana dall\u2019Ungheria: politica, economia, affari e diplomazia, tutto in un unico posto. <a href=\"https:\/\/hungaryinsider.substack.com\/\" target=\"_blank\" rel=\"noopener\">Iscriviti qui: Substack<\/a><\/p>\n\n\n\n<h3 class=\"wp-block-heading\">Sabato 12 settembre: clima autunnale e piogge pi\u00f9 intense<\/h3>\n\n\n\n<p class=\"wp-block-paragraph\">Una seconda fase del cambiamento meteorologico potrebbe avere inizio intorno a sabato.<\/p>\n\n\n\n<p class=\"wp-block-paragraph\">Le previsioni indicano attualmente che un <strong>ciclone mediterraneo<\/strong> potrebbe iniziare a influenzare l\u2019Ungheria, portando piogge diffuse e potenzialmente abbondanti. Da quel momento in poi, si prevedono temperature autunnali in tutto il Paese e non solo nelle regioni occidentali.<\/p>\n\n\n\n<h3 class=\"wp-block-heading\">Domenica 13 settembre: le piogge diffuse potrebbero protrarsi<\/h3>\n\n\n\n<p class=\"wp-block-paragraph\">Domenica potrebbe rimanere fresca e piovosa, poich\u00e9 il sistema mediterraneo interesser\u00e0 l\u2019Ungheria.<\/p>\n\n\n\n<p class=\"wp-block-paragraph\">Tra <strong>il 12 e il 15 settembre<\/strong>, le attuali previsioni indicano che piogge ripetute potrebbero portare circa <strong>30\u201370 millimetri di precipitazioni<\/strong> in tutto il Paese, con quantit\u00e0 maggiori possibili nell\u2019Ungheria occidentale.<\/p>\n\n\n\n<p class=\"wp-block-paragraph\">Tali precipitazioni risulterebbero particolarmente significative dopo il prolungato periodo di siccit\u00e0 degli ultimi mesi.<\/p>\n\n\n\n<h3 class=\"wp-block-heading\">Prima l\u2019estate, poi un vero assaggio d\u2019autunno<\/h3>\n\n\n\n<p class=\"wp-block-paragraph\">I prossimi giorni potrebbero quindi portare in Ungheria un contrasto meteorologico insolitamente marcato: <strong>temperature superiori ai 30 \u00b0C marted\u00ec, l\u2019arrivo di un fronte freddo a partire da mercoled\u00ec, massime potenzialmente intorno ai 15 \u00b0C in alcune zone occidentali entro venerd\u00ec, seguite da un clima autunnale diffuso e da piogge significative nel fine settimana.<\/strong><\/p>\n\n\n\n<p class=\"wp-block-paragraph\">I meteorologi sottolineano che le previsioni per la seconda met\u00e0 della prossima settimana presentano ancora una notevole incertezza, in particolare per quanto riguarda i tempi e l\u2019intensit\u00e0 del ciclone mediterraneo previsto e la quantit\u00e0 di precipitazioni che potrebbe portare. Tuttavia, i modelli attuali indicano sempre pi\u00f9 chiaramente un cambiamento molto pi\u00f9 sostanziale rispetto al breve fronte freddo che attraverser\u00e0 l\u2019Ungheria questo sabato.<\/p>\n\n\n\n<p class=\"wp-block-paragraph\">Ulteriori notizie <a href=\"https:\/\/dailynewshungary.com\/category\/life-in-hungary\/weather\/\">sul meteo in Ungheria<\/a>: <\/p>\n\n\n","protected":false},"excerpt":{"rendered":"<p>Il tempo in Ungheria sta per cambiare pi\u00f9 volte nel giro di poco pi\u00f9 di una settimana. Un fronte freddo che attraverser\u00e0 il Paese sabato porter\u00e0 un temporaneo calo delle temperature per domenica, prima che il caldo estivo torni rapidamente. A partire dalla met\u00e0 della prossima settimana, tuttavia, potrebbe verificarsi un cambiamento molto pi\u00f9 significativo, [&hellip;]<\/p>\n","protected":false},"author":88,"featured_media":793235,"comment_status":"open","ping_status":"open","sticky":false,"template":"","format":"standard","meta":{"_display_image":"","footnotes":""},"categories":[2443],"tags":[2684,1069],"class_list":["post-793234","post","type-post","status-publish","format-standard","has-post-thumbnail","hentry","category-life","tag-categoria-meteo-2","tag-ungheria"],"blocksy_meta":[],"author_username":"alpar.kato","telegram_post":"","public_post_metadata":{"breaking_news":"yes","important":"no","csempe":"yes","center_tile":"no","disable_thumbnail":"no","target_lang":"","_featured_image_style":"","telegram_post":"","_xlat_group_id":"7a4c4b4f-c498-4050-abe2-50b03244c437"},"public_rank_math_data":{"title":"Meteo in Ungheria: l\u2019autunno arriva con una settimana turbolenta","description":"L\u2019autunno \u00e8 arrivato in Ungheria: sono in arrivo un fronte freddo, caldo, forti piogge e un brusco calo delle temperature.","focus_keyword":"Meteo in Ungheria","canonical_url":"","robots":"","primary_category":"2443","breadcrumb_title":"","facebook_title":"","facebook_description":"","facebook_image":"","facebook_image_id":"","twitter_title":"","twitter_description":"","twitter_image":"","twitter_image_id":"","twitter_card_type":"","twitter_use_facebook":"","advanced_robots":"","pillar_content":"","seo_score":"70","contentai_score":"","rich_snippet":""},"_links":{"self":[{"href":"https:\/\/dailynewshungary.com\/it\/wp-json\/wp\/v2\/posts\/793234","targetHints":{"allow":["GET"]}}],"collection":[{"href":"https:\/\/dailynewshungary.com\/it\/wp-json\/wp\/v2\/posts"}],"about":[{"href":"https:\/\/dailynewshungary.com\/it\/wp-json\/wp\/v2\/types\/post"}],"author":[{"embeddable":true,"href":"https:\/\/dailynewshungary.com\/it\/wp-json\/wp\/v2\/users\/88"}],"replies":[{"embeddable":true,"href":"https:\/\/dailynewshungary.com\/it\/wp-json\/wp\/v2\/comments?post=793234"}],"version-history":[{"count":0,"href":"https:\/\/dailynewshungary.com\/it\/wp-json\/wp\/v2\/posts\/793234\/revisions"}],"wp:featuredmedia":[{"embeddable":true,"href":"https:\/\/dailynewshungary.com\/it\/wp-json\/wp\/v2\/media\/793235"}],"wp:attachment":[{"href":"https:\/\/dailynewshungary.com\/it\/wp-json\/wp\/v2\/media?parent=793234"}],"wp:term":[{"taxonomy":"category","embeddable":true,"href":"https:\/\/dailynewshungary.com\/it\/wp-json\/wp\/v2\/categories?post=793234"},{"taxonomy":"post_tag","embeddable":true,"href":"https:\/\/dailynewshungary.com\/it\/wp-json\/wp\/v2\/tags?post=793234"}],"curies":[{"name":"wp","href":"https:\/\/api.w.org\/{rel}","templated":true}]}}