{"id":793240,"date":"2026-09-05T19:30:00","date_gmt":"2026-09-05T17:30:00","guid":{"rendered":"https:\/\/dailynewshungary.com\/it\/e-uscito-lhungary-weekly-briefing-scontro-sullimmigrazione-veto-sullucraina-e-un-deficit-di-bilancio-in-aumento\/"},"modified":"2026-09-05T19:30:00","modified_gmt":"2026-09-05T17:30:00","slug":"e-uscito-lhungary-weekly-briefing-scontro-sullimmigrazione-veto-sullucraina-e-un-deficit-di-bilancio-in-aumento","status":"publish","type":"post","link":"https:\/\/dailynewshungary.com\/it\/e-uscito-lhungary-weekly-briefing-scontro-sullimmigrazione-veto-sullucraina-e-un-deficit-di-bilancio-in-aumento\/","title":{"rendered":"\u00c8 uscito l\u2019Hungary Weekly Briefing: scontro sull\u2019immigrazione, veto sull\u2019Ucraina e un deficit di bilancio in aumento"},"content":{"rendered":"\n<p class=\"wp-block-paragraph\"><strong>Il panorama politico ungherese \u00e8 rimasto molto vivace questa settimana, con la questione migratoria tornata ancora una volta al centro del dibattito nazionale ed europeo, mentre il governo ha continuato a definire la propria posizione sull\u2019Ucraina, sui rapporti con l\u2019UE e sulle prime importanti prove dell\u2019assetto politico post-elettorale.<\/strong><\/p>\n\n\n\n<p class=\"wp-block-paragraph\">In <strong>ambito politico<\/strong>, le questioni chiave hanno riguardato il perdurare dell\u2019emergenza migratoria in Ungheria, il tentativo del governo di risolvere la questione della multa UE di 1 milione di euro al giorno e la decisione di Budapest di continuare a bloccare alcune fasi del processo di adesione dell\u2019Ucraina a causa delle preoccupazioni relative ai diritti delle minoranze. Sul fronte interno, i primi segnali di pressione sulla nuova amministrazione sono emersi parallelamente ai nuovi sondaggi, mentre Fidesz e Mi Haz\u00e1nk stanno iniziando a confrontarsi con le realt\u00e0 strategiche dell\u2019opposizione.<\/p>\n\n\n\n<p class=\"wp-block-paragraph\">Il quadro <strong>economico e imprenditoriale<\/strong> \u00e8 stato dominato da un deficit di bilancio in aumento, dalla continua pressione sul costo della vita e da un elenco crescente di cambiamenti nella politica interna, che spaziano dalle pensioni e dalla spesa sociale alla regolamentazione di Airbnb e al sistema di restituzione dei vuoti. Nel frattempo, sul fronte <strong>diplomatico<\/strong>, l\u2019Ungheria ha adottato una linea pi\u00f9 ferma nei confronti delle presunte attivit\u00e0 ibride russe, P\u00e9ter Magyar si \u00e8 avvicinato al Partito Popolare Europeo e Budapest ha ospitato un\u2019intensa serie di incontri diplomatici europei e bilaterali.<\/p>\n\n\n\n<h2 class=\"wp-block-heading\">Hungary Weekly Briefing su Substack<\/h2>\n\n\n\n<p class=\"wp-block-paragraph\">Legga e si abboni qui: <a href=\"https:\/\/hungaryinsider.substack.com\/p\/hungary-weekly-briefing-migration?r=1b06xq&amp;utm_campaign=post-expanded-share&amp;utm_medium=web\" target=\"_blank\" rel=\"noopener\">The Hungary Insider<\/a><\/p>\n\n\n\n<div class=\"substack-post-embed\"><p lang=\"en\">Resoconto settimanale sull\u2019Ungheria: crisi migratoria, veto dell\u2019Ucraina e riorganizzazione interna del governo magiaro \u2013 5 settembre 2026 a cura di The Hungary Insider<\/p><p><\/p><a href=\"https:\/\/hungaryinsider.substack.com\/p\/hungary-weekly-briefing-migration\" data-post-link target=\"_blank\" rel=\"noopener\">Leggi su Substack<\/a><\/div><script async src=\"https:\/\/substack.com\/embedjs\/embed.js\" charset=\"utf-8\"><\/script>\n","protected":false},"excerpt":{"rendered":"<p>Il panorama politico ungherese \u00e8 rimasto molto vivace questa settimana, con la questione migratoria tornata ancora una volta al centro del dibattito nazionale ed europeo, mentre il governo ha continuato a definire la propria posizione sull\u2019Ucraina, sui rapporti con l\u2019UE e sulle prime importanti prove dell\u2019assetto politico post-elettorale. In ambito politico, le questioni chiave hanno [&hellip;]<\/p>\n","protected":false},"author":2,"featured_media":793241,"comment_status":"open","ping_status":"open","sticky":false,"template":"","format":"standard","meta":{"_display_image":"","footnotes":""},"categories":[2552],"tags":[2887,2888,1069],"class_list":["post-793240","post","type-post","status-publish","format-standard","has-post-thumbnail","hentry","category-flash","tag-briefing-di-categoria","tag-the-hungary-insider","tag-ungheria"],"blocksy_meta":[],"author_username":"alk","telegram_post":"","public_post_metadata":{"breaking_news":"yes","important":"no","csempe":"no","center_tile":"no","disable_thumbnail":"no","target_lang":"","_featured_image_style":"","telegram_post":"","_xlat_group_id":"fee85b5a-855e-42b6-b7b5-b2f1fe7e26e2"},"public_rank_math_data":{"title":"%title% %sep% %sitename%","description":"","focus_keyword":"Briefing settimanale sull\u2019Ungheria","canonical_url":"","robots":"","primary_category":"2552","breadcrumb_title":"","facebook_title":"","facebook_description":"","facebook_image":"","facebook_image_id":"","twitter_title":"","twitter_description":"","twitter_image":"","twitter_image_id":"","twitter_card_type":"","twitter_use_facebook":"","advanced_robots":"","pillar_content":"","seo_score":"65","contentai_score":"","rich_snippet":""},"_links":{"self":[{"href":"https:\/\/dailynewshungary.com\/it\/wp-json\/wp\/v2\/posts\/793240","targetHints":{"allow":["GET"]}}],"collection":[{"href":"https:\/\/dailynewshungary.com\/it\/wp-json\/wp\/v2\/posts"}],"about":[{"href":"https:\/\/dailynewshungary.com\/it\/wp-json\/wp\/v2\/types\/post"}],"author":[{"embeddable":true,"href":"https:\/\/dailynewshungary.com\/it\/wp-json\/wp\/v2\/users\/2"}],"replies":[{"embeddable":true,"href":"https:\/\/dailynewshungary.com\/it\/wp-json\/wp\/v2\/comments?post=793240"}],"version-history":[{"count":0,"href":"https:\/\/dailynewshungary.com\/it\/wp-json\/wp\/v2\/posts\/793240\/revisions"}],"wp:featuredmedia":[{"embeddable":true,"href":"https:\/\/dailynewshungary.com\/it\/wp-json\/wp\/v2\/media\/793241"}],"wp:attachment":[{"href":"https:\/\/dailynewshungary.com\/it\/wp-json\/wp\/v2\/media?parent=793240"}],"wp:term":[{"taxonomy":"category","embeddable":true,"href":"https:\/\/dailynewshungary.com\/it\/wp-json\/wp\/v2\/categories?post=793240"},{"taxonomy":"post_tag","embeddable":true,"href":"https:\/\/dailynewshungary.com\/it\/wp-json\/wp\/v2\/tags?post=793240"}],"curies":[{"name":"wp","href":"https:\/\/api.w.org\/{rel}","templated":true}]}}