{"id":793246,"date":"2026-09-06T07:34:00","date_gmt":"2026-09-06T05:34:00","guid":{"rendered":"https:\/\/dailynewshungary.com\/it\/resoconto-ricostruzione-o-ritorno-in-auge-leredita-politica-di-orban-al-centro-dellattenzione-a-budapest\/"},"modified":"2026-09-06T07:34:00","modified_gmt":"2026-09-06T05:34:00","slug":"resoconto-ricostruzione-o-ritorno-in-auge-leredita-politica-di-orban-al-centro-dellattenzione-a-budapest","status":"publish","type":"post","link":"https:\/\/dailynewshungary.com\/it\/resoconto-ricostruzione-o-ritorno-in-auge-leredita-politica-di-orban-al-centro-dellattenzione-a-budapest\/","title":{"rendered":"Resoconto, ricostruzione o ritorno in auge? L\u2019eredit\u00e0 politica di Orb\u00e1n al centro dell\u2019attenzione a Budapest"},"content":{"rendered":"\n<p class=\"wp-block-paragraph\"><strong>La riconciliazione e le speranze di un ritorno al potere nel 2030 sono apparse tutte sullo stesso palcoscenico davanti al Parlamento ungherese sabato, mentre politici, giornalisti e attivisti legati all\u2019ex schieramento di governo hanno discusso su cosa dovrebbe seguire l\u2019era di Viktor Orb\u00e1n.<\/strong><\/p>\n\n\n\n<p class=\"wp-block-paragraph\">La manifestazione, intitolata <em>\u00abNe f\u00e9ljetek! 2.0<\/em> \u2013 <em>Non abbiate paura! 2.0\u00bb<\/em>, si \u00e8 tenuta in piazza Kossuth il 5 settembre, a distanza di mesi dalla perdita del potere da parte di Viktor Orb\u00e1n e del Fidesz, dopo 16 anni al governo.<\/p>\n\n\n\n<p class=\"wp-block-paragraph\">Gli organizzatori hanno descritto l\u2019evento come un raduno civile al di fuori della politica di partito e come un \u00ablaboratorio comunitario\u00bb interattivo. Non si \u00e8 trattato di un comizio ufficiale del Fidesz, sebbene diversi oratori avessero stretti legami con il partito o con la sfera mediatica conservatrice che ha sostenuto i governi di Orb\u00e1n.<\/p>\n\n\n\n<blockquote class=\"wp-block-quote is-layout-flow wp-block-quote-is-layout-flow\">\n<p class=\"wp-block-paragraph\">I discorsi spaziavano da aspri attacchi al nuovo governo a inviti all\u2019autocritica, a una maggiore organizzazione civile e ai preparativi per un\u2019eventuale rimonta politica.<\/p>\n<\/blockquote>\n\n\n\n<h2 class=\"wp-block-heading\">Vendetta o ricostruzione?<\/h2>\n\n\n\n<p class=\"wp-block-paragraph\">Uno dei messaggi pi\u00f9 incisivi \u00e8 giunto da Gergely Huth, ex caporedattore di PestiSr\u00e1cok, un organo di stampa ungherese fermamente filofidesz.<\/p>\n\n\n\n<blockquote class=\"wp-block-quote is-layout-flow wp-block-quote-is-layout-flow\">\n<p class=\"wp-block-paragraph\">Huth ha sostenuto che l\u2019ordine politico instaurato dopo la transizione democratica dell\u2019Ungheria stesse venendo smantellato dal nuovo governo. Ha accusato diversi esponenti di spicco del partito Tisza di intimidire e perseguitare una parte della popolazione, definendoli traditori.<\/p>\n<\/blockquote>\n\n\n\n<p class=\"wp-block-paragraph\">Ha inoltre previsto che sarebbe giunto il momento della \u00abvera responsabilit\u00e0\u00bb, invitando i gruppi civili patriottici a organizzarsi in modo pi\u00f9 efficace. Si trattava di accuse politiche piuttosto che di fatti accertati, e durante la manifestazione non \u00e8 stata presentata alcuna prova di reati penali da parte dei politici da lui citati.<\/p><figure class=\"wp-block-image aligncenter size-full is-resized\"><figcaption class=\"wp-element-caption\">\n<\/figcaption><\/figure>\n\n<figure class=\"wp-block-image aligncenter size-full is-resized\"><figcaption class=\"wp-element-caption\">\n<\/figcaption><img decoding=\"async\" src=\"https:\/\/dailynewshungary.b-cdn.net\/wp-content\/uploads\/2026\/09\/Kossuth-square-rally.webp\" alt=\"Rally Viktor Orban Budapest Fidesz\" class=\"wp-image-706055\" style=\"aspect-ratio:1.4981398654014966;width:618px;height:auto\"\/><figcaption class=\"wp-element-caption\">Partecipanti alla manifestazione in piazza Kossuth. Foto: MTI\/Zolt\u00e1n M\u00e1th\u00e9<\/figcaption><\/figure>\n\n\n\n<p class=\"wp-block-paragraph\">R\u00f3bert \u00c1brah\u00e1m, commentatore conservatore e YouTuber, ha proposto una soluzione nettamente diversa.<\/p>\n\n\n\n<p class=\"wp-block-paragraph\">Pur tracciando a sua volta un quadro profondamente critico del Paese sotto il governo Tisza, \u00c1brah\u00e1m ha sostenuto che la vendetta non dovrebbe essere la priorit\u00e0. Ha invece invocato la ricostruzione della comunit\u00e0 e il \u00abritorno dei giovani\u00bb, affermando che le divisioni interne tra i conservatori li avevano indeboliti.<\/p>\n\n\n\n<p class=\"wp-block-paragraph\">Le sue osservazioni hanno messo in luce una delle questioni centrali che incombevano sul raduno: se l\u2019ex schieramento di governo debba concentrarsi sulla rappresaglia contro i propri avversari politici oppure ripensare il proprio modo di rivolgersi agli elettori dopo aver perso il potere.<\/p>\n\n\n\n<p class=\"has-pale-ocean-gradient-background has-background wp-block-paragraph\">Per ulteriori informazioni sull\u2019attuale equilibrio tra <strong>Tisza e Fidesz<\/strong>: <a href=\"https:\/\/dailynewshungary.com\/it\/il-vantaggio-del-tisza-si-riduce-mentre-il-fidesz-guadagna-terreno-in-un-nuovo-sondaggio-calano-anche-i-consensi-di-magyar\/\/\">il vantaggio di Tisza si riduce mentre Fidesz guadagna terreno in un nuovo sondaggio \u2013 calano anche i consensi di Magyar<\/a><\/p>\n\n\n\n<h2 class=\"wp-block-heading\">Dov\u2019\u00e8 Viktor Orb\u00e1n?<\/h2>\n\n\n\n<p class=\"wp-block-paragraph\">Da quando il Fidesz ha perso il potere, l\u2019ex primo ministro ha mantenuto un profilo pubblico straordinariamente basso. Dopo aver sostenuto J\u00e1nos B\u00f3ka come nuovo capogruppo parlamentare del Fidesz, Orb\u00e1n si \u00e8 ulteriormente allontanato dalla prima linea parlamentare quotidiana del partito.<\/p>\n\n\n\n<p class=\"wp-block-paragraph\">Al momento della stesura di questo articolo, <a href=\"https:\/\/www.facebook.com\/photo\/?fbid=1631932344971024&amp;set=a.347694613394810\" target=\"_blank\" rel=\"noopener\">il<\/a> suo ultimo <a href=\"https:\/\/www.facebook.com\/photo\/?fbid=1631932344971024&amp;set=a.347694613394810\" target=\"_blank\" rel=\"noopener\">post<\/a> su Facebook risale al 20 agosto, quando ha ringraziato J\u00e1nos L\u00e1z\u00e1r per gli anni di lavoro in Parlamento e al governo, aggiungendo che avrebbe continuato a contare sulla sua \u00abesperienza, impegno e spirito di squadra\u00bb.<\/p>\n\n\n\n<p class=\"wp-block-paragraph\">Al di l\u00e0 di questi brevi interventi, Viktor Orb\u00e1n ha fornito pochi indizi su ci\u00f2 che intende fare in futuro \u2013 o su quanto direttamente intenda coinvolger si nel tentativo del Fidesz di ricostruirsi dopo la sconfitta.<\/p>\n\n\n\n<h2 class=\"wp-block-heading\">Ambizioni per il 2030, ma pochi segni di slancio<\/h2>\n\n\n\n<p class=\"wp-block-paragraph\">Durante l\u2019evento, non tutti gli oratori si sono concentrati sul conflitto immediato. D\u00e1niel Kurucz, fondatore di K\u00f6zT\u00e9r, guardava gi\u00e0 alle prossime elezioni parlamentari.<\/p>\n\n\n\n<blockquote class=\"wp-block-quote is-layout-flow wp-block-quote-is-layout-flow\">\n<p class=\"wp-block-paragraph\">Egli ha affermato che i conservatori dovrebbero puntare a sconfiggere Tisza con una maggioranza dei due terzi nel 2030 e ha sollecitato l\u2019avvio dei lavori per un nuovo programma elettorale.<\/p>\n<\/blockquote>\n\n\n\n<p class=\"wp-block-paragraph\">La societ\u00e0 civile, ha sostenuto, dovrebbe svolgere un ruolo pi\u00f9 incisivo non solo nel sostenere la politica, ma anche nel controllarla.<\/p>\n\n\n\n<p class=\"wp-block-paragraph\">Altri oratori hanno posto maggiore enfasi sull\u2019autoriflessione e sulla ricostruzione. L\u00e1szl\u00f3 Szab\u00f3, politico comunale del Fidesz, ha affermato che l\u2019orientamento politico che un tempo gli era servito da guida si \u00e8 gradualmente affievolito, mentre la documentarista Fruzsina Skrabski ha sostenuto che la cooperazione attorno a cause civiche dovrebbe essere possibile indipendentemente dall\u2019appartenenza partitica.<\/p>\n\n\n\n<p class=\"wp-block-paragraph\">La portata del raduno, tuttavia, era in netto contrasto con alcune delle ambizioni espresse dal palco. L\u2019affluenza \u00e8 risultata ben al di sotto dell\u2019interesse manifestato online, e persino un oratore ha riconosciuto il problema, dicendo alla folla che avrebbero dovuto esserci dieci volte pi\u00f9 persone. Per il momento, il raduno \u00e8 sembrato meno il lancio di un nuovo movimento politico che un tentativo di mantenere organizzate alcune parti dell\u2019ex ambiente filogovernativo, alla ricerca di una direzione.<\/p>\n\n\n\n<p class=\"has-pale-ocean-gradient-background has-background wp-block-paragraph\"><strong>Se ve lo siete perso:<\/strong> <a href=\"https:\/\/dailynewshungary.com\/it\/i-prezzi-del-carburante-in-ungheria-affrontano-la-prima-prova-importante-mentre-il-petrolio-sale-e-il-governo-esclude-un-costoso-tetto-massimo\/\/\">i prezzi del carburante in Ungheria affrontano la prima prova importante con l\u2019aumento del petrolio e il governo che esclude un costoso tetto massimo<\/a><\/p>\n\n\n\n<p class=\"wp-block-paragraph\">Immagine di copertina: Screenshot dalla <a href=\"https:\/\/www.youtube.com\/live\/jPmNSnE7JMI\" target=\"_blank\" rel=\"noopener\">diretta<\/a> YouTube di K\u00f6zT\u00e9r della manifestazione <em>\u00abNe f\u00e9ljetek! 2.0\u00bb<\/em> <\/p>\n","protected":false},"excerpt":{"rendered":"<p>La riconciliazione e le speranze di un ritorno al potere nel 2030 sono apparse tutte sullo stesso palcoscenico davanti al Parlamento ungherese sabato, mentre politici, giornalisti e attivisti legati all\u2019ex schieramento di governo hanno discusso su cosa dovrebbe seguire l\u2019era di Viktor Orb\u00e1n. La manifestazione, intitolata \u00abNe f\u00e9ljetek! 2.0 \u2013 Non abbiate paura! 2.0\u00bb, si [&hellip;]<\/p>\n","protected":false},"author":91,"featured_media":793247,"comment_status":"open","ping_status":"open","sticky":false,"template":"","format":"standard","meta":{"_display_image":"","footnotes":""},"categories":[2392],"tags":[1158,2654,2671,1078,1079,2613,1069,1083],"class_list":["post-793246","post","type-post","status-publish","format-standard","has-post-thumbnail","hentry","category-ungherese","tag-budapest","tag-categoria-politica-2","tag-categoria-vita-quotidiana-2","tag-fidesz","tag-governo-ungherese","tag-partito-tisza","tag-ungheria","tag-viktor-orban"],"blocksy_meta":[],"author_username":"api","telegram_post":"","public_post_metadata":{"breaking_news":"yes","important":"no","csempe":"yes","center_tile":"no","disable_thumbnail":"no","target_lang":"","_featured_image_style":"","telegram_post":"","_xlat_group_id":"53e0a66f-6a3e-48fd-8873-226a444765bf"},"public_rank_math_data":{"title":"%title% %sep% %sitename%","description":"","focus_keyword":"Orb\u00e1n","canonical_url":"","robots":"","primary_category":"2392","breadcrumb_title":"","facebook_title":"","facebook_description":"","facebook_image":"","facebook_image_id":"","twitter_title":"","twitter_description":"","twitter_image":"","twitter_image_id":"","twitter_card_type":"","twitter_use_facebook":"","advanced_robots":"","pillar_content":"","seo_score":"80","contentai_score":"","rich_snippet":""},"_links":{"self":[{"href":"https:\/\/dailynewshungary.com\/it\/wp-json\/wp\/v2\/posts\/793246","targetHints":{"allow":["GET"]}}],"collection":[{"href":"https:\/\/dailynewshungary.com\/it\/wp-json\/wp\/v2\/posts"}],"about":[{"href":"https:\/\/dailynewshungary.com\/it\/wp-json\/wp\/v2\/types\/post"}],"author":[{"embeddable":true,"href":"https:\/\/dailynewshungary.com\/it\/wp-json\/wp\/v2\/users\/91"}],"replies":[{"embeddable":true,"href":"https:\/\/dailynewshungary.com\/it\/wp-json\/wp\/v2\/comments?post=793246"}],"version-history":[{"count":0,"href":"https:\/\/dailynewshungary.com\/it\/wp-json\/wp\/v2\/posts\/793246\/revisions"}],"wp:featuredmedia":[{"embeddable":true,"href":"https:\/\/dailynewshungary.com\/it\/wp-json\/wp\/v2\/media\/793247"}],"wp:attachment":[{"href":"https:\/\/dailynewshungary.com\/it\/wp-json\/wp\/v2\/media?parent=793246"}],"wp:term":[{"taxonomy":"category","embeddable":true,"href":"https:\/\/dailynewshungary.com\/it\/wp-json\/wp\/v2\/categories?post=793246"},{"taxonomy":"post_tag","embeddable":true,"href":"https:\/\/dailynewshungary.com\/it\/wp-json\/wp\/v2\/tags?post=793246"}],"curies":[{"name":"wp","href":"https:\/\/api.w.org\/{rel}","templated":true}]}}