{"id":793252,"date":"2026-09-06T11:34:00","date_gmt":"2026-09-06T09:34:00","guid":{"rendered":"https:\/\/dailynewshungary.com\/it\/budapest-sta-per-ospitare-un-evento-di-atletica-leggera-senza-precedenti-10-milioni-di-dollari-in-montepremi-e-nessuna-medaglia\/"},"modified":"2026-09-06T11:34:00","modified_gmt":"2026-09-06T09:34:00","slug":"budapest-sta-per-ospitare-un-evento-di-atletica-leggera-senza-precedenti-10-milioni-di-dollari-in-montepremi-e-nessuna-medaglia","status":"publish","type":"post","link":"https:\/\/dailynewshungary.com\/it\/budapest-sta-per-ospitare-un-evento-di-atletica-leggera-senza-precedenti-10-milioni-di-dollari-in-montepremi-e-nessuna-medaglia\/","title":{"rendered":"Budapest sta per ospitare un evento di atletica leggera senza precedenti: 10 milioni di dollari in montepremi e nessuna medaglia"},"content":{"rendered":"\n<p class=\"wp-block-paragraph\"><strong>Budapest si appresta ad ospitare la prima edizione del World Athletics Ultimate Championship, una competizione mondiale completamente nuova che porter\u00e0 alcuni dei migliori atleti del mondo nella capitale ungherese dall\u201911 al 13 settembre.<\/strong><\/p>\n\n\n\n<p class=\"wp-block-paragraph\">L\u2019evento di tre giorni, che si terr\u00e0 presso il Centro Nazionale di Atletica Leggera, romper\u00e0 con il tradizionale formato dei Campionati del Mondo. Con un montepremi record di 10 milioni di dollari e la partecipazione di alcuni dei pi\u00f9 grandi nomi di questo sport, gli organizzatori promettono uno spettacolo pi\u00f9 veloce e con una posta in gioco pi\u00f9 alta.<\/p>\n\n\n\n<p class=\"wp-block-paragraph\">Gli organizzatori hanno promesso un formato compatto e ricco di suspense, in cui quasi ogni sessione sar\u00e0 ricca di semifinali e finali \u2013 e persino la tradizionale cerimonia di premiazione \u00e8 stata ripensata.<\/p>\n\n\n\n<p class=\"wp-block-paragraph\"><a href=\"https:\/\/worldathletics.org\/hu\/competitions\/world-athletics-ultimate-championship\/2026\/news\" target=\"_blank\" rel=\"noopener\">World Athletics<\/a> afferma che il parterre riunir\u00e0 i campioni olimpici di Parigi 2024, i campioni del mondo di Tokyo 2025, i vincitori della Diamond League di quest\u2019anno e i migliori atleti delle classifiche mondiali.<\/p>\n\n\n\n<h2 class=\"wp-block-heading\">Il montepremi pi\u00f9 ricco nella storia dell\u2019atletica leggera<\/h2>\n\n\n\n<p class=\"wp-block-paragraph\">Un totale di 10 milioni di dollari sar\u00e0 distribuito tra gli atleti, rendendo questo montepremi il pi\u00f9 consistente mai offerto in occasione di un singolo evento di atletica leggera. <\/p>\n\n\n\n<blockquote class=\"wp-block-quote is-layout-flow wp-block-quote-is-layout-flow\">\n<p class=\"wp-block-paragraph\">I vincitori delle singole gare riceveranno 150.000 dollari, mentre i secondi classificati guadagneranno 75.000 dollari e i terzi classificati 40.000 dollari. Le squadre vincitrici delle staffette si divideranno 80.000 dollari.<\/p>\n<\/blockquote>\n\n\n\n<p class=\"wp-block-paragraph\">La competizione comprender\u00e0 26 gare individuali \u2013 13 maschili e 13 femminili \u2013 oltre a due staffette miste.<\/p><figure class=\"wp-block-image aligncenter size-full is-resized\"><figcaption class=\"wp-element-caption\">\n<\/figcaption><\/figure>\n\n<figure class=\"wp-block-image aligncenter size-full is-resized\"><figcaption class=\"wp-element-caption\">\n<\/figcaption><img decoding=\"async\" src=\"https:\/\/dailynewshungary.b-cdn.net\/wp-content\/uploads\/2026\/09\/Arena_.webp\" alt=\"World Athletics Ultimate Championship, Budapest athletics, National Athletics Centre, Budapest 2026, World Athletics\" class=\"wp-image-706074\" style=\"aspect-ratio:1.3326392503904216;width:534px;height:auto\"\/><figcaption class=\"wp-element-caption\">Il Centro Nazionale di Atletica Leggera di Budapest, sede del Campionato Mondiale di Atletica Leggera Ultimate 2026. Foto: Facebook \/ Campionato Mondiale di Atletica Leggera Ultimate<\/figcaption><\/figure>\n\n\n\n<p class=\"wp-block-paragraph\">Tra gli atleti ammessi alla competizione figurano i campioni olimpici di Parigi 2024, i campioni del mondo incoronati a Tokyo nel 2025 e i vincitori della Diamond League di questa stagione. Gli atleti possono qualificarsi anche tramite la classifica mondiale, mentre un numero limitato di essi potr\u00e0 ricevere inviti speciali.<\/p>\n\n\n\n<h2 class=\"wp-block-heading\">Nessuna medaglia d\u2019oro, d\u2019argento o di bronzo <\/h2>\n\n\n\n<p class=\"wp-block-paragraph\">Una delle caratteristiche pi\u00f9 insolite del nuovo campionato \u00e8 che non ci saranno le tradizionali medaglie d\u2019oro, d\u2019argento e di bronzo. Al loro posto, World Athletics ha ideato un trofeo speciale per ciascun campione assoluto. Ogni atleta partecipante ricever\u00e0 un braccialetto unico, che costituisce parte integrante del trofeo del vincitore.<\/p><figure class=\"wp-block-image aligncenter size-full is-resized\"><figcaption class=\"wp-element-caption\">\n<\/figcaption><\/figure>\n\n<figure class=\"wp-block-image aligncenter size-full is-resized\"><figcaption class=\"wp-element-caption\">\n<\/figcaption><img decoding=\"async\" src=\"https:\/\/dailynewshungary.b-cdn.net\/wp-content\/uploads\/2026\/09\/Trophy.webp\" alt=\"World Athletics Ultimate Championship, Budapest athletics, National Athletics Centre, Budapest 2026, World Athletics\" class=\"wp-image-706075\" style=\"aspect-ratio:0.6660884648742411;width:238px;height:auto\"\/><figcaption class=\"wp-element-caption\">Il trofeo appositamente progettato. Foto: <a href=\"https:\/\/www.facebook.com\/photo.php?fbid=1071596108961750&amp;set=pb.100083341117242.-2207520000&amp;type=3&amp;locale=hu_HU\" target=\"_blank\" rel=\"noopener\">Facebook \/ World Athletics Ultimate Championship<\/a><\/figcaption><\/figure>\n\n\n\n<p class=\"wp-block-paragraph\">Il presidente di World Athletics, Sebastian Coe, ha affermato che la decisione mirava a sottolineare l\u2019idea centrale del campionato: individuare il miglior atleta in assoluto in ciascuna disciplina, piuttosto che concentrarsi sul tradizionale podio.<\/p>\n\n\n\n<p class=\"has-pale-ocean-gradient-background has-background wp-block-paragraph\"><strong>Leggi anche:<\/strong> <a href=\"https:\/\/dailynewshungary.com\/it\/il-k-pop-in-ungheria-non-e-piu-solo-una-moda-tra-gli-adolescenti-sta-diventando-un-vero-e-proprio-movimento-culturale-intervista\/\/\">Il K-pop in Ungheria non \u00e8 pi\u00f9 solo una moda adolescenziale: sta diventando un movimento culturale \u2013 intervista<\/a><\/p>\n\n\n\n<h2 class=\"wp-block-heading\">Cosa aspettarsi a Budapest<\/h2>\n\n\n\n<p class=\"wp-block-paragraph\">La prima edizione del World Athletics Ultimate Championship si terr\u00e0 presso il Centro Nazionale di Atletica Leggera dall\u201911 al 13 settembre, con tre sessioni serali concise incentrate sulle semifinali e sulle finali, anzich\u00e9 su lunghi turni di qualificazione.<\/p>\n\n\n\n<p class=\"wp-block-paragraph\">Gli spettatori potranno assistere a un formato dal ritmo molto pi\u00f9 serrato rispetto a quello di un campionato mondiale tradizionale:<\/p>\n\n\n\n<ul class=\"wp-block-list\">\n<li><strong>Venerd\u00ec 11 settembre:<\/strong> lancio del martello maschile, salto con l\u2019asta maschile, gare a ostacoli e staffetta mista 4&#215;100 m<\/li>\n\n\n\n<li><strong>Sabato 12 settembre:<\/strong> la grande serata dedicata allo sprint, con i 100 m sia femminili che maschili<\/li>\n\n\n\n<li><strong>Domenica 13 settembre:<\/strong> finali dei 200 m, gare di mezzofondo e staffetta mista 4&#215;400 m<\/li>\n<\/ul>\n\n\n\n<p class=\"wp-block-paragraph\">Anche i tifosi ungheresi avranno molto da seguire. Bence Hal\u00e1sz \u00e8 tra le maggiori speranze di casa nel lancio del martello, mentre Bogl\u00e1rka Tak\u00e1cs, Luca Koz\u00e1k, Attila Moln\u00e1r, Patrik Enyingi e S\u00e1ra M\u00e1t\u00f3 sono anch\u2019essi pronti a gareggiare, insieme alle squadre ungheresi nelle staffette miste.<\/p>\n\n\n\n<h2 class=\"wp-block-heading\">Biglietti e sede<\/h2>\n\n\n\n<p class=\"wp-block-paragraph\">Il campionato si terr\u00e0 presso il Centro Nazionale di Atletica Leggera di Budapest, lo stesso stadio che ha ospitato i Campionati mondiali di atletica leggera del 2023.<\/p>\n\n\n\n<p class=\"wp-block-paragraph\">I biglietti sono disponibili sul <a href=\"https:\/\/worldathletics.org\/competitions\/world-athletics-ultimate-championship\/2026\" target=\"_blank\" rel=\"noopener\">sito web<\/a> ufficiale <a href=\"https:\/\/worldathletics.org\/competitions\/world-athletics-ultimate-championship\/2026\" target=\"_blank\" rel=\"noopener\">del World Athletics Ultimate Championship<\/a>, dove gli spettatori possono inoltre verificare i prezzi attuali e le opzioni di posti a sedere.<\/p>\n\n\n\n<p class=\"wp-block-paragraph\">Informazioni principali:<\/p>\n\n\n\n<ul class=\"wp-block-list\">\n<li><strong>Date:<\/strong> 11\u201313 settembre 2026<\/li>\n\n\n\n<li><strong>Sede:<\/strong> Centro Nazionale di Atletica Leggera, Budapest<\/li>\n\n\n\n<li><strong>Formato:<\/strong> tre sessioni serali, dedicate alle semifinali e alle finali<\/li>\n<\/ul>\n\n\n\n<p class=\"wp-block-paragraph\">Per Budapest, l\u2019evento segner\u00e0 un altro importante weekend internazionale dedicato all\u2019atletica leggera dopo i Campionati mondiali del 2023 \u2014 questa volta in un formato pi\u00f9 breve e pi\u00f9 dinamico.<\/p>\n\n\n\n<p class=\"has-pale-ocean-gradient-background has-background wp-block-paragraph\"><strong>Se ve lo siete perso:<\/strong> <a href=\"https:\/\/dailynewshungary.com\/it\/costo-della-vita-in-ungheria-linflazione-e-scesa-perche-allora-le-persone-si-sentono-ancora-piu-povere\/\/\">Costo della vita in Ungheria: l\u2019inflazione \u00e8 scesa \u2013 ma perch\u00e9 allora la gente si sente ancora pi\u00f9 povera?<\/a><\/p>\n\n\n\n<p class=\"wp-block-paragraph\">Immagine di copertina: <a href=\"https:\/\/www.facebook.com\/atletikai.vilagdonto.budapest2026?__tn__=-UC*F\" target=\"_blank\" rel=\"noopener\">Atl\u00e9tikai Vil\u00e1gd\u00f6nt\u0151 Budapest 2026 \/ Facebook <\/a><\/p>\n","protected":false},"excerpt":{"rendered":"<p>Budapest si appresta ad ospitare la prima edizione del World Athletics Ultimate Championship, una competizione mondiale completamente nuova che porter\u00e0 alcuni dei migliori atleti del mondo nella capitale ungherese dall\u201911 al 13 settembre. L\u2019evento di tre giorni, che si terr\u00e0 presso il Centro Nazionale di Atletica Leggera, romper\u00e0 con il tradizionale formato dei Campionati del [&hellip;]<\/p>\n","protected":false},"author":91,"featured_media":793253,"comment_status":"open","ping_status":"open","sticky":false,"template":"","format":"standard","meta":{"_display_image":"","footnotes":""},"categories":[1268],"tags":[1158,2890,2449,2373,2661,2557,2889,1069],"class_list":["post-793252","post","type-post","status-publish","format-standard","has-post-thumbnail","hentry","category-sport","tag-budapest","tag-campionati-mondiali","tag-categoria-budapest","tag-categoria-mondo","tag-categoria-notizie-internazionali","tag-categoria-vita-in-ungheria","tag-sport-allaperto-2","tag-ungheria"],"blocksy_meta":[],"author_username":"api","telegram_post":"","public_post_metadata":{"breaking_news":"yes","important":"no","csempe":"yes","center_tile":"no","disable_thumbnail":"no","target_lang":"","_featured_image_style":"","telegram_post":"","_xlat_group_id":"e17beef2-16d6-4b4b-830b-e6e5e170b815"},"public_rank_math_data":{"title":"%title% %sep% %sitename%","description":"","focus_keyword":"Atletica leggera","canonical_url":"","robots":"","primary_category":"1268","breadcrumb_title":"","facebook_title":"","facebook_description":"","facebook_image":"","facebook_image_id":"","twitter_title":"","twitter_description":"","twitter_image":"","twitter_image_id":"","twitter_card_type":"","twitter_use_facebook":"","advanced_robots":"","pillar_content":"","seo_score":"80","contentai_score":"","rich_snippet":""},"_links":{"self":[{"href":"https:\/\/dailynewshungary.com\/it\/wp-json\/wp\/v2\/posts\/793252","targetHints":{"allow":["GET"]}}],"collection":[{"href":"https:\/\/dailynewshungary.com\/it\/wp-json\/wp\/v2\/posts"}],"about":[{"href":"https:\/\/dailynewshungary.com\/it\/wp-json\/wp\/v2\/types\/post"}],"author":[{"embeddable":true,"href":"https:\/\/dailynewshungary.com\/it\/wp-json\/wp\/v2\/users\/91"}],"replies":[{"embeddable":true,"href":"https:\/\/dailynewshungary.com\/it\/wp-json\/wp\/v2\/comments?post=793252"}],"version-history":[{"count":0,"href":"https:\/\/dailynewshungary.com\/it\/wp-json\/wp\/v2\/posts\/793252\/revisions"}],"wp:featuredmedia":[{"embeddable":true,"href":"https:\/\/dailynewshungary.com\/it\/wp-json\/wp\/v2\/media\/793253"}],"wp:attachment":[{"href":"https:\/\/dailynewshungary.com\/it\/wp-json\/wp\/v2\/media?parent=793252"}],"wp:term":[{"taxonomy":"category","embeddable":true,"href":"https:\/\/dailynewshungary.com\/it\/wp-json\/wp\/v2\/categories?post=793252"},{"taxonomy":"post_tag","embeddable":true,"href":"https:\/\/dailynewshungary.com\/it\/wp-json\/wp\/v2\/tags?post=793252"}],"curies":[{"name":"wp","href":"https:\/\/api.w.org\/{rel}","templated":true}]}}