{"id":793254,"date":"2026-09-06T12:54:00","date_gmt":"2026-09-06T10:54:00","guid":{"rendered":"https:\/\/dailynewshungary.com\/it\/ritrovato-il-corpo-di-un-membro-dello-staff-dellozora-festival-21enne-scomparso-nei-pressi-del-luogo-del-festival\/"},"modified":"2026-09-06T12:54:00","modified_gmt":"2026-09-06T10:54:00","slug":"ritrovato-il-corpo-di-un-membro-dello-staff-dellozora-festival-21enne-scomparso-nei-pressi-del-luogo-del-festival","status":"publish","type":"post","link":"https:\/\/dailynewshungary.com\/it\/ritrovato-il-corpo-di-un-membro-dello-staff-dellozora-festival-21enne-scomparso-nei-pressi-del-luogo-del-festival\/","title":{"rendered":"Ritrovato il corpo di un membro dello staff dell\u2019Ozora Festival, 21enne, scomparso nei pressi del luogo del festival"},"content":{"rendered":"\n<p class=\"wp-block-paragraph\"><strong>A pi\u00f9 di un mese dalla sua scomparsa, Bence Szolnoki, membro dello staff del Festival OZORA di 21 anni, \u00e8 stato ritrovato senza vita nei pressi dell\u2019area del festival.<\/strong><\/p>\n\n\n\n<p class=\"wp-block-paragraph\">Gli organizzatori del festival hanno comunicato che la Questura della contea di Fej\u00e9r ha confermato ufficialmente che il corpo di Szolnoki \u00e8 stato rinvenuto venerd\u00ec all\u2019esterno dell\u2019area del festival. Szolnoki faceva parte dello staff in loco dell\u2019Ozora e, prima della sua scomparsa, era stato coinvolto nei preparativi del festival.<\/p>\n\n\n\n<blockquote class=\"wp-block-quote is-layout-flow wp-block-quote-is-layout-flow\">\n<p class=\"wp-block-paragraph\">\u00ab\u00c8 con grande tristezza che comunichiamo alla comunit\u00e0 dell\u2019O.Z.O.R.A. che il corpo di Bence Szolnoki \u00e8 stato rinvenuto venerd\u00ec in un campo di mais nei pressi dell\u2019area del festival\u00bb, hanno dichiarato gli organizzatori sulla propria <a href=\"https:\/\/www.facebook.com\/photo\/?fbid=1657126669317028&amp;set=a.645816033781435\" target=\"_blank\" rel=\"noopener\">pagina Facebook ufficiale.<\/a><\/p>\n<\/blockquote>\n\n\n\n<p class=\"wp-block-paragraph\">Il festival ha descritto Szolnoki sia come un collega che come un membro della propria comunit\u00e0, sottolineando che i membri dello staff vivono e lavorano insieme durante tutto il periodo di preparazione, che dura diversi mesi.<\/p>\n\n\n\n<blockquote class=\"wp-block-quote is-layout-flow wp-block-quote-is-layout-flow\">\n<p class=\"wp-block-paragraph\">\u00abAbbiamo perso un collega e un membro della nostra comunit\u00e0\u00bb, hanno affermato gli organizzatori, porgendo le proprie condoglianze alla sua famiglia e ai suoi cari.<\/p>\n<\/blockquote>\n\n\n\n<h2 class=\"wp-block-heading\">Scomparso dalla fine di luglio<\/h2>\n\n\n\n<p class=\"wp-block-paragraph\">La polizia ungherese era alla ricerca di Szolnoki dall\u2019inizio di agosto. Secondo un precedente <a href=\"https:\/\/www.police.hu\/hu\/hirek-es-informaciok\/legfrissebb-hireink\/felhivasok\/keressuk-szolnoki-bence-donatot\" target=\"_blank\" rel=\"noopener\">comunicato<\/a> della polizia, il ventunenne di Tahit\u00f3tfalu si era recato il 24 luglio a un festival nella contea di Tolna per motivi di lavoro ed era stato contattato per l\u2019ultima volta da un familiare il 26 luglio. Altre notizie, basate su informazioni fornite dai suoi parenti, riferiscono che \u00e8 stato visto l\u2019ultima volta al Festival O.Z.O.R.A. alla fine di luglio.<\/p>\n\n\n\n<p class=\"wp-block-paragraph\">La sua scomparsa ha dato il via a un&#8217;ampia operazione di ricerca che ha coinvolto polizia, volontari e squadre di soccorso civili; nelle settimane successive, alcune zone nei dintorni del festival sono state setacciate ripetutamente. Gli organizzatori hanno espresso le loro condoglianze alla famiglia e ai cari di Szolnoki, affermando che la sua morte \u00e8 particolarmente dolorosa a causa del suo stretto legame con lo staff del festival.<\/p>\n\n\n\n<blockquote class=\"wp-block-quote is-layout-flow wp-block-quote-is-layout-flow\">\n<p class=\"wp-block-paragraph\">Non sono ancora state diffuse informazioni ufficiali sulla causa o sulle circostanze della sua morte, e il ritrovamento \u00e8 stato annunciato pubblicamente per la prima volta dal festival domenica.<\/p>\n<\/blockquote>\n\n\n\n<p class=\"has-pale-ocean-gradient-background has-background wp-block-paragraph\"><strong>Se ve lo siete perso: <\/strong><a href=\"https:\/\/dailynewshungary.com\/it\/la-polizia-ungherese-sequestra-migliaia-di-documenti-nellambito-di-unindagine-sulle-operazioni-della-banca-statale-eximbank\/\/\">la polizia ungherese sequestra migliaia di documenti nell\u2019ambito dell\u2019indagine sugli accordi della banca statale Eximbank<\/a><\/p>\n\n\n\n<h2 class=\"wp-block-heading\">Terzo decesso collegato all\u2019edizione di quest\u2019anno dell\u2019Ozora<\/h2>\n\n\n\n<p class=\"wp-block-paragraph\">La morte di Szolnoki \u00e8 la terza collegata all\u2019O.Z.O.R.A. Festival di quest\u2019anno, sebbene le circostanze dei tre casi siano diverse e non vi sia alcun collegamento noto tra di essi.<\/p>\n\n\n\n<p class=\"wp-block-paragraph\">All\u2019inizio di agosto, un uomo americano di 45 anni \u00e8 deceduto dopo essersi arrampicato su alcune strutture decorative nei pressi del palco principale ed essere caduto. La polizia ha escluso il coinvolgimento di terzi.<\/p>\n\n\n\n<p class=\"wp-block-paragraph\">Anche una donna di 39 anni \u00e8 deceduta durante il festival in seguito a un arresto cardiaco improvviso. I soccorritori hanno tentato di rianimarla, ma non sono riusciti a salvarle la vita. A seguito di questi due decessi, gli organizzatori hanno ridotto il programma musicale della domenica del festival.<\/p>\n\n\n\n<p class=\"has-pale-ocean-gradient-background has-background wp-block-paragraph\"><a href=\"https:\/\/dailynewshungary.com\/american-man-dies-ozora-festival-hungary\/?utm_source=chatgpt.com\"><strong>Tragedia: due partecipanti muoiono all\u2019Ozora Festival in Ungheria<\/strong><\/a><\/p>\n\n\n\n<p class=\"wp-block-paragraph\">Immagine di copertina: <a href=\"https:\/\/www.facebook.com\/photo.php?fbid=1622010559495306&amp;set=pb.100050591314749.-2207520000&amp;type=3&amp;locale=hu_HU\" target=\"_blank\" rel=\"noopener\">Foto: Ozora Festival ufficiale \/ Facebook<\/a><\/p>\n","protected":false},"excerpt":{"rendered":"<p>A pi\u00f9 di un mese dalla sua scomparsa, Bence Szolnoki, membro dello staff del Festival OZORA di 21 anni, \u00e8 stato ritrovato senza vita nei pressi dell\u2019area del festival. Gli organizzatori del festival hanno comunicato che la Questura della contea di Fej\u00e9r ha confermato ufficialmente che il corpo di Szolnoki \u00e8 stato rinvenuto venerd\u00ec all\u2019esterno [&hellip;]<\/p>\n","protected":false},"author":91,"featured_media":793255,"comment_status":"open","ping_status":"open","sticky":false,"template":"","format":"standard","meta":{"_display_image":"","footnotes":""},"categories":[2439],"tags":[2872,1161,1123,1069],"class_list":["post-793254","post","type-post","status-publish","format-standard","has-post-thumbnail","hentry","category-vita","tag-categoria-incidente-2","tag-musica","tag-polizia-ungherese","tag-ungheria"],"blocksy_meta":[],"author_username":"api","telegram_post":"","public_post_metadata":{"breaking_news":"yes","important":"no","csempe":"yes","center_tile":"no","disable_thumbnail":"no","target_lang":"","_featured_image_style":"","telegram_post":"","_xlat_group_id":"d9cbd29b-a59d-4beb-8125-adadbd0e6504"},"public_rank_math_data":{"title":"%title% %sep% %sitename%","description":"","focus_keyword":"Ozora","canonical_url":"","robots":"","primary_category":"2439","breadcrumb_title":"","facebook_title":"","facebook_description":"","facebook_image":"","facebook_image_id":"","twitter_title":"","twitter_description":"","twitter_image":"","twitter_image_id":"","twitter_card_type":"","twitter_use_facebook":"","advanced_robots":"","pillar_content":"","seo_score":"78","contentai_score":"","rich_snippet":""},"_links":{"self":[{"href":"https:\/\/dailynewshungary.com\/it\/wp-json\/wp\/v2\/posts\/793254","targetHints":{"allow":["GET"]}}],"collection":[{"href":"https:\/\/dailynewshungary.com\/it\/wp-json\/wp\/v2\/posts"}],"about":[{"href":"https:\/\/dailynewshungary.com\/it\/wp-json\/wp\/v2\/types\/post"}],"author":[{"embeddable":true,"href":"https:\/\/dailynewshungary.com\/it\/wp-json\/wp\/v2\/users\/91"}],"replies":[{"embeddable":true,"href":"https:\/\/dailynewshungary.com\/it\/wp-json\/wp\/v2\/comments?post=793254"}],"version-history":[{"count":0,"href":"https:\/\/dailynewshungary.com\/it\/wp-json\/wp\/v2\/posts\/793254\/revisions"}],"wp:featuredmedia":[{"embeddable":true,"href":"https:\/\/dailynewshungary.com\/it\/wp-json\/wp\/v2\/media\/793255"}],"wp:attachment":[{"href":"https:\/\/dailynewshungary.com\/it\/wp-json\/wp\/v2\/media?parent=793254"}],"wp:term":[{"taxonomy":"category","embeddable":true,"href":"https:\/\/dailynewshungary.com\/it\/wp-json\/wp\/v2\/categories?post=793254"},{"taxonomy":"post_tag","embeddable":true,"href":"https:\/\/dailynewshungary.com\/it\/wp-json\/wp\/v2\/tags?post=793254"}],"curies":[{"name":"wp","href":"https:\/\/api.w.org\/{rel}","templated":true}]}}