{"id":793256,"date":"2026-09-06T14:14:00","date_gmt":"2026-09-06T12:14:00","guid":{"rendered":"https:\/\/dailynewshungary.com\/it\/la-mezza-maratona-di-budapest-batte-il-record-di-partecipazione-con-corridori-provenienti-da-117-paesi\/"},"modified":"2026-09-06T14:14:00","modified_gmt":"2026-09-06T12:14:00","slug":"la-mezza-maratona-di-budapest-batte-il-record-di-partecipazione-con-corridori-provenienti-da-117-paesi","status":"publish","type":"post","link":"https:\/\/dailynewshungary.com\/it\/la-mezza-maratona-di-budapest-batte-il-record-di-partecipazione-con-corridori-provenienti-da-117-paesi\/","title":{"rendered":"La Mezza Maratona di Budapest batte il record di partecipazione con corridori provenienti da 117 paesi"},"content":{"rendered":"\n<p class=\"wp-block-paragraph\"><strong>Domenica a Budapest \u00e8 stato registrato un nuovo record di partecipazione alla 41\u00aa Mezza Maratona Wizz Air di Budapest, con oltre 24.000 iscritti<\/strong>.<\/p>\n\n\n\n<p class=\"wp-block-paragraph\">Oltre 24.000 persone si sono iscritte all\u2019evento, superando il precedente record registrato lo scorso anno. Tra i partecipanti figuravano corridori provenienti da 117 paesi, mentre i partecipanti ungheresi provenivano da circa 1.200 citt\u00e0 e villaggi di tutto il paese.<\/p><figure class=\"wp-block-image aligncenter size-full is-resized\"><figcaption class=\"wp-element-caption\">\n<\/figcaption><\/figure>\n\n<figure class=\"wp-block-image aligncenter size-full is-resized\"><figcaption class=\"wp-element-caption\">\n<\/figcaption><a href=\"https:\/\/www.facebook.com\/photo.php?fbid=1546598720846044&amp;set=pb.100064877910513.-2207520000&amp;type=3&amp;locale=hu_HU\" target=\"_blank\" rel=\"noopener\"><img decoding=\"async\" src=\"https:\/\/dailynewshungary.b-cdn.net\/wp-content\/uploads\/2026\/09\/Maraton-cover.webp\" alt=\"Budapest Half Marathon running Wizz Air sport\" class=\"wp-image-706085\" style=\"aspect-ratio:1.5000348262171763;width:623px;height:auto\"\/><\/a><figcaption class=\"wp-element-caption\">Foto: Budapest <a href=\"https:\/\/www.facebook.com\/photo.php?fbid=1546598720846044&amp;set=pb.100064877910513.-2207520000&amp;type=3&amp;locale=hu_HU\" target=\"_blank\" rel=\"noopener\">F\u00e9lmaraton \/ Facebook<\/a><\/figcaption><\/figure>\n\n\n\n<p class=\"wp-block-paragraph\">La portata dell\u2019evento \u00e8 stata evidente fin dall\u2019inizio. I concorrenti sono partiti dal viale P\u00e1zm\u00e1ny P\u00e9ter, ma data l\u2019enorme affluenza, la procedura di partenza scaglionata \u00e8 durata di per s\u00e9 quasi 50 minuti.<\/p>\n\n\n\n<p class=\"wp-block-paragraph\">Oltre alla tradizionale mezza maratona di 21,1 chilometri, i corridori potevano partecipare anche a una gara di 10 chilometri, conferendo all\u2019evento un carattere di partecipazione di massa ancora pi\u00f9 ampio.<\/p>\n\n\n\n<h2 class=\"wp-block-heading\">I campioni ungheresi difendono i propri titoli<\/h2>\n\n\n\n<p class=\"wp-block-paragraph\">L\u2019evento ha ospitato anche i Campionati ungheresi di mezza maratona, in cui entrambi i campioni in carica hanno mantenuto i propri titoli.<\/p>\n\n\n\n<ul class=\"wp-block-list\">\n<li>Nella gara maschile, G\u00e1bor Karsai ha difeso con successo il proprio titolo nazionale con un tempo di 1:04:19. M\u00e1t\u00e9 D\u00e1vid V\u00e1s\u00e1rhelyi si \u00e8 classificato secondo con 1:07:27, mentre \u00c1kos Moln\u00e1r ha conquistato il terzo posto con 1:07:31.<\/li>\n\n\n\n<li>Lili Anna Vindics-T\u00f3th si \u00e8 dimostrata ancora pi\u00f9 dominante nella gara femminile, conservando il titolo con un notevole record personale di 1:09:21. Vikt\u00f3ria Niesz si \u00e8 classificata seconda con un tempo di 1:18:46, mentre N\u00f3ra Nagy ha ottenuto il terzo posto con 1:19:36.<\/li>\n<\/ul>\n\n\n\n<blockquote class=\"wp-block-quote is-layout-flow wp-block-quote-is-layout-flow\">\n<p class=\"wp-block-paragraph\">Sia la mezza maratona che la gara di 10 chilometri hanno raggiunto il numero massimo di iscritti prima del giorno della gara. Il solo rettilineo di partenza si estendeva per circa 600 metri, aiutando gli organizzatori a gestire quella che hanno definito la pi\u00f9 grande partenza di mezza maratona mai organizzata in Ungheria.<\/p>\n<\/blockquote>\n\n\n\n<p class=\"has-pale-ocean-gradient-background has-background wp-block-paragraph\"><strong>Un altro evento sportivo in programma:<\/strong> <a href=\"https:\/\/dailynewshungary.com\/it\/budapest-sta-per-ospitare-un-evento-di-atletica-leggera-senza-precedenti-10-milioni-di-dollari-in-montepremi-e-nessuna-medaglia\/\/\">Budapest sta per ospitare una manifestazione di atletica leggera senza precedenti \u2013 10 milioni di dollari di montepremi e nessuna medaglia<\/a><\/p>\n\n\n\n<h2 class=\"wp-block-heading\">Il turismo podistico straniero \u00e8 in forte aumento a Budapest<\/h2>\n\n\n\n<p class=\"wp-block-paragraph\">Una delle tendenze pi\u00f9 evidenti alla base del record di quest\u2019anno \u00e8 la rapida crescita del turismo podistico internazionale. Secondo l\u2019Ufficio dello Sport di Budapest, 8.449 iscrizioni provenivano dall\u2019estero, tra cui 7.330 corridori stranieri nella sola mezza maratona.<\/p><figure class=\"wp-block-image aligncenter size-large is-resized\"><figcaption class=\"wp-element-caption\">\n<\/figcaption><\/figure>\n\n<figure class=\"wp-block-image aligncenter size-large is-resized\"><figcaption class=\"wp-element-caption\">\n<\/figcaption><img decoding=\"async\" src=\"https:\/\/dailynewshungary.b-cdn.net\/wp-content\/uploads\/2026\/09\/Maraton-old-man-1280x1600.webp\" alt=\"Budapest Half Marathon running Wizz Air sport\" class=\"wp-image-706086\" style=\"width:444px;height:auto\"\/><figcaption class=\"wp-element-caption\">Foto: <a href=\"https:\/\/www.facebook.com\/photo.php?fbid=1545833380922578&amp;set=pb.100064877910513.-2207520000&amp;type=3&amp;locale=hu_HU\" target=\"_blank\" rel=\"noopener\">Budapest F\u00e9lmaraton \/ Facebook<\/a><\/figcaption><\/figure>\n\n\n\n<p class=\"wp-block-paragraph\">Gli organizzatori affermano che la partecipazione internazionale \u00e8 aumentata di circa il 300% rispetto al periodo pre-Covid, trasformando la Mezza Maratona di Budapest in un evento sempre pi\u00f9 importante nel calendario podistico autunnale europeo.<\/p>\n\n\n\n<p class=\"wp-block-paragraph\">La crescita \u00e8 particolarmente evidente se confrontata con quella dello scorso anno. Nel 2025, poco pi\u00f9 di 6.300 corridori internazionali si sono iscritti alla gara e gli organizzatori hanno stimato che i partecipanti stranieri abbiano generato circa 40.000 pernottamenti a Budapest. Quest\u2019anno il numero di partecipanti provenienti dall\u2019estero \u00e8 nuovamente e sostanzialmente pi\u00f9 elevato, sebbene non siano ancora stati pubblicati dati turistici comparabili per il 2026.<\/p>\n\n\n\n<h2 class=\"wp-block-heading\">Due tonnellate di medaglie per una gara con tutti i posti esauriti<\/h2>\n\n\n\n<p class=\"wp-block-paragraph\">La portata dell\u2019evento era evidente anche nei preparativi. Gli organizzatori hanno dovuto produrre circa due tonnellate di medaglie di partecipazione per la gara del 2026. Il loro disegno raffigura il profilo di Budapest e del fiume Danubio, mentre il percorso stesso conduce i corridori attraverso diverse aree della capitale dichiarate Patrimonio dell\u2019Umanit\u00e0.<\/p>\n\n\n\n<p class=\"has-pale-ocean-gradient-background has-background wp-block-paragraph\"><strong>Se ve lo siete perso:<\/strong> <a href=\"https:\/\/dailynewshungary.com\/it\/budapest-sta-per-ospitare-un-evento-di-atletica-leggera-senza-precedenti-10-milioni-di-dollari-in-montepremi-e-nessuna-medaglia\/\/\">Il costo della vita in Ungheria \u2013 L\u2019inflazione \u00e8 scesa, ma perch\u00e9 la gente si sente ancora pi\u00f9 povera?<\/a><\/p>\n\n\n\n<p class=\"wp-block-paragraph\">Foto: <a href=\"https:\/\/www.facebook.com\/photo.php?fbid=1546598720846044&amp;set=pb.100064877910513.-2207520000&amp;type=3&amp;locale=hu_HU\" target=\"_blank\" rel=\"noopener\">Budapest F\u00e9lmaraton \/ Facebook<\/a><\/p>\n","protected":false},"excerpt":{"rendered":"<p>Domenica a Budapest \u00e8 stato registrato un nuovo record di partecipazione alla 41\u00aa Mezza Maratona Wizz Air di Budapest, con oltre 24.000 iscritti. Oltre 24.000 persone si sono iscritte all\u2019evento, superando il precedente record registrato lo scorso anno. Tra i partecipanti figuravano corridori provenienti da 117 paesi, mentre i partecipanti ungheresi provenivano da circa 1.200 [&hellip;]<\/p>\n","protected":false},"author":91,"featured_media":793257,"comment_status":"open","ping_status":"open","sticky":false,"template":"","format":"standard","meta":{"_display_image":"","footnotes":""},"categories":[1268],"tags":[1158,2433,2557,2268,1069,1073,1175],"class_list":["post-793256","post","type-post","status-publish","format-standard","has-post-thumbnail","hentry","category-sport","tag-budapest","tag-categoria-salute","tag-categoria-vita-in-ungheria","tag-sport-allaria-aperta-2","tag-ungheria","tag-viaggi","tag-wizz-air"],"blocksy_meta":[],"author_username":"api","telegram_post":"","public_post_metadata":{"breaking_news":"yes","important":"no","csempe":"yes","center_tile":"no","disable_thumbnail":"no","target_lang":"","_featured_image_style":"","telegram_post":"","_xlat_group_id":"813ea952-86a4-473f-9126-1cd0722fcaad"},"public_rank_math_data":{"title":"%title% %sep% %sitename% Maratona di","description":"","focus_keyword":"","canonical_url":"","robots":"","primary_category":"1268","breadcrumb_title":"","facebook_title":"","facebook_description":"","facebook_image":"","facebook_image_id":"","twitter_title":"","twitter_description":"","twitter_image":"","twitter_image_id":"","twitter_card_type":"","twitter_use_facebook":"","advanced_robots":"","pillar_content":"","seo_score":"80","contentai_score":"","rich_snippet":""},"_links":{"self":[{"href":"https:\/\/dailynewshungary.com\/it\/wp-json\/wp\/v2\/posts\/793256","targetHints":{"allow":["GET"]}}],"collection":[{"href":"https:\/\/dailynewshungary.com\/it\/wp-json\/wp\/v2\/posts"}],"about":[{"href":"https:\/\/dailynewshungary.com\/it\/wp-json\/wp\/v2\/types\/post"}],"author":[{"embeddable":true,"href":"https:\/\/dailynewshungary.com\/it\/wp-json\/wp\/v2\/users\/91"}],"replies":[{"embeddable":true,"href":"https:\/\/dailynewshungary.com\/it\/wp-json\/wp\/v2\/comments?post=793256"}],"version-history":[{"count":0,"href":"https:\/\/dailynewshungary.com\/it\/wp-json\/wp\/v2\/posts\/793256\/revisions"}],"wp:featuredmedia":[{"embeddable":true,"href":"https:\/\/dailynewshungary.com\/it\/wp-json\/wp\/v2\/media\/793257"}],"wp:attachment":[{"href":"https:\/\/dailynewshungary.com\/it\/wp-json\/wp\/v2\/media?parent=793256"}],"wp:term":[{"taxonomy":"category","embeddable":true,"href":"https:\/\/dailynewshungary.com\/it\/wp-json\/wp\/v2\/categories?post=793256"},{"taxonomy":"post_tag","embeddable":true,"href":"https:\/\/dailynewshungary.com\/it\/wp-json\/wp\/v2\/tags?post=793256"}],"curies":[{"name":"wp","href":"https:\/\/api.w.org\/{rel}","templated":true}]}}