{"id":793258,"date":"2026-09-06T15:34:07","date_gmt":"2026-09-06T13:34:07","guid":{"rendered":"https:\/\/dailynewshungary.com\/it\/il-festival-del-cinema-coreano-torna-a-budapest-con-24-film-cacciatori-di-demoni-e-una-commedia-sugli-zombie\/"},"modified":"2026-09-06T15:34:07","modified_gmt":"2026-09-06T13:34:07","slug":"il-festival-del-cinema-coreano-torna-a-budapest-con-24-film-cacciatori-di-demoni-e-una-commedia-sugli-zombie","status":"publish","type":"post","link":"https:\/\/dailynewshungary.com\/it\/il-festival-del-cinema-coreano-torna-a-budapest-con-24-film-cacciatori-di-demoni-e-una-commedia-sugli-zombie\/","title":{"rendered":"Il Festival del Cinema Coreano torna a Budapest con 24 film, cacciatori di demoni e una commedia sugli zombie"},"content":{"rendered":"\n<p class=\"wp-block-paragraph\"><strong>Il cinema coreano torna a Budapest questo settembre con 24 lungometraggi, tre registi ospiti e un programma che spazia dal dramma storico all\u2019azione occulta e alla commedia sugli zombie.<\/strong><\/p>\n\n\n\n<p class=\"wp-block-paragraph\">La 19\u00aa edizione <a href=\"https:\/\/www.facebook.com\/events\/1761316554876921\" target=\"_blank\" rel=\"noopener\">del Festival del Cinema Coreano<\/a> si terr\u00e0 dal 25 settembre al 2 ottobre presso il Cinema Corvin di Budapest, offrendo al pubblico una visione pi\u00f9 ampia della produzione cinematografica sudcoreana, al di l\u00e0 di successi mondiali quali <em>*Parasite*<\/em> e <em>*Squid Game<\/em>*.<\/p>\n\n\n\n<p class=\"wp-block-paragraph\">Organizzato dal Centro Culturale Coreano, il festival di quest\u2019anno \u00e8 suddiviso in quattro sezioni \u2013 Fresh, Faces, Focus ed Extra \u2013 e prevede inoltre incontri post-proiezione con tre registi coreani.<\/p>\n\n\n\n<h2 class=\"wp-block-heading\">Da un re bambino ai cacciatori di demoni<\/h2>\n\n\n\n<p class=\"wp-block-paragraph\">Il festival si apre con il dramma storico di Chang Hang-jun,<em> *The King\u2019s Warden*<\/em>, ambientato nel XV secolo durante il regno di Joseon. La storia segue le vicende del capo di un povero villaggio di montagna a cui viene inaspettatamente affidato Yi Hong-wi, un giovane re costretto ad abbandonare il trono.<\/p>\n\n\n\n<blockquote class=\"wp-block-quote is-layout-flow wp-block-quote-is-layout-flow\">\n<p class=\"wp-block-paragraph\">Il programma, inoltre, passa rapidamente da un genere all\u2019altro. <em>*Heartman: Rock and Love*<\/em> mette un ex musicista faccia a faccia con il suo primo amore, mentre <em>*The Ugly*<\/em> ha inizio con il ritrovamento di resti umani dopo quattro decenni.<\/p>\n<\/blockquote>\n\n\n\n<p class=\"wp-block-paragraph\">All\u2019estremit\u00e0 pi\u00f9 spettacolare della gamma si colloca <em>*Holy Night: Demon Hunters*<\/em>, in cui tre persone dotate di poteri soprannaturali tentano di salvare Seul da un\u2019organizzazione criminale dedita al culto del diavolo.<\/p><figure class=\"wp-block-image aligncenter size-full is-resized\"><figcaption class=\"wp-element-caption\">\n<\/figcaption><\/figure>\n\n<figure class=\"wp-block-image aligncenter size-full is-resized\"><figcaption class=\"wp-element-caption\">\n<\/figcaption><img decoding=\"async\" src=\"https:\/\/dailynewshungary.b-cdn.net\/wp-content\/uploads\/2026\/09\/Demon_Hunters_11zon.webp\" alt=\"Korean Film Festival Budapest Corvin Cinema\" class=\"wp-image-706096\" style=\"aspect-ratio:1.5009213244737283;width:481px;height:auto\"\/><\/figure>Una<figure class=\"wp-block-image aligncenter size-full is-resized\"><figcaption class=\"wp-element-caption\">scena tratta da <em>*Holy Night: Demon Hunters*<\/em>, uno dei momenti salienti del festival nel genere dell\u2019azione soprannaturale. Foto: Centro Culturale Coreano<\/figcaption><\/figure>\n\n\n\n<h2 class=\"wp-block-heading\">Un viaggio di 80 giorni da Gwangju a Budapest<\/h2>\n\n\n\n<p class=\"wp-block-paragraph\">Un film presenta un legame insolitamente diretto con l\u2019Ungheria.<\/p>\n\n\n\n<p class=\"wp-block-paragraph\"><em>\u201c3 Gen. Journey\u201d<\/em> segue le vicende di un nonno, un padre e due bambini che viaggiano in auto elettrica da Gwangju a Budapest nell\u2019arco di 80 giorni. Il film fa parte della selezione <em>\u201cFocus: On the Road\u201d<\/em> del festival, incentrata su viaggi che non sempre si concludono dove i protagonisti si aspettano.<\/p><figure class=\"wp-block-image aligncenter size-full is-resized\"><figcaption class=\"wp-element-caption\">\n<\/figcaption><\/figure>\n\n<figure class=\"wp-block-image aligncenter size-full is-resized\"><figcaption class=\"wp-element-caption\">\n<\/figcaption><img decoding=\"async\" src=\"https:\/\/dailynewshungary.b-cdn.net\/wp-content\/uploads\/2026\/09\/3-generacio-utazasa_-Elektromos-autoval-a-vilag-korul_.webp\" alt=\"Korean Film Festival Budapest Corvin Cinema\" class=\"wp-image-706094\" style=\"aspect-ratio:1.7001897533206831;width:564px;height:auto\"\/><figcaption class=\"wp-element-caption\">In \u201c3 Gen. Journey\u201d tre generazioni intraprendono un viaggio di 80 giorni in auto elettrica da Gwangju a Budapest. Foto: Centro Culturale Coreano<\/figcaption><\/figure>\n\n\n\n<p class=\"wp-block-paragraph\">Il pubblico di Budapest avr\u00e0 inoltre l\u2019opportunit\u00e0 di incontrare di persona i registi coreani. Song Jinuk e Jang Kunjae parteciperanno agli eventi CineTalk il 26 settembre, seguiti da Lee Seonyeon il 27 settembre. Le discussioni si terranno in ungherese e coreano.<\/p><figure class=\"wp-block-image aligncenter size-full is-resized\"><figcaption class=\"wp-element-caption\">\n<\/figcaption><\/figure>\n\n<figure class=\"wp-block-image aligncenter size-full is-resized\"><figcaption class=\"wp-element-caption\">\n<\/figcaption><img decoding=\"async\" src=\"https:\/\/dailynewshungary.b-cdn.net\/wp-content\/uploads\/2026\/09\/Utazas-Kjongdzsuba.webp\" alt=\"Korean Film Festival Budapest Corvin Cinema\" class=\"wp-image-706093\" style=\"aspect-ratio:1.5007118331798006;width:521px;height:auto\"\/><\/figure>Una<figure class=\"wp-block-image aligncenter size-full is-resized\"><figcaption class=\"wp-element-caption\">scena tratta da <em>*Journey to Gyeongju*<\/em>, parte della selezione \u201cOn the Road\u201d del festival. Foto: Centro Culturale Coreano<\/figcaption><\/figure>\n\n\n\n<h2 class=\"wp-block-heading\">Il cinema indipendente coreano \u00e8 sotto i riflettori<\/h2>\n\n\n\n<p class=\"wp-block-paragraph\">La sezione Extra del festival presenter\u00e0 cinque film selezionati in collaborazione con il suo partner ufficiale, il Festival Internazionale del Cinema di Jeonju.<\/p>\n\n\n\n<blockquote class=\"wp-block-quote is-layout-flow wp-block-quote-is-layout-flow\">\n<p class=\"wp-block-paragraph\">La selezione esplora le relazioni, l\u2019insicurezza economica, i legami familiari e i traumi storici. Tra i titoli pi\u00f9 insoliti figura il documentario <em>*Horoomon*<\/em>, che utilizza la storia di un piatto giapponese molto popolare per esplorare l\u2019identit\u00e0 e l\u2019emarginazione vissute dalla minoranza coreana in Giappone.<\/p>\n<\/blockquote>\n\n\n\n<h2 class=\"wp-block-heading\">E infine, una figlia zombie<\/h2>\n\n\n\n<p class=\"wp-block-paragraph\">Il festival si conclude il 2 ottobre con la commedia *Mia figlia \u00e8 uno zombie*. Tratto da un popolare webtoon, il film racconta la storia di un padre che rifiuta di abbandonare la figlia dopo che questa si \u00e8 trasformata in uno zombie. La nasconde in campagna insieme alla nonna e cerca di insegnarle a comportarsi di nuovo come un essere umano.<\/p><figure class=\"wp-block-image aligncenter size-large is-resized\"><figcaption class=\"wp-element-caption\">\n<\/figcaption><\/figure>\n\n<figure class=\"wp-block-image aligncenter size-large is-resized\"><figcaption class=\"wp-element-caption\">\n<\/figcaption><img decoding=\"async\" src=\"https:\/\/dailynewshungary.b-cdn.net\/wp-content\/uploads\/2026\/09\/Lanyom-a-zombi-1280x853.webp\" alt=\"Korean Film Festival Budapest Corvin Cinema\" class=\"wp-image-706097\" style=\"aspect-ratio:1.5006280530355898;width:524px;height:auto\"\/><\/figure>Una<figure class=\"wp-block-image aligncenter size-large is-resized\"><figcaption class=\"wp-element-caption\">scena tratta da *My Daughter is a Zombie*, il film di chiusura del 19\u00b0 Festival del Cinema Coreano di Budapest. Foto: Centro Culturale Coreano<\/figcaption><\/figure>\n\n\n\n<p class=\"wp-block-paragraph\">Nonostante la premessa soprannaturale, il film \u00e8 in definitiva incentrato sul rapporto tra padre e figlia.<\/p>\n\n\n\n<p class=\"wp-block-paragraph\">Il Festival si terr\u00e0 al Corvin Cinema di Budapest dal 25 settembre al 2 ottobre 2026.<\/p>\n\n\n\n<ul class=\"wp-block-list\">\n<li>Sede: Corvin Cinema, 1082 Budapest, Corvin k\u00f6z 1.<\/li>\n\n\n\n<li>Biglietti: disponibili a partire dal 10 settembre, sia online tramite il sito del Corvin Cinema sia presso la biglietteria del cinema<\/li>\n\n\n\n<li>Programma e ulteriori informazioni: koreaifilmfesztival.hu<\/li>\n\n\n\n<li>Evento su Facebook: disponibile sulla <a href=\"https:\/\/www.facebook.com\/events\/1761316554876921\" target=\"_blank\" rel=\"noopener\"><strong>pagina ufficiale dell\u2019evento<\/strong><\/a> del festival<\/li>\n<\/ul>\n\n\n\n<p class=\"has-pale-ocean-gradient-background has-background wp-block-paragraph\"><strong>Per saperne di pi\u00f9:<\/strong> <a href=\"https:\/\/dailynewshungary.com\/it\/top-10-hollywood-film-icons-with-hungarian-roots\/\/\">Le 10 icone cinematografiche di Hollywood con radici ungheresi<\/a><\/p>\n","protected":false},"excerpt":{"rendered":"<p>Il cinema coreano torna a Budapest questo settembre con 24 lungometraggi, tre registi ospiti e un programma che spazia dal dramma storico all\u2019azione occulta e alla commedia sugli zombie. La 19\u00aa edizione del Festival del Cinema Coreano si terr\u00e0 dal 25 settembre al 2 ottobre presso il Cinema Corvin di Budapest, offrendo al pubblico una [&hellip;]<\/p>\n","protected":false},"author":91,"featured_media":793259,"comment_status":"open","ping_status":"open","sticky":false,"template":"","format":"standard","meta":{"_display_image":"","footnotes":""},"categories":[2422],"tags":[1256,1158,2449,2446,2438,2660,1284],"class_list":["post-793258","post","type-post","status-publish","format-standard","has-post-thumbnail","hentry","category-film","tag-arte","tag-budapest","tag-categoria-budapest","tag-categoria-culture","tag-categoria-eventi-in-ungheria","tag-categoria-vita-quotidiana","tag-film"],"blocksy_meta":[],"author_username":"api","telegram_post":"","public_post_metadata":{"breaking_news":"yes","important":"no","csempe":"yes","center_tile":"no","disable_thumbnail":"no","target_lang":"","_featured_image_style":"","telegram_post":"","_xlat_group_id":"0c5ebb14-bd91-4208-b5a1-0e4b6523fb2b"},"public_rank_math_data":{"title":"%title% %sep% %sitename%","description":"","focus_keyword":"coreano","canonical_url":"","robots":"","primary_category":"2422","breadcrumb_title":"","facebook_title":"","facebook_description":"","facebook_image":"","facebook_image_id":"","twitter_title":"","twitter_description":"","twitter_image":"","twitter_image_id":"","twitter_card_type":"","twitter_use_facebook":"","advanced_robots":"","pillar_content":"","seo_score":"81","contentai_score":"","rich_snippet":""},"_links":{"self":[{"href":"https:\/\/dailynewshungary.com\/it\/wp-json\/wp\/v2\/posts\/793258","targetHints":{"allow":["GET"]}}],"collection":[{"href":"https:\/\/dailynewshungary.com\/it\/wp-json\/wp\/v2\/posts"}],"about":[{"href":"https:\/\/dailynewshungary.com\/it\/wp-json\/wp\/v2\/types\/post"}],"author":[{"embeddable":true,"href":"https:\/\/dailynewshungary.com\/it\/wp-json\/wp\/v2\/users\/91"}],"replies":[{"embeddable":true,"href":"https:\/\/dailynewshungary.com\/it\/wp-json\/wp\/v2\/comments?post=793258"}],"version-history":[{"count":0,"href":"https:\/\/dailynewshungary.com\/it\/wp-json\/wp\/v2\/posts\/793258\/revisions"}],"wp:featuredmedia":[{"embeddable":true,"href":"https:\/\/dailynewshungary.com\/it\/wp-json\/wp\/v2\/media\/793259"}],"wp:attachment":[{"href":"https:\/\/dailynewshungary.com\/it\/wp-json\/wp\/v2\/media?parent=793258"}],"wp:term":[{"taxonomy":"category","embeddable":true,"href":"https:\/\/dailynewshungary.com\/it\/wp-json\/wp\/v2\/categories?post=793258"},{"taxonomy":"post_tag","embeddable":true,"href":"https:\/\/dailynewshungary.com\/it\/wp-json\/wp\/v2\/tags?post=793258"}],"curies":[{"name":"wp","href":"https:\/\/api.w.org\/{rel}","templated":true}]}}