{"id":793260,"date":"2026-09-06T16:54:00","date_gmt":"2026-09-06T14:54:00","guid":{"rendered":"https:\/\/dailynewshungary.com\/it\/lungheria-aprira-un-terzo-corridoio-per-il-trasporto-merci-pesante-verso-la-serbia-grazie-a-un-importante-potenziamento-del-valico-di-frontiera\/"},"modified":"2026-09-06T16:54:00","modified_gmt":"2026-09-06T14:54:00","slug":"lungheria-aprira-un-terzo-corridoio-per-il-trasporto-merci-pesante-verso-la-serbia-grazie-a-un-importante-potenziamento-del-valico-di-frontiera","status":"publish","type":"post","link":"https:\/\/dailynewshungary.com\/it\/lungheria-aprira-un-terzo-corridoio-per-il-trasporto-merci-pesante-verso-la-serbia-grazie-a-un-importante-potenziamento-del-valico-di-frontiera\/","title":{"rendered":"L\u2019Ungheria aprir\u00e0 un terzo corridoio per il trasporto merci pesante verso la Serbia grazie a un importante potenziamento del valico di frontiera"},"content":{"rendered":"\n<p class=\"wp-block-paragraph\"><strong>L\u2019Ungheria sta preparando un nuovo importante corridoio merci verso la Serbia: il valico di frontiera di Hercegsz\u00e1nt\u00f3\u2013Ba\u010dki Breg sar\u00e0 sottoposto a una completa ricostruzione che consentir\u00e0 agli autocarri pesanti di attraversarlo 24 ore su 24.<\/strong><\/p>\n\n\n\n<p class=\"wp-block-paragraph\">Il governo ungherese ha approvato la completa ricostruzione del valico di frontiera Hercegsz\u00e1nt\u00f3\u2013Ba\u010dki Breg, volta ad alleviare la congestione cronica a R\u00f6szke e a creare un nuovo percorso che colleghi la Serbia con l\u2019Ungheria meridionale e l\u2019autostrada M6, come <a href=\"https:\/\/www.facebook.com\/vitezydavid\/posts\/pfbid0FMFNSUtSaC1sT2mm8z3UKyk3oRVeqWcCXZrxAHYbYGuwj4yYsXyxDRaKULxiYXsjl\" target=\"_blank\" rel=\"noopener\">ha annunciato<\/a> domenica il ministro dei Trasporti e degli Investimenti, D\u00e1vid Vit\u00e9zy.<\/p>\n\n\n\n<blockquote class=\"wp-block-quote is-layout-flow wp-block-quote-is-layout-flow\">\n<p class=\"wp-block-paragraph\">Secondo il ministro, il Ministero dei Trasporti e degli Investimenti dovrebbe avviare la procedura di appalto pubblico per i lavori di costruzione nelle prossime settimane.<\/p>\n<\/blockquote>\n\n\n\n<p class=\"wp-block-paragraph\">Il progetto amplierebbe in modo significativo il ruolo di Hercegsz\u00e1nt\u00f3 nel traffico transfrontaliero. Attualmente, i mezzi pesanti internazionali possono attraversare il confine ungherese-serbo solo a R\u00f6szke e a Tompa, mentre a R\u00f6szke si registrano regolarmente code lunghe diversi chilometri. Vit\u00e9zy ha affermato che nei periodi di punta transitano per R\u00f6szke ben 30.000\u201340.000 veicoli al giorno.<\/p>\n\n\n\n<h2 class=\"wp-block-heading\">Nuovo percorso per gli autocarri pesanti tra l\u2019Ungheria e la Serbia<\/h2>\n\n\n\n<p class=\"wp-block-paragraph\">Una volta completata la ricostruzione, anche Hercegsz\u00e1nt\u00f3 sar\u00e0 in grado di gestire i mezzi pesanti. I progetti prevedono corsie separate per autocarri e autobus, una maggiore capacit\u00e0 per le autovetture, un\u2019area di sosta per circa 40\u201342 autocarri e strutture per pedoni e ciclisti. Il traffico merci pesante potr\u00e0 essere gestito in modo continuativo, 24 ore su 24.<\/p>\n\n\n\n<p class=\"wp-block-paragraph\">Vi \u00e8 un\u2019importante precisazione per i viaggiatori: Hercegsz\u00e1nt\u00f3\u2013Ba\u010dki Breg non \u00e8 un valico di frontiera completamente nuovo. L\u2019autorit\u00e0 fiscale e doganale ungherese lo indica attualmente come operativo 24 ore su 24 per il traffico internazionale di passeggeri e per i veicoli merci con un peso massimo consentito di 3,5 tonnellate. <\/p>\n\n\n\n<blockquote class=\"wp-block-quote is-layout-flow wp-block-quote-is-layout-flow\">\n<p class=\"wp-block-paragraph\">La ricostruzione trasformer\u00e0 quindi principalmente il valico esistente in un\u2019importante via di transito per il trasporto pesante.<\/p>\n<\/blockquote>\n\n\n\n<p class=\"wp-block-paragraph\">Vit\u00e9zy ha affermato che il progetto era gi\u00e0 stato approvato anni fa dal governo precedente, ma i lavori non sono proseguiti a causa della mancanza di finanziamenti. Secondo il ministro, i progetti e le autorizzazioni necessarie sono gi\u00e0 disponibili.<\/p>\n\n\n\n<p class=\"has-pale-ocean-gradient-background has-background wp-block-paragraph\"><strong>Se ve lo siete perso:<\/strong> <a href=\"https:\/\/dailynewshungary.com\/it\/i-prezzi-del-carburante-in-ungheria-affrontano-la-prima-prova-importante-mentre-il-petrolio-sale-e-il-governo-esclude-un-costoso-tetto-massimo\/\/\">i prezzi dei carburanti in Ungheria affrontano la prima prova importante mentre il petrolio sale e il governo esclude un costoso tetto massimo<\/a><\/p>\n\n\n\n<h2 class=\"wp-block-heading\">Il nuovo corridoio potrebbe alleggerire la pressione su R\u00f6szke e sulla M5<\/h2>\n\n\n\n<p class=\"wp-block-paragraph\">Secondo Vit\u00e9zy, il valico potenziato potrebbe, a lungo termine, creare un nuovo corridoio di trasporto che colleghi la Vojvodina con l\u2019Ungheria meridionale e l\u2019autostrada M6 attraverso il nuovo ponte di Moh\u00e1cs. A lungo termine, il percorso potrebbe alleggerire il traffico a R\u00f6szke, nonch\u00e9 sulla trafficatissima autostrada M5 e sul tratto meridionale della tangenziale M0 di Budapest.<\/p>\n\n\n\n<p class=\"wp-block-paragraph\">Anche sul versante serbo del confine sono in corso lavori di sviluppo. La Serbia sta lavorando alla superstrada \u00abSmile of Vojvodina\u00bb, il cui primo tratto, lungo 22,8 chilometri, \u00e8 previsto tra Ba\u010dki Breg e Sombor. Il completamento di tale tratto \u00e8 previsto entro circa due anni, sebbene il progetto complessivo della superstrada richieder\u00e0 molto pi\u00f9 tempo.<\/p><figure class=\"wp-block-image aligncenter size-large is-resized\"><figcaption class=\"wp-element-caption\">\n<\/figcaption><\/figure>\n\n<figure class=\"wp-block-image aligncenter size-large is-resized\"><figcaption class=\"wp-element-caption\">\n<\/figcaption><img loading=\"lazy\" decoding=\"async\" width=\"1024\" height=\"683\" src=\"https:\/\/dailynewshungary.b-cdn.net\/wp-content\/uploads\/2020\/01\/r\u00f6szke-serbia-hungary-border-1024x683.jpg\" alt=\"r\u00f6szke serbia hungary border\" class=\"wp-image-301960\" style=\"aspect-ratio:1.499330655957162;width:476px;height:auto\" srcset=\"https:\/\/contentf5.dailynewshungary.com\/wp-content\/uploads\/2020\/01\/r\u00f6szke-serbia-hungary-border-1024x683.jpg 1024w, https:\/\/contentf5.dailynewshungary.com\/wp-content\/uploads\/2020\/01\/r\u00f6szke-serbia-hungary-border-300x200.jpg 300w, https:\/\/contentf5.dailynewshungary.com\/wp-content\/uploads\/2020\/01\/r\u00f6szke-serbia-hungary-border-768x512.jpg 768w, https:\/\/contentf5.dailynewshungary.com\/wp-content\/uploads\/2020\/01\/r\u00f6szke-serbia-hungary-border-800x534.jpg 800w, https:\/\/contentf5.dailynewshungary.com\/wp-content\/uploads\/2020\/01\/r\u00f6szke-serbia-hungary-border-1160x774.jpg 1160w, https:\/\/contentf5.dailynewshungary.com\/wp-content\/uploads\/2020\/01\/r\u00f6szke-serbia-hungary-border.jpg 1280w\" sizes=\"auto, (max-width: 1024px) 100vw, 1024px\" \/><figcaption class=\"wp-element-caption\">Horgos\/R\u00f6szke. Foto: MTI<\/figcaption><\/figure>\n\n\n\n<p class=\"wp-block-paragraph\">La combinazione tra la superstrada serba, il valico di frontiera potenziato e i collegamenti migliorati verso la M6 potrebbe, a lungo termine, fornire un percorso alternativo nord-sud per il trasporto merci tra i Balcani e l\u2019Ungheria.<\/p>\n\n\n\n<h2 class=\"wp-block-heading\">Il governo ridimensiona parte del progetto relativo alla strada di collegamento<\/h2>\n\n\n\n<p class=\"wp-block-paragraph\">Il potenziamento del valico di frontiera rientra inoltre in un dibattito pi\u00f9 ampio sullo sviluppo della rete stradale nell\u2019area di Moh\u00e1cs.<\/p>\n\n\n\n<p class=\"wp-block-paragraph\">Vit\u00e9zy ha affermato che, anche con il nuovo collegamento serbo, le previsioni sul traffico non giustificano la realizzazione dell\u2019intero corridoio come strada a 2\u00d72 corsie. Ha sottolineato che la Serbia non \u00e8 membro dell\u2019Unione europea e che probabilmente rimarr\u00e0 fuori dall\u2019area Schengen per qualche tempo anche dopo un\u2019eventuale adesione all\u2019UE, il che significa che i controlli alle frontiere continuerebbero a limitare la capacit\u00e0 di traffico.<\/p>\n\n\n\n<blockquote class=\"wp-block-quote is-layout-flow wp-block-quote-is-layout-flow\">\n<p class=\"wp-block-paragraph\">Il governo prevede pertanto di riprogettare alcuni tratti del percorso tra la strada principale 51 e Moh\u00e1cs come strada a 2\u00d71 corsia, destinando i fondi risparmiati ad altri investimenti nei trasporti, alla ristrutturazione delle strade e al valico di frontiera stesso.<\/p>\n<\/blockquote>\n\n\n\n<p class=\"has-pale-ocean-gradient-background has-background wp-block-paragraph\"><strong>Per saperne di pi\u00f9:<\/strong> <a href=\"https:\/\/dailynewshungary.com\/it\/la-missione-di-pace-di-trump-ottiene-una-rara-risposta-positiva-da-mosca-dopo-un-cessate-il-fuoco-limitato\/\/\">La missione di pace di Trump ottiene una rara risposta positiva da Mosca dopo un cessate il fuoco limitato<\/a><\/p>\n","protected":false},"excerpt":{"rendered":"<p>L\u2019Ungheria sta preparando un nuovo importante corridoio merci verso la Serbia: il valico di frontiera di Hercegsz\u00e1nt\u00f3\u2013Ba\u010dki Breg sar\u00e0 sottoposto a una completa ricostruzione che consentir\u00e0 agli autocarri pesanti di attraversarlo 24 ore su 24. Il governo ungherese ha approvato la completa ricostruzione del valico di frontiera Hercegsz\u00e1nt\u00f3\u2013Ba\u010dki Breg, volta ad alleviare la congestione cronica [&hellip;]<\/p>\n","protected":false},"author":91,"featured_media":793261,"comment_status":"open","ping_status":"open","sticky":false,"template":"","format":"standard","meta":{"_display_image":"","footnotes":""},"categories":[2417],"tags":[2671,1317,1069,1073],"class_list":["post-793260","post","type-post","status-publish","format-standard","has-post-thumbnail","hentry","category-traffico","tag-categoria-vita-quotidiana-2","tag-serbia","tag-ungheria","tag-viaggi"],"blocksy_meta":[],"author_username":"api","telegram_post":"","public_post_metadata":{"breaking_news":"yes","important":"no","csempe":"yes","center_tile":"no","disable_thumbnail":"no","target_lang":"","_featured_image_style":"","telegram_post":"","_xlat_group_id":"e5aefd06-25dd-47bd-a286-4315a3e123ea"},"public_rank_math_data":{"title":"%title% %sep% %sitename%","description":"","focus_keyword":"Serbia","canonical_url":"","robots":"","primary_category":"2417","breadcrumb_title":"","facebook_title":"","facebook_description":"","facebook_image":"","facebook_image_id":"","twitter_title":"","twitter_description":"","twitter_image":"","twitter_image_id":"","twitter_card_type":"","twitter_use_facebook":"","advanced_robots":"","pillar_content":"","seo_score":"78","contentai_score":"","rich_snippet":""},"_links":{"self":[{"href":"https:\/\/dailynewshungary.com\/it\/wp-json\/wp\/v2\/posts\/793260","targetHints":{"allow":["GET"]}}],"collection":[{"href":"https:\/\/dailynewshungary.com\/it\/wp-json\/wp\/v2\/posts"}],"about":[{"href":"https:\/\/dailynewshungary.com\/it\/wp-json\/wp\/v2\/types\/post"}],"author":[{"embeddable":true,"href":"https:\/\/dailynewshungary.com\/it\/wp-json\/wp\/v2\/users\/91"}],"replies":[{"embeddable":true,"href":"https:\/\/dailynewshungary.com\/it\/wp-json\/wp\/v2\/comments?post=793260"}],"version-history":[{"count":0,"href":"https:\/\/dailynewshungary.com\/it\/wp-json\/wp\/v2\/posts\/793260\/revisions"}],"wp:featuredmedia":[{"embeddable":true,"href":"https:\/\/dailynewshungary.com\/it\/wp-json\/wp\/v2\/media\/793261"}],"wp:attachment":[{"href":"https:\/\/dailynewshungary.com\/it\/wp-json\/wp\/v2\/media?parent=793260"}],"wp:term":[{"taxonomy":"category","embeddable":true,"href":"https:\/\/dailynewshungary.com\/it\/wp-json\/wp\/v2\/categories?post=793260"},{"taxonomy":"post_tag","embeddable":true,"href":"https:\/\/dailynewshungary.com\/it\/wp-json\/wp\/v2\/tags?post=793260"}],"curies":[{"name":"wp","href":"https:\/\/api.w.org\/{rel}","templated":true}]}}