{"id":793262,"date":"2026-09-06T18:14:00","date_gmt":"2026-09-06T16:14:00","guid":{"rendered":"https:\/\/dailynewshungary.com\/it\/il-primo-ministro-magyar-fornisce-un-nuovo-aggiornamento-su-paks-mentre-procede-un-importante-intervento-sul-danubio\/"},"modified":"2026-09-06T18:14:00","modified_gmt":"2026-09-06T16:14:00","slug":"il-primo-ministro-magyar-fornisce-un-nuovo-aggiornamento-su-paks-mentre-procede-un-importante-intervento-sul-danubio","status":"publish","type":"post","link":"https:\/\/dailynewshungary.com\/it\/il-primo-ministro-magyar-fornisce-un-nuovo-aggiornamento-su-paks-mentre-procede-un-importante-intervento-sul-danubio\/","title":{"rendered":"Il primo ministro Magyar fornisce un nuovo aggiornamento su Paks mentre procede un importante intervento sul Danubio"},"content":{"rendered":"\n<p class=\"wp-block-paragraph\"><strong>Il Primo Ministro P\u00e9ter Magyar ha fornito un nuovo aggiornamento sui lavori di emergenza in corso nei pressi della centrale nucleare di Paks, in Ungheria, affermando che il progetto sta procedendo secondo i tempi previsti e che l\u2019impianto funziona in modo stabile. Le sue dichiarazioni giungono in un contesto di crescenti critiche relative all\u2019erosione del letto del fiume, alle autorizzazioni ambientali e al modo in cui il governo ha gestito uno dei progetti pi\u00f9 delicati per la sicurezza energetica dell\u2019Ungheria.<\/strong><\/p>\n\n\n\n<p class=\"wp-block-paragraph\">In un <a href=\"https:\/\/www.facebook.com\/peter.magyar.102\/posts\/pfbid0Ruv9ySx6jCkAB1aJccRtfpnrZqUro1hih4jDJK4UYhiMG3sEP6pAVpqDgAbp4jyNl\" target=\"_blank\" rel=\"noopener\">post<\/a> pubblicato su Facebook domenica sera, Magyar ha affermato che i lavori tra Paks e Dunaszentbenedek stanno procedendo come previsto e ha respinto le ipotesi secondo cui l\u2019intervento starebbe incontrando gravi difficolt\u00e0.<\/p>\n\n\n\n<blockquote class=\"wp-block-quote is-layout-flow wp-block-quote-is-layout-flow\">\n<p class=\"wp-block-paragraph\"><strong>\u00abNessuna delle notizie allarmistiche diffuse da giornalisti sensazionalisti \u00e8 vera\u00bb, ha scritto Magyar.<\/strong><\/p>\n<\/blockquote>\n\n\n\n<p class=\"wp-block-paragraph\">Secondo il primo ministro, l\u2019approfondimento dell\u2019alveo \u00e8 un processo previsto durante la costruzione della soglia di fondo, mentre gli specialisti continuano ad aggiungere materiale all\u2019alveo e a rafforzare la struttura protettiva. Magyar ha affermato che, nell\u2019ambito dei lavori, sono gi\u00e0 stati posizionati quasi 70.000 metri cubi di roccia.<\/p>\n\n\n\n<blockquote class=\"wp-block-quote is-layout-flow wp-block-quote-is-layout-flow\">\n<p class=\"wp-block-paragraph\">\u00abLa centrale nucleare di Paks funziona in modo regolare\u00bb, ha aggiunto.<\/p>\n<\/blockquote>\n\n\n\n<p class=\"wp-block-paragraph\">Ha inoltre affermato che la costruzione di un nuovo porto, promesso a Dunaszentbenedek sulla riva opposta del Danubio, sta procedendo bene. Sabato Magyar si era recato a Dunaszentbenedek, dove ha partecipato alla festa paesana locale e ha incontrato i residenti. \u00c8 tornato sulla questione di Paks con il post di domenica sera.<\/p>\n\n\n\n<h2 class=\"wp-block-heading\">Preoccupazioni sollevate in merito ai lavori sul Danubio<\/h2>\n\n\n\n<p class=\"wp-block-paragraph\">Le rassicurazioni di Magyar giungono dopo che recenti notizie avevano sollevato interrogativi sugli effetti dell\u2019intervento sul letto del Danubio.<\/p>\n\n\n\n<p class=\"wp-block-paragraph\">\u00c1tl\u00e1tsz\u00f3 ha riferito che il restringimento del fiume durante i lavori di costruzione ha accelerato la corrente intorno alla soglia di fondo non ancora completata, contribuendo a una significativa erosione in alcune parti del letto del fiume. I critici hanno messo in dubbio che l\u2019entit\u00e0 dei cambiamenti possa complicare il prosieguo del progetto.<\/p>\n\n\n\n<p class=\"has-pale-ocean-gradient-background has-background wp-block-paragraph\"><strong>Se ve lo siete perso: <\/strong><a href=\"https:\/\/dailynewshungary.com\/it\/la-nuova-barriera-sul-danubio-e-stata-completata-in-anticipo-rispetto-ai-tempi-previsti-mentre-paks-raggiunge-la-piena-capacita-operativa\/\/\">la nuova barriera sul Danubio \u00e8 stata completata in anticipo rispetto al programma, Paks raggiunge la piena capacit\u00e0<\/a><\/p>\n\n\n\n<p class=\"wp-block-paragraph\">Il governo ha respinto le insinuazioni secondo cui i lavori sarebbero fuori controllo. Magyar ha sostenuto che l\u2019aumento della velocit\u00e0 della corrente e un certo approfondimento del letto del fiume fossero conseguenze previste del restringimento del canale durante i lavori di costruzione e che gli ingegneri stiano continuamente rafforzando l\u2019area interessata.<\/p>\n\n\n\n<p class=\"wp-block-paragraph\">Sono state sollevate anche preoccupazioni di natura ambientale riguardo al progetto, in particolare in merito ai suoi possibili effetti a valle. Il governo, tuttavia, sostiene che l\u2019intervento venga effettuato nel rispetto dei requisiti ambientali e di tutela della natura.<\/p>\n\n\n\n<h2 class=\"wp-block-heading\">I lavori proseguono dopo il completamento della prima fase<\/h2>\n\n\n\n<p class=\"wp-block-paragraph\">L\u2019ultimo aggiornamento giunge a poco pi\u00f9 di una settimana dal completamento della prima fase della diga di fondo temporanea sul Danubio. All\u2019epoca, Magyar aveva dichiarato che erano stati utilizzati circa 43.000 metri cubi di roccia in soli 17 giorni, mentre la centrale nucleare di Paks era tornata a funzionare a pieno regime.<\/p>\n\n\n\n<blockquote class=\"wp-block-quote is-layout-flow wp-block-quote-is-layout-flow\">\n<p class=\"wp-block-paragraph\">I dati di domenica indicano che i lavori sono proseguiti a un ritmo considerevole. Magyar afferma ora che sono stati incorporati quasi 70.000 metri cubi di roccia nelle opere fluviali, mentre gli specialisti continuano a rinforzare il letto del fiume e la struttura stessa.<\/p>\n<\/blockquote>\n\n\n\n<p class=\"wp-block-paragraph\">Il primo ministro ha inoltre sottolineato che Paks sta funzionando in modo stabile, mentre sulla riva opposta procedono i lavori per il nuovo porto di Dunaszentbenedek.<\/p>\n\n\n\n<p class=\"wp-block-paragraph\">Il progetto rimane tuttavia oggetto di attento scrutinio per quanto riguarda le modifiche al letto del fiume e il relativo impatto ambientale. L\u2019ultimo messaggio di Magyar era rivolto proprio a tali preoccupazioni, insistendo sul fatto che l\u2019approfondimento del letto del fiume osservato era stato previsto e veniva affrontato nell\u2019ambito dei lavori di costruzione in corso.<\/p>\n\n\n\n<p class=\"has-pale-ocean-gradient-background has-background wp-block-paragraph\"><strong>Legga altri nostri articoli:<\/strong> <a href=\"https:\/\/dailynewshungary.com\/it\/lungheria-aprira-un-terzo-corridoio-per-il-trasporto-merci-pesante-verso-la-serbia-grazie-a-un-importante-potenziamento-del-valico-di-frontiera\/\/\">L\u2019Ungheria aprir\u00e0 una terza rotta per il trasporto di merci pesanti verso la Serbia grazie a un importante potenziamento del valico di frontiera<\/a><\/p>\n","protected":false},"excerpt":{"rendered":"<p>Il Primo Ministro P\u00e9ter Magyar ha fornito un nuovo aggiornamento sui lavori di emergenza in corso nei pressi della centrale nucleare di Paks, in Ungheria, affermando che il progetto sta procedendo secondo i tempi previsti e che l\u2019impianto funziona in modo stabile. Le sue dichiarazioni giungono in un contesto di crescenti critiche relative all\u2019erosione del [&hellip;]<\/p>\n","protected":false},"author":91,"featured_media":793263,"comment_status":"open","ping_status":"open","sticky":false,"template":"","format":"standard","meta":{"_display_image":"","footnotes":""},"categories":[2425],"tags":[2676,2616,1212,1069],"class_list":["post-793262","post","type-post","status-publish","format-standard","has-post-thumbnail","hentry","category-energia","tag-categoria-politica-ungherese-2","tag-governo-magiaro","tag-progetto-paks","tag-ungheria"],"blocksy_meta":[],"author_username":"api","telegram_post":"","public_post_metadata":{"breaking_news":"yes","important":"no","csempe":"yes","center_tile":"no","disable_thumbnail":"no","target_lang":"","_featured_image_style":"","telegram_post":"","_xlat_group_id":"79722199-94f4-405a-a7bf-42c1f3d564c7"},"public_rank_math_data":{"title":"%title% %sep% %sitename%","description":"","focus_keyword":"Magyar","canonical_url":"","robots":"","primary_category":"2425","breadcrumb_title":"","facebook_title":"","facebook_description":"","facebook_image":"","facebook_image_id":"","twitter_title":"","twitter_description":"","twitter_image":"","twitter_image_id":"","twitter_card_type":"","twitter_use_facebook":"","advanced_robots":"","pillar_content":"","seo_score":"77","contentai_score":"","rich_snippet":""},"_links":{"self":[{"href":"https:\/\/dailynewshungary.com\/it\/wp-json\/wp\/v2\/posts\/793262","targetHints":{"allow":["GET"]}}],"collection":[{"href":"https:\/\/dailynewshungary.com\/it\/wp-json\/wp\/v2\/posts"}],"about":[{"href":"https:\/\/dailynewshungary.com\/it\/wp-json\/wp\/v2\/types\/post"}],"author":[{"embeddable":true,"href":"https:\/\/dailynewshungary.com\/it\/wp-json\/wp\/v2\/users\/91"}],"replies":[{"embeddable":true,"href":"https:\/\/dailynewshungary.com\/it\/wp-json\/wp\/v2\/comments?post=793262"}],"version-history":[{"count":0,"href":"https:\/\/dailynewshungary.com\/it\/wp-json\/wp\/v2\/posts\/793262\/revisions"}],"wp:featuredmedia":[{"embeddable":true,"href":"https:\/\/dailynewshungary.com\/it\/wp-json\/wp\/v2\/media\/793263"}],"wp:attachment":[{"href":"https:\/\/dailynewshungary.com\/it\/wp-json\/wp\/v2\/media?parent=793262"}],"wp:term":[{"taxonomy":"category","embeddable":true,"href":"https:\/\/dailynewshungary.com\/it\/wp-json\/wp\/v2\/categories?post=793262"},{"taxonomy":"post_tag","embeddable":true,"href":"https:\/\/dailynewshungary.com\/it\/wp-json\/wp\/v2\/tags?post=793262"}],"curies":[{"name":"wp","href":"https:\/\/api.w.org\/{rel}","templated":true}]}}